{"id":16812,"date":"2025-06-14T09:30:47","date_gmt":"2025-06-14T08:30:47","guid":{"rendered":"http:\/\/www.sportingcanal.com\/?p=16812"},"modified":"2025-06-16T15:43:05","modified_gmt":"2025-06-16T14:43:05","slug":"judo-sporting-3-univ-lusofona-2-tetra-campeoes-nacionais","status":"publish","type":"post","link":"https:\/\/www.sportingcanal.com\/?p=16812","title":{"rendered":"2014 \u2013 Tetracampe\u00f5es nacionais de Judo na despedida de Jo\u00e3o Pina!"},"content":{"rendered":"<p>14 de Junho de 2014. No Pavilh\u00e3o do Feij\u00f3, em Almada, decorreu o Campeonato Nacional de Judo. O Sporting alcan\u00e7ou o tetracampeonato e Jo\u00e3o Pina, a grande figura da Hist\u00f3ria da modalidade no clube, despediu-se da competi\u00e7\u00e3o<\/p>\n<p>Pina (81 kg) soube conter as emo\u00e7\u00f5es e vencer (ippon) ontem o seu \u00faltimo combate frente a Tom\u00e1s Costa, abrindo caminho para o triunfo na final (3-2) do Sporting frente \u00e0 Universidade Lus\u00f3fona. Houve ent\u00e3o uma \u201cexplos\u00e3o de alegria\u201d com o p\u00fablico a ovacionar freneticamente o atleta ol\u00edmpico (7\u00ba em Atenas 2004) e bicampe\u00e3o europeu (2010 e 2011), que aos 32 anos abandonou uma carreira de 16 ao mais alto n\u00edvel: \u201cFoi a despedida da melhor forma, ao contribuir para a vit\u00f3ria do Sporting, num combate duro, mas estava muito concentrado, tendo de me aplicar. Fica alguma frustra\u00e7\u00e3o, pois gostaria de continuar, mas as les\u00f5es s\u00e3o mais que muitas. Mesmo que me apurasse para os Jogos Ol\u00edmpicos de 2016 dificilmente teria capacidade para lutar pelo p\u00f3dio. Foram muitos anos a dar o m\u00e1ximo\u201d. Na despedida, Jo\u00e3o Pina tamb\u00e9m falou da sua nova tarefa, como selecionador nacional de cadetes: \u201cAcho que vou fazer um bom trabalho, transmitindo aos jovens a minha experi\u00eancia. Espero que ganhem o dobro das medalhas que eu ganhei.\u201d<\/p>\n<p>O triunfo de Pina na final dos le\u00f5es foi complementado com as vit\u00f3rias do luso-moldavo Sergiu Oleinic (66 kg) e de Jorge Fonseca (+81 kg), que superaram (ippon), respetivamente, Pedro Guarinho e Hugo Silva. Pelos universit\u00e1rios ganharam Miguel Galhardas (60 kg) e Lu\u00eds Carmo (73 kg), ao baterem Manuel Sousa e Jo\u00e3o Rodrigues, enquanto o Lisboa Gin\u00e1sio e as Oficinas de S\u00e3o Jos\u00e9 dividiram o bronze.<br \/>\nPedro Soares, treinador sportinguista, tamb\u00e9m se emocionou: \u201cO Sporting vai homenagear Jo\u00e3o Pina, que fecha um ciclo como capit\u00e3o da equipa tetracampe\u00e3. Ele foi uma grande aposta minha no clube e o projeto vingou com a ajuda dele. \u00c9 uma figura incontorn\u00e1vel na hist\u00f3ria do Sporting e da Sele\u00e7\u00e3o Nacional. Agora, estamos a colher os frutos. N\u00e3o vamos \u00e0 Liga dos Campe\u00f5es, mas temos de aceitar a nova pol\u00edtica do clube, que aplicou cortes financeiros transversais a todas as modalidades.\u201d<\/p>\n<div class=\"tweetthis\" style=\"text-align:left;\"><p> <a target=\"_blank\" rel=\"nofollow\" class=\"tt\" href=\"http:\/\/twitter.com\/home\/?status=2014+%E2%80%93+Tetracampe%C3%B5es+nacionais+de+Judo+na+despedida+de+Jo%C3%A3o+Pina%21+https%3A%2F%2Fis.gd%2FynHyQ4\" title=\"Post to Twitter\"><img decoding=\"async\" class=\"nothumb\" src=\"http:\/\/www.sportingcanal.com\/wp-content\/plugins\/tweet-this\/icons\/en\/twitter\/tt-twitter6.png\" alt=\"Post to Twitter\" \/><\/a><\/p><\/div>","protected":false},"excerpt":{"rendered":"<p>14 de Junho de 2014. No Pavilh\u00e3o do Feij\u00f3, em Almada, decorreu o Campeonato Nacional de Judo. O Sporting alcan\u00e7ou o tetracampeonato e Jo\u00e3o Pina, a grande figura da Hist\u00f3ria da modalidade no clube, despediu-se da competi\u00e7\u00e3o Pina (81 kg) soube conter as emo\u00e7\u00f5es e vencer (ippon) ontem o seu \u00faltimo combate frente a Tom\u00e1s [&hellip;]<\/p>\n","protected":false},"author":1,"featured_media":37986,"comment_status":"open","ping_status":"closed","sticky":false,"template":"","format":"standard","meta":{"_et_pb_use_builder":"","_et_pb_old_content":"","_et_gb_content_width":"","footnotes":""},"categories":[17],"tags":[22,81],"_links":{"self":[{"href":"https:\/\/www.sportingcanal.com\/index.php?rest_route=\/wp\/v2\/posts\/16812"}],"collection":[{"href":"https:\/\/www.sportingcanal.com\/index.php?rest_route=\/wp\/v2\/posts"}],"about":[{"href":"https:\/\/www.sportingcanal.com\/index.php?rest_route=\/wp\/v2\/types\/post"}],"author":[{"embeddable":true,"href":"https:\/\/www.sportingcanal.com\/index.php?rest_route=\/wp\/v2\/users\/1"}],"replies":[{"embeddable":true,"href":"https:\/\/www.sportingcanal.com\/index.php?rest_route=%2Fwp%2Fv2%2Fcomments&post=16812"}],"version-history":[{"count":15,"href":"https:\/\/www.sportingcanal.com\/index.php?rest_route=\/wp\/v2\/posts\/16812\/revisions"}],"predecessor-version":[{"id":37987,"href":"https:\/\/www.sportingcanal.com\/index.php?rest_route=\/wp\/v2\/posts\/16812\/revisions\/37987"}],"wp:featuredmedia":[{"embeddable":true,"href":"https:\/\/www.sportingcanal.com\/index.php?rest_route=\/wp\/v2\/media\/37986"}],"wp:attachment":[{"href":"https:\/\/www.sportingcanal.com\/index.php?rest_route=%2Fwp%2Fv2%2Fmedia&parent=16812"}],"wp:term":[{"taxonomy":"category","embeddable":true,"href":"https:\/\/www.sportingcanal.com\/index.php?rest_route=%2Fwp%2Fv2%2Fcategories&post=16812"},{"taxonomy":"post_tag","embeddable":true,"href":"https:\/\/www.sportingcanal.com\/index.php?rest_route=%2Fwp%2Fv2%2Ftags&post=16812"}],"curies":[{"name":"wp","href":"https:\/\/api.w.org\/{rel}","templated":true}]}}