{"id":17431,"date":"2025-07-17T08:00:23","date_gmt":"2025-07-17T07:00:23","guid":{"rendered":"http:\/\/www.sportingcanal.com\/?p=17431"},"modified":"2025-07-20T19:11:24","modified_gmt":"2025-07-20T18:11:24","slug":"alfredo-perdigao","status":"publish","type":"post","link":"https:\/\/www.sportingcanal.com\/?p=17431","title":{"rendered":"Alfredo Perdig\u00e3o"},"content":{"rendered":"<p>Alfredo Dias Perdig\u00e3o Pereira nasceu a 17 de Julho de 1893 em Lisboa. Forte de complei\u00e7\u00e3o, \u201crude\u201d (segundo a imprensa da \u00e9poca) mas extremamente leal e correto, jogador viril e en\u00e9rgico, distinguiu-se (sobretudo como avan\u00e7ado-centro) na equipa principal do Sporting. J\u00e1 revelara antes as suas qualidades no Grupo Sport Cruz Quebrada, tendo-se iniciado no Sporting no in\u00edcio da temporada 15\/16.<\/p>\n<p>A 14 de Maio da 1916 marcou um dos golos com que o Sporting derrotou o Benfica (2-1) na final da 1\u00aa Ta\u00e7a Amadora, uma competi\u00e7\u00e3o muito mediatizada.<\/p>\n<p>Foi sempre um dos melhores marcadores da equipa, tendo atingido o ponto alto da sua perman\u00eancia no clube de Alvalade na fase decisiva do Regional de 18\/19 ao marcar em ambas as partidas da final\u00edssima frente ao Benfica (1-0 e 2-1) que possibilitaram aos le\u00f5es a conquista do seu 2\u00ba Campeonato Regional (a competi\u00e7\u00e3o mais importante \u00e0 \u00e9poca). 1921\/22 foi a sua \u00faltima temporada como futebolista verde e branco, que coincidiu com a conquista do 3\u00ba Regional para o clube, mas a\u00ed j\u00e1 n\u00e3o fazia parte das primeiras escolhas.<\/p>\n<p>Mais tarde pertenceu aos corpos gerentes do clube (integrou as direc\u00e7\u00f5es de Soares J\u00fanior e M\u00e1rio Pistacchini) e desempenhou com igual compet\u00eancia e dedica\u00e7\u00e3o alguns cargos t\u00e9cnicos &#8211; enquanto jogador chegou a ser aquilo que de mais parecido havia na altura com o treinador da equipa (numa altura em que essa figura ainda n\u00e3o estava \u201cinstitucionalizada\u201d, sobretudo na temporada 1918\/19 \u2013 a tal em que foi decisivo na conquista do Regional).<\/p>\n<p>Tinha o n\u00ba 34 de associado e pertencia ao Conselho Geral do clube quando morreu, em 1948.<\/p>\n<div class=\"tweetthis\" style=\"text-align:left;\"><p> <a target=\"_blank\" rel=\"nofollow\" class=\"tt\" href=\"http:\/\/twitter.com\/home\/?status=Alfredo+Perdig%C3%A3o+https%3A%2F%2Fis.gd%2FYT10Dv\" title=\"Post to Twitter\"><img decoding=\"async\" class=\"nothumb\" src=\"http:\/\/www.sportingcanal.com\/wp-content\/plugins\/tweet-this\/icons\/en\/twitter\/tt-twitter6.png\" alt=\"Post to Twitter\" \/><\/a><\/p><\/div>","protected":false},"excerpt":{"rendered":"<p>Alfredo Dias Perdig\u00e3o Pereira nasceu a 17 de Julho de 1893 em Lisboa. Forte de complei\u00e7\u00e3o, \u201crude\u201d (segundo a imprensa da \u00e9poca) mas extremamente leal e correto, jogador viril e en\u00e9rgico, distinguiu-se (sobretudo como avan\u00e7ado-centro) na equipa principal do Sporting. J\u00e1 revelara antes as suas qualidades no Grupo Sport Cruz Quebrada, tendo-se iniciado no Sporting [&hellip;]<\/p>\n","protected":false},"author":1,"featured_media":38287,"comment_status":"open","ping_status":"closed","sticky":false,"template":"","format":"standard","meta":{"_et_pb_use_builder":"","_et_pb_old_content":"","_et_gb_content_width":"","footnotes":""},"categories":[13],"tags":[66,8],"_links":{"self":[{"href":"https:\/\/www.sportingcanal.com\/index.php?rest_route=\/wp\/v2\/posts\/17431"}],"collection":[{"href":"https:\/\/www.sportingcanal.com\/index.php?rest_route=\/wp\/v2\/posts"}],"about":[{"href":"https:\/\/www.sportingcanal.com\/index.php?rest_route=\/wp\/v2\/types\/post"}],"author":[{"embeddable":true,"href":"https:\/\/www.sportingcanal.com\/index.php?rest_route=\/wp\/v2\/users\/1"}],"replies":[{"embeddable":true,"href":"https:\/\/www.sportingcanal.com\/index.php?rest_route=%2Fwp%2Fv2%2Fcomments&post=17431"}],"version-history":[{"count":16,"href":"https:\/\/www.sportingcanal.com\/index.php?rest_route=\/wp\/v2\/posts\/17431\/revisions"}],"predecessor-version":[{"id":38288,"href":"https:\/\/www.sportingcanal.com\/index.php?rest_route=\/wp\/v2\/posts\/17431\/revisions\/38288"}],"wp:featuredmedia":[{"embeddable":true,"href":"https:\/\/www.sportingcanal.com\/index.php?rest_route=\/wp\/v2\/media\/38287"}],"wp:attachment":[{"href":"https:\/\/www.sportingcanal.com\/index.php?rest_route=%2Fwp%2Fv2%2Fmedia&parent=17431"}],"wp:term":[{"taxonomy":"category","embeddable":true,"href":"https:\/\/www.sportingcanal.com\/index.php?rest_route=%2Fwp%2Fv2%2Fcategories&post=17431"},{"taxonomy":"post_tag","embeddable":true,"href":"https:\/\/www.sportingcanal.com\/index.php?rest_route=%2Fwp%2Fv2%2Ftags&post=17431"}],"curies":[{"name":"wp","href":"https:\/\/api.w.org\/{rel}","templated":true}]}}