{"id":17935,"date":"2026-02-15T08:00:14","date_gmt":"2026-02-15T07:00:14","guid":{"rendered":"http:\/\/www.sportingcanal.com\/?p=17935"},"modified":"2026-02-16T23:42:32","modified_gmt":"2026-02-16T22:42:32","slug":"rui-patricio","status":"publish","type":"post","link":"https:\/\/www.sportingcanal.com\/?p=17935","title":{"rendered":"Rui Patr\u00edcio"},"content":{"rendered":"<p>Rui Pedro dos Santos Patr\u00edcio nasceu a 15 de Fevereiro de 1988 em Marrazes, alcunha que tinha nas camadas jovens do Sporting, onde se iniciou muito cedo. Foi campe\u00e3o nacional em Iniciados, Juvenis e Juniores e internacional em variad\u00edssimas ocasi\u00f5es.<\/p>\n<p>A 19 de Novembro de 2006 estreou-se oficialmente na equipa principal numa partida na Madeira frente ao Mar\u00edtimo para o Campeonato. Os le\u00f5es triunfaram por 1-0 (Rodrigo Tello) e o debutante defendeu uma grande penalidade \u2013 para estreia n\u00e3o podia ter sido melhor! Essa foi mesmo a sua \u00fanica presen\u00e7a na temporada (que fez quase toda nos juniores) \u2013 o \u201cdono da baliza\u201d leonina era Ricardo (\u00faltima \u00e9poca).<\/p>\n<p>No ano seguinte chegou Stojkovic, um guardi\u00e3o que se dizia dos melhores do mundo. O s\u00e9rvio at\u00e9 come\u00e7ou bem mas rapidamente se incompatibilizou com Paulo Bento, e foi Rui Patr\u00edcio, apesar da sua juventude, a assumir a baliza, somando 36 partidas oficiais e fazendo parte do grupo que venceu a Superta\u00e7a (onde alinhou Stojkovic) e a Ta\u00e7a de Portugal. Nesse ano de 2008 ganhou o Pr\u00e9mio Stromp na categoria \u201cRevela\u00e7\u00e3o\u201d. Foi chamado por Luiz Felipe Scolari para a fase final do Euro 2008, mas s\u00f3 a 17 de Novembro de 2010, num triunfo por 4-0 sobre a Espanha, se estreou na Sele\u00e7\u00e3o A (e tamb\u00e9m pela m\u00e3o de Paulo Bento). A partir da\u00ed foi durante v\u00e1rios anos o n\u00ba 1 de Portugal.<\/p>\n<p>Apesar de contestado inicialmente por alguns setores (mas sempre muito apoiado pelo treinador Paulo Bento), Rui Patr\u00edcio mostrou logo grandes potencialidades, e come\u00e7ou a adivinhar-se que poderia ver a ser um grand\u00edssimo guarda-redes. Da\u00ed para a frente, e durante v\u00e1rios anos foi \u201co guarda-redes do Sporting\u201d, dando muito poucas hip\u00f3teses aos seus colegas de posto.<\/p>\n<p>Em 2011 voltou a ser Pr\u00e9mio Stromp, agora na categoria \u201cFutebolista\u201d, o mesmo acontecendo em 2012, ano em que esteve no Europeu. Em 2012\/13 passou a ser um dos capit\u00e3es da equipa leonina. No Ver\u00e3o de 2014 esteve no Mundial do Brasil e 2 anos depois sagrou-se campe\u00e3o europeu e melhor guarda-redes da competi\u00e7\u00e3o na prova de sele\u00e7\u00f5es realizada em Fran\u00e7a.<\/p>\n<p>Foi &#8220;le\u00e3o&#8221; at\u00e9 2018, somando 467 jogos oficiais e 458 golos sofridos. Ganhou 3 Ta\u00e7as de Portugal,1 Ta\u00e7a da Liga e 3 Superta\u00e7as.<\/p>\n<p>Esteve muito perto de ser campe\u00e3o no Sporting, mas esse \u00e9 um t\u00edtulo que lhe faltou\u2026 Ainda assim, em \u00e9pocas melhores e outras piores em termos coletivos, Rui Patr\u00edcio foi quase sempre um garante de estabilidade nas balizas leoninas. Entre diversos atributos que fizeram dele um dos melhores guarda-redes do Mundo destacava-se na forma como \u201cenchia\u201d a baliza perante advers\u00e1rios isolados, pelos excelentes reflexos e tamb\u00e9m no talento para defender penaltis.<\/p>\n<p>Ano ap\u00f3s ano falava-se na sua eventual sa\u00edda para os clubes mais ricos da Europa, mas o Sporting ia conseguido segurar aquela que se tornou num determinado per\u00edodo a sua maior \u201cj\u00f3ia da coroa\u201d, uma guarda-redes na senda dos \u201cimortais\u201d Azevedo, Carlos Gomes ou V\u00edtor Damas.<\/p>\n<p>No defeso de 2018 saiu mesmo, mas duma forma completamente inesperada, pois rescindiu contrato unilateralmente ap\u00f3s o ataque \u00e0 Academia de Alcochete. Foi para um clube sem grandes ambi\u00e7\u00f5es, o Wolverhampton, onde deu boa conta de si, passando no Ver\u00e3o de 2021 para a AS Roma de Jos\u00e9 Mourinho e em 2024 para a Atalanta.<\/p>\n<div class=\"tweetthis\" style=\"text-align:left;\"><p> <a target=\"_blank\" rel=\"nofollow\" class=\"tt\" href=\"http:\/\/twitter.com\/home\/?status=Rui+Patr%C3%ADcio+https%3A%2F%2Fis.gd%2FWDNsfc\" title=\"Post to Twitter\"><img decoding=\"async\" class=\"nothumb\" src=\"http:\/\/www.sportingcanal.com\/wp-content\/plugins\/tweet-this\/icons\/en\/twitter\/tt-twitter6.png\" alt=\"Post to Twitter\" \/><\/a><\/p><\/div>","protected":false},"excerpt":{"rendered":"<p>Rui Pedro dos Santos Patr\u00edcio nasceu a 15 de Fevereiro de 1988 em Marrazes, alcunha que tinha nas camadas jovens do Sporting, onde se iniciou muito cedo. Foi campe\u00e3o nacional em Iniciados, Juvenis e Juniores e internacional em variad\u00edssimas ocasi\u00f5es. A 19 de Novembro de 2006 estreou-se oficialmente na equipa principal numa partida na Madeira [&hellip;]<\/p>\n","protected":false},"author":1,"featured_media":17936,"comment_status":"open","ping_status":"closed","sticky":false,"template":"","format":"standard","meta":{"_et_pb_use_builder":"","_et_pb_old_content":"","_et_gb_content_width":"","footnotes":""},"categories":[13],"tags":[8,52,207],"_links":{"self":[{"href":"https:\/\/www.sportingcanal.com\/index.php?rest_route=\/wp\/v2\/posts\/17935"}],"collection":[{"href":"https:\/\/www.sportingcanal.com\/index.php?rest_route=\/wp\/v2\/posts"}],"about":[{"href":"https:\/\/www.sportingcanal.com\/index.php?rest_route=\/wp\/v2\/types\/post"}],"author":[{"embeddable":true,"href":"https:\/\/www.sportingcanal.com\/index.php?rest_route=\/wp\/v2\/users\/1"}],"replies":[{"embeddable":true,"href":"https:\/\/www.sportingcanal.com\/index.php?rest_route=%2Fwp%2Fv2%2Fcomments&post=17935"}],"version-history":[{"count":22,"href":"https:\/\/www.sportingcanal.com\/index.php?rest_route=\/wp\/v2\/posts\/17935\/revisions"}],"predecessor-version":[{"id":39652,"href":"https:\/\/www.sportingcanal.com\/index.php?rest_route=\/wp\/v2\/posts\/17935\/revisions\/39652"}],"wp:featuredmedia":[{"embeddable":true,"href":"https:\/\/www.sportingcanal.com\/index.php?rest_route=\/wp\/v2\/media\/17936"}],"wp:attachment":[{"href":"https:\/\/www.sportingcanal.com\/index.php?rest_route=%2Fwp%2Fv2%2Fmedia&parent=17935"}],"wp:term":[{"taxonomy":"category","embeddable":true,"href":"https:\/\/www.sportingcanal.com\/index.php?rest_route=%2Fwp%2Fv2%2Fcategories&post=17935"},{"taxonomy":"post_tag","embeddable":true,"href":"https:\/\/www.sportingcanal.com\/index.php?rest_route=%2Fwp%2Fv2%2Ftags&post=17935"}],"curies":[{"name":"wp","href":"https:\/\/api.w.org\/{rel}","templated":true}]}}