{"id":184,"date":"2025-12-10T08:00:26","date_gmt":"2025-12-10T07:00:26","guid":{"rendered":"http:\/\/www.sportingcanal.com\/?p=184"},"modified":"2025-12-10T13:32:27","modified_gmt":"2025-12-10T12:32:27","slug":"paulo-alves","status":"publish","type":"post","link":"https:\/\/www.sportingcanal.com\/?p=184","title":{"rendered":"Paulo Alves \u2013 Elevado profissionalismo e combatividade"},"content":{"rendered":"<p>&nbsp;<\/p>\n<div id=\"_mcePaste\">\n<div id=\"_mcePaste\">\n<div id=\"_mcePaste\">\n<div id=\"_mcePaste\">\n<p class=\"MsoNormal\" style=\"margin-bottom: 0.0001pt; line-height: 14.25pt; background-position: initial initial; background-repeat: initial initial;\"><span style=\"font-size: 10pt;\">Paulo Louren\u00e7o Martins Alves nasceu a 10 de Dezembro de 1969 em Vila Real. Deu os primeiros passos no principal clube da sua regi\u00e3o de onde transitou para os juniores do FC Porto.<\/span><\/p>\n<p class=\"MsoNormal\" style=\"margin-bottom: 0.0001pt; line-height: 14.25pt; background-position: initial initial; background-repeat: initial initial;\"><span style=\"font-size: 10pt;\">Em 1989 foi campe\u00e3o do mundo de sub-20 em Riade com o treinador Carlos Queiroz. Na transi\u00e7\u00e3o para os seniores n\u00e3o ficou nas Antas, e passou por Gil Vicente, Tirsense, Sp. Braga e Mar\u00edtimo.<\/span><\/p>\n<p class=\"MsoNormal\" style=\"margin-bottom: 0.0001pt; line-height: 14.25pt; background-position: initial initial; background-repeat: initial initial;\"><span style=\"font-size: 10pt;\">Chegou ao Alvalade (proveniente da equipa insular e ap\u00f3s acesa luta com o Benfica) no in\u00edcio da temporada 1995\/96. Estreou-se oficialmente a 20 de Agosto numa derrota nas Antas por 2-1 na 1\u00aa jornada do Campeonato Nacional. Marcou pela 1\u00aa vez a 18 de Setembro numa goleada por 7-1 ao Campomaiorense.<\/span><\/p>\n<p class=\"MsoNormal\" style=\"margin-bottom: 0.0001pt; line-height: 14.25pt; background-position: initial initial; background-repeat: initial initial;\"><span style=\"font-size: 10pt;\">Reconhecido pelo seu elevado profissionalismo e combatividade, foi um dos melhores marcadores da equipa (a par de Pedro Barbosa e S\u00e1 Pinto) logo nessa 1\u00aa \u00e9poca, com 14 golos. Nas temporadas seguintes baixou os seus \u00edndices de efic\u00e1cia, mas sempre se mostrou um elemento v\u00e1lido, jogador de equipa, que a qualquer momento era chamado e normalmente acrescentando algo de positivo.<\/span><\/p>\n<p class=\"MsoNormal\" style=\"margin-bottom: 0.0001pt; line-height: 14.25pt; background-position: initial initial; background-repeat: initial initial;\"><span style=\"font-size: 10pt;\">O jogo mais memor\u00e1vel da carreira de Paulo Alves no Sporting foi o disputado a 10 de Abril de 1998 em Campomaior para o Campeonato. Nessa partida os le\u00f5es estiveram a perder por 3-1 mas acabaram por conseguir uma reviravolta espetacular (triunfando por 5-3), muito \u00e0 custa dos 3 golos do avan\u00e7ado leonino.<\/span><\/p>\n<p class=\"MsoNormal\" style=\"margin-bottom: 0.0001pt; line-height: 14.25pt; background-position: initial initial; background-repeat: initial initial;\"><span style=\"font-size: 10pt;\">A 17 de Maio do mesmo ano alinhou pela \u00faltima vez oficialmente de verde e branco &#8211; derrota em Braga na \u00faltima jornada do Campeonato por 2-0. Tinha feito o golo derradeiro 14 dias antes, num empate no Alvalade frente ao Rio Ave (2-2).<\/span><\/p>\n<p class=\"MsoNormal\" style=\"margin-bottom: 0.0001pt; line-height: 14.25pt; background-position: initial initial; background-repeat: initial initial;\"><span style=\"font-size: 10pt;\">Assim, totalizou 3 temporadas, 87 presen\u00e7as e 30 golos em jogos oficiais pelo Sporting, tendo conquistado uma Superta\u00e7a (95\/96).<\/span><\/p>\n<p class=\"MsoNormal\" style=\"margin-bottom: 0.0001pt; line-height: 14.25pt; background-position: initial initial; background-repeat: initial initial;\"><span style=\"font-size: 13.3333px;\">Como curiosidade refira-se que, ao fazer o 2\u00ba golo da vit\u00f3ria no Alvalade por 2-0 sobre o Rapid Viena, a 19 de Outubro de 1995, Paulo Alves apontou o \u00faltimo golo da Hist\u00f3ria do Sporting na extinta Ta\u00e7a das Ta\u00e7as.<\/span><\/p>\n<p class=\"MsoNormal\" style=\"margin-bottom: 0.0001pt; line-height: 14.25pt; background-position: initial initial; background-repeat: initial initial;\"><span style=\"font-size: 10pt;\">Depois jogou no Bastia, Uni\u00e3o de Leiria e Gil Vicente (clube onde terminou a carreira de futebolista e iniciou a de treinador).<\/span><\/p>\n<p class=\"MsoNormal\" style=\"margin-bottom: 0.0001pt; line-height: 14.25pt; background-position: initial initial; background-repeat: initial initial;\"><span style=\"font-size: 10pt;\">Foi 13 vezes internacional A com 7 golos marcados. Nas camadas jovens sagrou-se campe\u00e3o do mundo de sub-20 em 1989 &#8211; Riade.<\/span><\/p>\n<p class=\"MsoNormal\" style=\"margin-bottom: 0.0001pt; line-height: 14.25pt; background-position: initial initial; background-repeat: initial initial;\"><span style=\"font-size: 10pt;\">Como t\u00e9cnico j\u00e1 passou pelas sele\u00e7\u00f5es nacionais jovens e por v\u00e1rios clubes de 2\u00ba plano, com alguns belos trabalhos.<\/span><\/p>\n<p class=\"MsoNormal\" style=\"margin-bottom: 0.0001pt; line-height: 14.25pt; background-position: initial initial; background-repeat: initial initial;\"><span style=\"font-size: 10pt;\">\u00a0<\/span><\/p>\n<\/div>\n<\/div>\n<\/div>\n<\/div>\n<table border=\"1\" width=\"432\" cellspacing=\"0\" cellpadding=\"0\">\n<tbody>\n<tr>\n<td colspan=\"8\" valign=\"top\" width=\"432\"><strong>GOLOS de PAULO ALVES ao servi\u00e7o do SPORTING<\/strong><\/td>\n<\/tr>\n<tr>\n<td valign=\"top\" width=\"64\">\u00c9POCA<\/td>\n<td valign=\"top\" width=\"42\">LC<\/td>\n<td valign=\"top\" width=\"53\">TT<\/td>\n<td valign=\"top\" width=\"53\">TU<\/td>\n<td valign=\"top\" width=\"53\">CN<\/td>\n<td valign=\"top\" width=\"53\">TP<\/td>\n<td valign=\"top\" width=\"53\">ST<\/td>\n<td valign=\"top\" width=\"62\">TOTAL<\/td>\n<\/tr>\n<tr>\n<td valign=\"top\" width=\"64\">95\/96<\/td>\n<td valign=\"top\" width=\"42\">&#8211;<\/td>\n<td valign=\"top\" width=\"53\">1<\/td>\n<td valign=\"top\" width=\"53\">&#8211;<\/td>\n<td valign=\"top\" width=\"53\">10<\/td>\n<td valign=\"top\" width=\"53\">3<\/td>\n<td valign=\"top\" width=\"53\">0<\/td>\n<td valign=\"top\" width=\"62\">14<\/td>\n<\/tr>\n<tr>\n<td valign=\"top\" width=\"64\">96\/97<\/td>\n<td valign=\"top\" width=\"42\">&#8211;<\/td>\n<td valign=\"top\" width=\"53\">&#8211;<\/td>\n<td valign=\"top\" width=\"53\">0<\/td>\n<td valign=\"top\" width=\"53\">6<\/td>\n<td valign=\"top\" width=\"53\">4<\/td>\n<td valign=\"top\" width=\"53\">&#8211;<\/td>\n<td valign=\"top\" width=\"62\">10<\/td>\n<\/tr>\n<tr>\n<td valign=\"top\" width=\"64\">97\/98<\/td>\n<td valign=\"top\" width=\"42\">0<\/td>\n<td valign=\"top\" width=\"53\">&#8211;<\/td>\n<td valign=\"top\" width=\"53\">&#8211;<\/td>\n<td valign=\"top\" width=\"53\">6<\/td>\n<td valign=\"top\" width=\"53\">0<\/td>\n<td valign=\"top\" width=\"53\">&#8211;<\/td>\n<td valign=\"top\" width=\"62\">6<\/td>\n<\/tr>\n<tr>\n<td valign=\"top\" width=\"64\"><strong>Total<\/strong><\/td>\n<td valign=\"top\" width=\"42\"><strong>0<\/strong><\/td>\n<td valign=\"top\" width=\"53\"><strong>1<\/strong><\/td>\n<td valign=\"top\" width=\"53\"><strong>0<\/strong><\/td>\n<td valign=\"top\" width=\"53\"><strong>22<\/strong><\/td>\n<td valign=\"top\" width=\"53\"><strong>7<\/strong><\/td>\n<td valign=\"top\" width=\"53\"><strong>0<\/strong><\/td>\n<td valign=\"top\" width=\"62\"><strong>30<\/strong><\/td>\n<\/tr>\n<\/tbody>\n<\/table>\n<div class=\"tweetthis\" style=\"text-align:left;\"><p> <a target=\"_blank\" rel=\"nofollow\" class=\"tt\" href=\"http:\/\/twitter.com\/home\/?status=Paulo+Alves+%E2%80%93+Elevado+profissionalismo+e+combatividade+https%3A%2F%2Fis.gd%2FzCFghY\" title=\"Post to Twitter\"><img decoding=\"async\" class=\"nothumb\" src=\"http:\/\/www.sportingcanal.com\/wp-content\/plugins\/tweet-this\/icons\/en\/twitter\/tt-twitter6.png\" alt=\"Post to Twitter\" \/><\/a><\/p><\/div>","protected":false},"excerpt":{"rendered":"<p>&nbsp; Paulo Louren\u00e7o Martins Alves nasceu a 10 de Dezembro de 1969 em Vila Real. Deu os primeiros passos no principal clube da sua regi\u00e3o de onde transitou para os juniores do FC Porto. Em 1989 foi campe\u00e3o do mundo de sub-20 em Riade com o treinador Carlos Queiroz. Na transi\u00e7\u00e3o para os seniores n\u00e3o [&hellip;]<\/p>\n","protected":false},"author":1,"featured_media":185,"comment_status":"open","ping_status":"open","sticky":false,"template":"","format":"standard","meta":{"_et_pb_use_builder":"","_et_pb_old_content":"","_et_gb_content_width":"","footnotes":""},"categories":[63],"tags":[66,8],"_links":{"self":[{"href":"https:\/\/www.sportingcanal.com\/index.php?rest_route=\/wp\/v2\/posts\/184"}],"collection":[{"href":"https:\/\/www.sportingcanal.com\/index.php?rest_route=\/wp\/v2\/posts"}],"about":[{"href":"https:\/\/www.sportingcanal.com\/index.php?rest_route=\/wp\/v2\/types\/post"}],"author":[{"embeddable":true,"href":"https:\/\/www.sportingcanal.com\/index.php?rest_route=\/wp\/v2\/users\/1"}],"replies":[{"embeddable":true,"href":"https:\/\/www.sportingcanal.com\/index.php?rest_route=%2Fwp%2Fv2%2Fcomments&post=184"}],"version-history":[{"count":57,"href":"https:\/\/www.sportingcanal.com\/index.php?rest_route=\/wp\/v2\/posts\/184\/revisions"}],"predecessor-version":[{"id":39352,"href":"https:\/\/www.sportingcanal.com\/index.php?rest_route=\/wp\/v2\/posts\/184\/revisions\/39352"}],"wp:featuredmedia":[{"embeddable":true,"href":"https:\/\/www.sportingcanal.com\/index.php?rest_route=\/wp\/v2\/media\/185"}],"wp:attachment":[{"href":"https:\/\/www.sportingcanal.com\/index.php?rest_route=%2Fwp%2Fv2%2Fmedia&parent=184"}],"wp:term":[{"taxonomy":"category","embeddable":true,"href":"https:\/\/www.sportingcanal.com\/index.php?rest_route=%2Fwp%2Fv2%2Fcategories&post=184"},{"taxonomy":"post_tag","embeddable":true,"href":"https:\/\/www.sportingcanal.com\/index.php?rest_route=%2Fwp%2Fv2%2Ftags&post=184"}],"curies":[{"name":"wp","href":"https:\/\/api.w.org\/{rel}","templated":true}]}}