{"id":1931,"date":"2025-06-19T08:00:12","date_gmt":"2025-06-19T07:00:12","guid":{"rendered":"http:\/\/www.sportingcanal.com\/?p=1931"},"modified":"2025-06-19T17:24:42","modified_gmt":"2025-06-19T16:24:42","slug":"hilario","status":"publish","type":"post","link":"https:\/\/www.sportingcanal.com\/?p=1931","title":{"rendered":"Hil\u00e1rio"},"content":{"rendered":"<p>Hil\u00e1rio Ros\u00e1rio da Concei\u00e7\u00e3o nasceu a 19 de Junho de 1939 nos arredores de Louren\u00e7o Marques &#8211; Mo\u00e7ambique. A data do seu nascimento ainda hoje gera confus\u00e3o (na maior parte das &#8220;fontes&#8221; surge o m\u00eas de Mar\u00e7o). Esses desentendidos acontecem porque na altura em que nasceu era obrigat\u00f3rio os pais batizarem os filhos logo \u00e0 nascen\u00e7a. Como os pais do pequeno Hil\u00e1rio s\u00f3 o fizeram mais tarde, acabaram por ter de &#8220;mentir&#8221; e registaram o menino como tendo nascido a 19 de Mar\u00e7o&#8230;<\/p>\n<p>Aos 7 anos j\u00e1 jogava \u00e0 bola, e rapidamente se tornou um \u00eddolo entre os mi\u00fados da sua idade. Nos primeiros jogos mais a s\u00e9rio foi utilizado como extremo-direito devido \u00e0 sua enorme corrida, mas n\u00e3o apreciava particularmente esse posto. Aos 13 anos decidiu formar com os amigos um clube de futebol &#8211; o FC Arsenal, em homenagem \u00e0 grande equipa inglesa. A\u00ed continuou a dar nas vistas, pelo que foi com naturalidade que em 1953 um diretor do Atl\u00e9tico de Louren\u00e7o Marques o convidou para ingressar no clube, algo que Hil\u00e1rio aceitou imediatamente.<\/p>\n<p>Rapidamente confirmou o seu talento como jogador. Dominava bem a bola, jogava bem com ambos os p\u00e9s e ainda melhor de cabe\u00e7a, tinha velocidade, fintava e chutava. Era en\u00e9rgico, valente e decidido. O seu maior problema foi a adapta\u00e7\u00e3o \u00e0s chuteiras (at\u00e9 a\u00ed jogara sempre descal\u00e7o).<\/p>\n<p>Em 1955, com 16 anos, fez a estreia oficial como m\u00e9dio-centro e deslumbrou, como j\u00e1 era esperado. Pouco depois foi-lhe oferecido um emprego na companhia das \u00e1guas por um diretor do Sporting de Louren\u00e7o Marques, e a\u00ed transferiu-se para a filial leonina onde depressa se destacou. Da\u00ed at\u00e9 ao clube-sede foi um instante.<\/p>\n<p>A \u00e9poca de 1958\/59 (sob o comando de Enrique Fern\u00e1ndez) foi a sua 1\u00aa no Sporting, e logo a\u00ed, com 19 anos, surgiu na 1\u00aa equipa, pela qual se estreou a 18 de Outubro de 1958 num Sporting-Torreense (4-0) da 6\u00aa jornada do Campeonato. Logo nesse 1\u00ba ano fez a maioria dos jogos, e em Alvalade permaneceu durante 15 \u00e9pocas conquistando uma Ta\u00e7a das Ta\u00e7as, 3 Campeonatos Nacionais e 3 Ta\u00e7as de Portugal (1 golo marcado \u2013 momento hist\u00f3rico que ocorreu a 14 de Janeiro de 1968 numa vit\u00f3ria frente ao Belenenses por 3-0).<\/p>\n<p>Tem como grande feito o de ser o futebolista com mais jogos oficiais em toda a Hist\u00f3ria do Sporting &#8211; 471.<\/p>\n<p>Na magn\u00edfica carreira na Ta\u00e7a das Ta\u00e7as de 1964 falhou a final e a final\u00edssima da competi\u00e7\u00e3o devido a uma les\u00e3o, mas logo que chegados a Portugal os seus companheiros fizeram quest\u00e3o de lhe ir mostrar a ta\u00e7a \u00e0 sua pr\u00f3pria casa onde estava em convalescen\u00e7a. Beijou-a e chorou de emo\u00e7\u00e3o.\u00a02 anos depois fez parte da Sele\u00e7\u00e3o (onde jogou por 39 vezes) dos Magri\u00e7os que brilhou em Inglaterra, cotando-se como o jogador mais regular da equipa.<\/p>\n<p>Terminou a sua carreira no Sporting em 1973. Jogou pela \u00faltima vez a 17 de Junho desse ano na final da Ta\u00e7a de Portugal ganha ao V. Set\u00fabal por 3-2.<\/p>\n<p>2 anos depois iniciou a sua atividade de treinador.\u00a0Para al\u00e9m de muitas outras experi\u00eancias, foi adjunto no clube de Alvalade em v\u00e1rias ocasi\u00f5es, chegando depois aos quadros t\u00e9cnicos da forma\u00e7\u00e3o leonina. Atualmente permanece como um dos s\u00edmbolos mais not\u00e1veis da Hist\u00f3ria do Sporting.<\/p>\n<div class=\"tweetthis\" style=\"text-align:left;\"><p> <a target=\"_blank\" rel=\"nofollow\" class=\"tt\" href=\"http:\/\/twitter.com\/home\/?status=Hil%C3%A1rio+https%3A%2F%2Fis.gd%2Fy4et1H\" title=\"Post to Twitter\"><img decoding=\"async\" class=\"nothumb\" src=\"http:\/\/www.sportingcanal.com\/wp-content\/plugins\/tweet-this\/icons\/en\/twitter\/tt-twitter6.png\" alt=\"Post to Twitter\" \/><\/a><\/p><\/div>","protected":false},"excerpt":{"rendered":"<p>Hil\u00e1rio Ros\u00e1rio da Concei\u00e7\u00e3o nasceu a 19 de Junho de 1939 nos arredores de Louren\u00e7o Marques &#8211; Mo\u00e7ambique. A data do seu nascimento ainda hoje gera confus\u00e3o (na maior parte das &#8220;fontes&#8221; surge o m\u00eas de Mar\u00e7o). Esses desentendidos acontecem porque na altura em que nasceu era obrigat\u00f3rio os pais batizarem os filhos logo \u00e0 [&hellip;]<\/p>\n","protected":false},"author":1,"featured_media":38032,"comment_status":"open","ping_status":"open","sticky":false,"template":"","format":"standard","meta":{"_et_pb_use_builder":"","_et_pb_old_content":"","_et_gb_content_width":"","footnotes":""},"categories":[13],"tags":[65,8],"_links":{"self":[{"href":"https:\/\/www.sportingcanal.com\/index.php?rest_route=\/wp\/v2\/posts\/1931"}],"collection":[{"href":"https:\/\/www.sportingcanal.com\/index.php?rest_route=\/wp\/v2\/posts"}],"about":[{"href":"https:\/\/www.sportingcanal.com\/index.php?rest_route=\/wp\/v2\/types\/post"}],"author":[{"embeddable":true,"href":"https:\/\/www.sportingcanal.com\/index.php?rest_route=\/wp\/v2\/users\/1"}],"replies":[{"embeddable":true,"href":"https:\/\/www.sportingcanal.com\/index.php?rest_route=%2Fwp%2Fv2%2Fcomments&post=1931"}],"version-history":[{"count":24,"href":"https:\/\/www.sportingcanal.com\/index.php?rest_route=\/wp\/v2\/posts\/1931\/revisions"}],"predecessor-version":[{"id":38033,"href":"https:\/\/www.sportingcanal.com\/index.php?rest_route=\/wp\/v2\/posts\/1931\/revisions\/38033"}],"wp:featuredmedia":[{"embeddable":true,"href":"https:\/\/www.sportingcanal.com\/index.php?rest_route=\/wp\/v2\/media\/38032"}],"wp:attachment":[{"href":"https:\/\/www.sportingcanal.com\/index.php?rest_route=%2Fwp%2Fv2%2Fmedia&parent=1931"}],"wp:term":[{"taxonomy":"category","embeddable":true,"href":"https:\/\/www.sportingcanal.com\/index.php?rest_route=%2Fwp%2Fv2%2Fcategories&post=1931"},{"taxonomy":"post_tag","embeddable":true,"href":"https:\/\/www.sportingcanal.com\/index.php?rest_route=%2Fwp%2Fv2%2Ftags&post=1931"}],"curies":[{"name":"wp","href":"https:\/\/api.w.org\/{rel}","templated":true}]}}