{"id":19451,"date":"2015-06-01T01:00:52","date_gmt":"2015-06-01T00:00:52","guid":{"rendered":"http:\/\/www.sportingcanal.com\/?p=19451"},"modified":"2015-06-05T22:38:46","modified_gmt":"2015-06-05T21:38:46","slug":"futebolista-da-temporada-201415-andre-carrillo","status":"publish","type":"post","link":"https:\/\/www.sportingcanal.com\/?p=19451","title":{"rendered":"Futebolista da temporada 2014\/15 &#8211; Andr\u00e9 Carrillo"},"content":{"rendered":"<p><img loading=\"lazy\" decoding=\"async\" class=\"alignleft size-full wp-image-19452\" title=\"futebol - 2014-15 carrillo\" src=\"http:\/\/www.sportingcanal.com\/wp-content\/uploads\/2015\/06\/futebol-2014-15-carrillo.png\" alt=\"\" width=\"300\" height=\"300\" srcset=\"https:\/\/www.sportingcanal.com\/wp-content\/uploads\/2015\/06\/futebol-2014-15-carrillo.png 300w, https:\/\/www.sportingcanal.com\/wp-content\/uploads\/2015\/06\/futebol-2014-15-carrillo-150x150.png 150w\" sizes=\"(max-width: 300px) 100vw, 300px\" \/>Numa temporada com 53 jogos oficiais e mediante a vota\u00e7\u00e3o feita jogo a jogo pelo Sporting Canal ao desempenho de cada um dos futebolistas leoninos (notas de 0 a 10), Andr\u00e9 Carrillo foi por n\u00f3s eleito o Futebolista da Temporada 2014\/15. Em 2\u00ba lugar ficou Rui Patr\u00edcio e em 3\u00ba Paulo Oliveira.<\/p>\n<p>Veja a classifica\u00e7\u00e3o com todos os 35 futebolistas utilizados oficialmente pelos le\u00f5es esta \u00e9poca.<\/p>\n<table border=\"1\" cellspacing=\"0\" cellpadding=\"0\" width=\"385\">\n<tbody>\n<tr>\n<td colspan=\"4\" width=\"385\" valign=\"top\"><strong>FUTEBOLISTA DA TEMPORADA 2014\/15<\/strong><\/td>\n<\/tr>\n<tr>\n<td width=\"36\" valign=\"top\"><\/td>\n<td width=\"206\" valign=\"top\">FUTEBOLISTA<\/td>\n<td width=\"78\" valign=\"top\">Presen\u00e7as<\/td>\n<td width=\"66\" valign=\"top\">PONTOS<\/td>\n<\/tr>\n<tr>\n<td width=\"36\" valign=\"top\">1<\/td>\n<td width=\"206\" valign=\"top\">Andr\u00e9 Carrillo<\/td>\n<td width=\"78\" valign=\"top\">46<\/td>\n<td width=\"66\" valign=\"top\">287<\/td>\n<\/tr>\n<tr>\n<td width=\"36\" valign=\"top\">2<\/td>\n<td width=\"206\" valign=\"top\">Rui Patr\u00edcio<\/td>\n<td width=\"78\" valign=\"top\">45<\/td>\n<td width=\"66\" valign=\"top\">282<\/td>\n<\/tr>\n<tr>\n<td width=\"36\" valign=\"top\">3<\/td>\n<td width=\"206\" valign=\"top\">Paulo Oliveira<\/td>\n<td width=\"78\" valign=\"top\">40<\/td>\n<td width=\"66\" valign=\"top\">273<\/td>\n<\/tr>\n<tr>\n<td width=\"36\" valign=\"top\">4<\/td>\n<td width=\"206\" valign=\"top\">Jo\u00e3o M\u00e1rio<\/td>\n<td width=\"78\" valign=\"top\">45<\/td>\n<td width=\"66\" valign=\"top\">267<\/td>\n<\/tr>\n<tr>\n<td width=\"36\" valign=\"top\">5<\/td>\n<td width=\"206\" valign=\"top\">Adrien<\/td>\n<td width=\"78\" valign=\"top\">42<\/td>\n<td width=\"66\" valign=\"top\">254<\/td>\n<\/tr>\n<tr>\n<td width=\"36\" valign=\"top\">6<\/td>\n<td width=\"206\" valign=\"top\">Nani<\/td>\n<td width=\"78\" valign=\"top\">37<\/td>\n<td width=\"66\" valign=\"top\">248<\/td>\n<\/tr>\n<tr>\n<td width=\"36\" valign=\"top\">7<\/td>\n<td width=\"206\" valign=\"top\">William Carvalho<\/td>\n<td width=\"78\" valign=\"top\">42<\/td>\n<td width=\"66\" valign=\"top\">246<\/td>\n<\/tr>\n<tr>\n<td width=\"36\" valign=\"top\">8<\/td>\n<td width=\"206\" valign=\"top\">C\u00e9dric<\/td>\n<td width=\"78\" valign=\"top\">35<\/td>\n<td width=\"66\" valign=\"top\">196<\/td>\n<\/tr>\n<tr>\n<td width=\"36\" valign=\"top\">9<\/td>\n<td width=\"206\" valign=\"top\">Carlos Man\u00e9<\/td>\n<td width=\"78\" valign=\"top\">40<\/td>\n<td width=\"66\" valign=\"top\">196<\/td>\n<\/tr>\n<tr>\n<td width=\"36\" valign=\"top\">10<\/td>\n<td width=\"206\" valign=\"top\">Jefferson<\/td>\n<td width=\"78\" valign=\"top\">30<\/td>\n<td width=\"66\" valign=\"top\">186<\/td>\n<\/tr>\n<tr>\n<td width=\"36\" valign=\"top\">11<\/td>\n<td width=\"206\" valign=\"top\">Slimani<\/td>\n<td width=\"78\" valign=\"top\">33<\/td>\n<td width=\"66\" valign=\"top\">181<\/td>\n<\/tr>\n<tr>\n<td width=\"36\" valign=\"top\">12<\/td>\n<td width=\"206\" valign=\"top\">Fredy Montero<\/td>\n<td width=\"78\" valign=\"top\">37<\/td>\n<td width=\"66\" valign=\"top\">178<\/td>\n<\/tr>\n<tr>\n<td width=\"36\" valign=\"top\">13<\/td>\n<td width=\"206\" valign=\"top\">Tanaka<\/td>\n<td width=\"78\" valign=\"top\">28<\/td>\n<td width=\"66\" valign=\"top\">126<\/td>\n<\/tr>\n<tr>\n<td width=\"36\" valign=\"top\">14<\/td>\n<td width=\"206\" valign=\"top\">Tobias Figueiredo<\/td>\n<td width=\"78\" valign=\"top\">20<\/td>\n<td width=\"66\" valign=\"top\">112<\/td>\n<\/tr>\n<tr>\n<td width=\"36\" valign=\"top\">15<\/td>\n<td width=\"206\" valign=\"top\">Andr\u00e9 Martins<\/td>\n<td width=\"78\" valign=\"top\">27<\/td>\n<td width=\"66\" valign=\"top\">109<\/td>\n<\/tr>\n<tr>\n<td width=\"36\" valign=\"top\">16<\/td>\n<td width=\"206\" valign=\"top\">Jonathan Silva<\/td>\n<td width=\"78\" valign=\"top\">19<\/td>\n<td width=\"66\" valign=\"top\">100<\/td>\n<\/tr>\n<tr>\n<td width=\"36\" valign=\"top\">17<\/td>\n<td width=\"206\" valign=\"top\">Maur\u00edcio<\/td>\n<td width=\"78\" valign=\"top\">21<\/td>\n<td width=\"66\" valign=\"top\">100<\/td>\n<\/tr>\n<tr>\n<td width=\"36\" valign=\"top\">18<\/td>\n<td width=\"206\" valign=\"top\">Miguel Lopes<\/td>\n<td width=\"78\" valign=\"top\">17<\/td>\n<td width=\"66\" valign=\"top\">90<\/td>\n<\/tr>\n<tr>\n<td width=\"36\" valign=\"top\">19<\/td>\n<td width=\"206\" valign=\"top\">Naby Sarr<\/td>\n<td width=\"78\" valign=\"top\">18<\/td>\n<td width=\"66\" valign=\"top\">90<\/td>\n<\/tr>\n<tr>\n<td width=\"36\" valign=\"top\">20<\/td>\n<td width=\"206\" valign=\"top\">Diego Capel<\/td>\n<td width=\"78\" valign=\"top\">26<\/td>\n<td width=\"66\" valign=\"top\">89<\/td>\n<\/tr>\n<tr>\n<td width=\"36\" valign=\"top\">21<\/td>\n<td width=\"206\" valign=\"top\">Oriol Rosell<\/td>\n<td width=\"78\" valign=\"top\">22<\/td>\n<td width=\"66\" valign=\"top\">87<\/td>\n<\/tr>\n<tr>\n<td width=\"36\" valign=\"top\">22<\/td>\n<td width=\"206\" valign=\"top\">Ricardo Esgaio<\/td>\n<td width=\"78\" valign=\"top\">10<\/td>\n<td width=\"66\" valign=\"top\">49<\/td>\n<\/tr>\n<tr>\n<td width=\"36\" valign=\"top\">23<\/td>\n<td width=\"206\" valign=\"top\">Marcelo Boeck<\/td>\n<td width=\"78\" valign=\"top\">8<\/td>\n<td width=\"66\" valign=\"top\">45<\/td>\n<\/tr>\n<tr>\n<td width=\"36\" valign=\"top\">24<\/td>\n<td width=\"206\" valign=\"top\">Ryan Gauld<\/td>\n<td width=\"78\" valign=\"top\">5<\/td>\n<td width=\"66\" valign=\"top\">31<\/td>\n<\/tr>\n<tr>\n<td width=\"36\" valign=\"top\">25<\/td>\n<td width=\"206\" valign=\"top\">Wallyson<\/td>\n<td width=\"78\" valign=\"top\">5<\/td>\n<td width=\"66\" valign=\"top\">30<\/td>\n<\/tr>\n<tr>\n<td width=\"36\" valign=\"top\">26<\/td>\n<td width=\"206\" valign=\"top\">Daniel Podence<\/td>\n<td width=\"78\" valign=\"top\">6<\/td>\n<td width=\"66\" valign=\"top\">30<\/td>\n<\/tr>\n<tr>\n<td width=\"36\" valign=\"top\">27<\/td>\n<td width=\"206\" valign=\"top\">Andr\u00e9 Geraldes<\/td>\n<td width=\"78\" valign=\"top\">4<\/td>\n<td width=\"66\" valign=\"top\">23<\/td>\n<\/tr>\n<tr>\n<td width=\"36\" valign=\"top\">28<\/td>\n<td width=\"206\" valign=\"top\">H\u00e9ldon<\/td>\n<td width=\"78\" valign=\"top\">4<\/td>\n<td width=\"66\" valign=\"top\">13<\/td>\n<\/tr>\n<tr>\n<td width=\"36\" valign=\"top\">29<\/td>\n<td width=\"206\" valign=\"top\">Slavchev<\/td>\n<td width=\"78\" valign=\"top\">2<\/td>\n<td width=\"66\" valign=\"top\">11<\/td>\n<\/tr>\n<tr>\n<td width=\"36\" valign=\"top\">30<\/td>\n<td width=\"206\" valign=\"top\">Ramy Rabia<\/td>\n<td width=\"78\" valign=\"top\">3<\/td>\n<td width=\"66\" valign=\"top\">11<\/td>\n<\/tr>\n<tr>\n<td width=\"36\" valign=\"top\">31<\/td>\n<td width=\"206\" valign=\"top\">Hadi Sacko<\/td>\n<td width=\"78\" valign=\"top\">4<\/td>\n<td width=\"66\" valign=\"top\">9<\/td>\n<\/tr>\n<tr>\n<td width=\"36\" valign=\"top\">32<\/td>\n<td width=\"206\" valign=\"top\">Gelson Martins<\/td>\n<td width=\"78\" valign=\"top\">2<\/td>\n<td width=\"66\" valign=\"top\">6<\/td>\n<\/tr>\n<tr>\n<td width=\"36\" valign=\"top\">33<\/td>\n<td width=\"206\" valign=\"top\">Dram\u00e9<\/td>\n<td width=\"78\" valign=\"top\">1<\/td>\n<td width=\"66\" valign=\"top\">5<\/td>\n<\/tr>\n<tr>\n<td width=\"36\" valign=\"top\">34<\/td>\n<td width=\"206\" valign=\"top\">Diego Rubio<\/td>\n<td width=\"78\" valign=\"top\">1<\/td>\n<td width=\"66\" valign=\"top\">4<\/td>\n<\/tr>\n<tr>\n<td width=\"36\" valign=\"top\">35<\/td>\n<td width=\"206\" valign=\"top\">Cristian Ponde<\/td>\n<td width=\"78\" valign=\"top\">1<\/td>\n<td width=\"66\" valign=\"top\">1<\/td>\n<\/tr>\n<\/tbody>\n<\/table>\n<p>Entretanto, Nani foi o melhor sportinguista em campo por 10 vezes, destacando-se dos seus companheiros. Paulo Oliveira e Rui Patr\u00edcio foram por 7 vezes os melhores, seguindo-se Andr\u00e9 Carrillo com 6 nomea\u00e7\u00f5es. Por 4 vezes em destaque esteve Slimani. Com 3 nomea\u00e7\u00f5es para melhor le\u00e3o em campo na temporada que agora acabou tivemos Fredy Montero e Jo\u00e3o M\u00e1rio. Por 2 vezes os melhores foram Jefferson, Adrien, Andr\u00e9 Martins, Ryan Gauld e Ewerton. Finalmente, foram os le\u00f5es mais destacados em campo por 1 vez Marcelo Boeck, Carlos Man\u00e9 e Miguel Lopes.<\/p>\n<p>No que respeita a golos, Slimani e Fredy Montero foram os mais eficazes, ambos com 15 golos. Em 3\u00ba lugar ficou Nani com 12. O 4\u00ba melhor marcador da equipa foi Adrien com 10 tiros certeiros. Carlos Man\u00e9 marcou 9. Tanaka, Jo\u00e3o M\u00e1rio e Andr\u00e9 Carrillo fizeram 7 golos. Depois temos com 3 golos Tobias Figueiredo e Paulo Oliveira. Por 2 vezes marcaram Ryan Gauld, Ewerton, Jonathan Silva e Jefferson. 1 golo para Dram\u00e9, H\u00e9ldon, Naby Sarr, Diego Capel, Andr\u00e9 Martins e William Carvalho. Os le\u00f5es beneficiaram ainda de 3 auto-golos.<\/p>\n<div class=\"tweetthis\" style=\"text-align:left;\"><p> <a target=\"_blank\" rel=\"nofollow\" class=\"tt\" href=\"http:\/\/twitter.com\/home\/?status=Futebolista+da+temporada+2014%2F15+%E2%80%93+Andr%C3%A9+Carrillo+https%3A%2F%2Fis.gd%2F3aKjYm\" title=\"Post to Twitter\"><img decoding=\"async\" class=\"nothumb\" src=\"http:\/\/www.sportingcanal.com\/wp-content\/plugins\/tweet-this\/icons\/en\/twitter\/tt-twitter6.png\" alt=\"Post to Twitter\" \/><\/a><\/p><\/div>","protected":false},"excerpt":{"rendered":"<p>Numa temporada com 53 jogos oficiais e mediante a vota\u00e7\u00e3o feita jogo a jogo pelo Sporting Canal ao desempenho de cada um dos futebolistas leoninos (notas de 0 a 10), Andr\u00e9 Carrillo foi por n\u00f3s eleito o Futebolista da Temporada 2014\/15. Em 2\u00ba lugar ficou Rui Patr\u00edcio e em 3\u00ba Paulo Oliveira. Veja a classifica\u00e7\u00e3o [&hellip;]<\/p>\n","protected":false},"author":1,"featured_media":0,"comment_status":"open","ping_status":"closed","sticky":false,"template":"","format":"standard","meta":{"_et_pb_use_builder":"","_et_pb_old_content":"","_et_gb_content_width":"","footnotes":""},"categories":[6],"tags":[8,96],"_links":{"self":[{"href":"https:\/\/www.sportingcanal.com\/index.php?rest_route=\/wp\/v2\/posts\/19451"}],"collection":[{"href":"https:\/\/www.sportingcanal.com\/index.php?rest_route=\/wp\/v2\/posts"}],"about":[{"href":"https:\/\/www.sportingcanal.com\/index.php?rest_route=\/wp\/v2\/types\/post"}],"author":[{"embeddable":true,"href":"https:\/\/www.sportingcanal.com\/index.php?rest_route=\/wp\/v2\/users\/1"}],"replies":[{"embeddable":true,"href":"https:\/\/www.sportingcanal.com\/index.php?rest_route=%2Fwp%2Fv2%2Fcomments&post=19451"}],"version-history":[{"count":3,"href":"https:\/\/www.sportingcanal.com\/index.php?rest_route=\/wp\/v2\/posts\/19451\/revisions"}],"predecessor-version":[{"id":19455,"href":"https:\/\/www.sportingcanal.com\/index.php?rest_route=\/wp\/v2\/posts\/19451\/revisions\/19455"}],"wp:attachment":[{"href":"https:\/\/www.sportingcanal.com\/index.php?rest_route=%2Fwp%2Fv2%2Fmedia&parent=19451"}],"wp:term":[{"taxonomy":"category","embeddable":true,"href":"https:\/\/www.sportingcanal.com\/index.php?rest_route=%2Fwp%2Fv2%2Fcategories&post=19451"},{"taxonomy":"post_tag","embeddable":true,"href":"https:\/\/www.sportingcanal.com\/index.php?rest_route=%2Fwp%2Fv2%2Ftags&post=19451"}],"curies":[{"name":"wp","href":"https:\/\/api.w.org\/{rel}","templated":true}]}}