{"id":19841,"date":"2025-08-09T10:00:24","date_gmt":"2025-08-09T09:00:24","guid":{"rendered":"http:\/\/www.sportingcanal.com\/?p=19841"},"modified":"2025-08-09T14:55:40","modified_gmt":"2025-08-09T13:55:40","slug":"futebol-sporting-1-benfica-0-ganhamos-a-supertaca","status":"publish","type":"post","link":"https:\/\/www.sportingcanal.com\/?p=19841","title":{"rendered":"2015 \u2013 Jesus come\u00e7ou bem com 8\u00aa Superta\u00e7a para o futebol"},"content":{"rendered":"<p>9 de Agosto de 2015. Grande expetativa rodeava o 1\u00ba jogo oficial da temporada, um Sporting-Benfica realizado no Est\u00e1dio do Algarve com Jorge Jesus agora de verde e branco ap\u00f3s 6 anos de muitos sucessos no rival. A 1\u00aa equipa oficial leonina da \u00e9poca: Rui Patr\u00edcio; Jo\u00e3o Pereira, Paulo Oliveira, Naldo e Jefferson; Adrien; Andr\u00e9 Carrillo (Gelson Martins 90), Jo\u00e3o M\u00e1rio e Bryan Ruiz (R\u00faben Semedo 86); Teo Gut\u00ederrez (Carlos Man\u00e9 70) e Slimani.<\/p>\n<p>O Sporting entrou muito bem no jogo dominando em toda a linha. Os le\u00f5es defendiam bem \u00e1 frente, pressionavam a todo o campo e com bola gizavam belos lances ofensivos criando muitos problemas ao advers\u00e1rio.<\/p>\n<p>Depois de v\u00e1rios lances de relativo perigo o Sporting marcou, aos 26 minutos. Canto levantado por Jefferson, Naldo amorteceu e Teo colocou a bola no fundo da baliza &#8211; o \u00e1rbitro cortou o lance por fora de jogo (mal assinalado) &#8211; erro grav\u00edssimo que poderia ter sido decisivo&#8230; At\u00e9 ao intervalo, sempre com o Sporting por cima, o Benfica conseguiu equilibrar um pouco mais, mas verdadeiras oportunidades de golo n\u00e3o voltaram a acontecer.<\/p>\n<p>No in\u00edcio do 2\u00ba tempo os le\u00f5es voltaram a entrar fort\u00edssimos. Aos 53 minutos surgiu finalmente o mais que merecido golo. Carrilo enquadrou-se com a baliza, rematou e a bola tabelou em Teo Gut\u00ederrez enganando J\u00falio C\u00e9sar. Pouco depois entrada rud\u00edssima de S\u00edlvio e 2\u00ba amarelo perdoado. Aos 61 Carrillo, muito imprudente, entrou sobre Gait\u00e1n na \u00e1rea mas Jorge Sousa n\u00e3o assinalou o penalty respetivo.<\/p>\n<p>At\u00e9 final o Benfica limitou-se praticamente a bombear \u00e1reas para a \u00e1rea leonina em todas as ocasi\u00f5es poss\u00edveis. O Sporting saiu v\u00e1rias vezes com perigo mas nunca conseguiu &#8220;matar&#8221; o jogo que terminou com um triunfo perfeitamente justificado para a equipa leonina, que foi superior em todos os cap\u00edtulos do jogo e arrecadou assim com toda a naturalidade a sua 8\u00aa Superta\u00e7a.<\/p>\n<p>Individualmente toda a equipa sportinguista esteve num plano satisfat\u00f3rio. Em rela\u00e7\u00e3o \u00e0s novidades da equipa, Jo\u00e3o Pereira cumpriu, Naldo segur\u00edssimo, Bryan Ruiz mostrou-se claramente um \u00f3timo jogador e Teo mexeu muito com o ataque. No que respeita \u00e0 restante equipa, Rui Patr\u00edcio perfeito (no pouco trabalho que teve), Paulo Oliveira imperial, Jefferson ao seu n\u00edvel, Adrien muito bem na posi\u00e7\u00e3o 6, Jo\u00e3o M\u00e1rio em grande na transi\u00e7\u00e3o meio-campo ataque, Carrilo muito criativo sobre o flanco direito e Slimani sempre a dar imenso trabalho aos defesas contr\u00e1rios. Carlos Man\u00e9 entrou depois e deixou a sua marca como quase sempre acontecia. Em suma, era dif\u00edcil um melhor in\u00edcio de temporada para este novo Sporting de Jorge Jesus que refor\u00e7ava as grandes esperan\u00e7as de todos os adeptos nesta equipa.<\/p>\n<p><a href=\"https:\/\/www.youtube.com\/watch?v=LU8fFdtalhg\">v\u00eddeo<\/a><\/p>\n<div class=\"tweetthis\" style=\"text-align:left;\"><p> <a target=\"_blank\" rel=\"nofollow\" class=\"tt\" href=\"http:\/\/twitter.com\/home\/?status=2015+%E2%80%93+Jesus+come%C3%A7ou+bem+com+8%C2%AA+Superta%C3%A7a+para+o+futebol+https%3A%2F%2Fis.gd%2F3yzbuR\" title=\"Post to Twitter\"><img decoding=\"async\" class=\"nothumb\" src=\"http:\/\/www.sportingcanal.com\/wp-content\/plugins\/tweet-this\/icons\/en\/twitter\/tt-twitter6.png\" alt=\"Post to Twitter\" \/><\/a><\/p><\/div>","protected":false},"excerpt":{"rendered":"<p>9 de Agosto de 2015. Grande expetativa rodeava o 1\u00ba jogo oficial da temporada, um Sporting-Benfica realizado no Est\u00e1dio do Algarve com Jorge Jesus agora de verde e branco ap\u00f3s 6 anos de muitos sucessos no rival. A 1\u00aa equipa oficial leonina da \u00e9poca: Rui Patr\u00edcio; Jo\u00e3o Pereira, Paulo Oliveira, Naldo e Jefferson; Adrien; Andr\u00e9 [&hellip;]<\/p>\n","protected":false},"author":1,"featured_media":38440,"comment_status":"open","ping_status":"closed","sticky":false,"template":"","format":"standard","meta":{"_et_pb_use_builder":"","_et_pb_old_content":"","_et_gb_content_width":"","footnotes":""},"categories":[17],"tags":[8,18,69],"_links":{"self":[{"href":"https:\/\/www.sportingcanal.com\/index.php?rest_route=\/wp\/v2\/posts\/19841"}],"collection":[{"href":"https:\/\/www.sportingcanal.com\/index.php?rest_route=\/wp\/v2\/posts"}],"about":[{"href":"https:\/\/www.sportingcanal.com\/index.php?rest_route=\/wp\/v2\/types\/post"}],"author":[{"embeddable":true,"href":"https:\/\/www.sportingcanal.com\/index.php?rest_route=\/wp\/v2\/users\/1"}],"replies":[{"embeddable":true,"href":"https:\/\/www.sportingcanal.com\/index.php?rest_route=%2Fwp%2Fv2%2Fcomments&post=19841"}],"version-history":[{"count":24,"href":"https:\/\/www.sportingcanal.com\/index.php?rest_route=\/wp\/v2\/posts\/19841\/revisions"}],"predecessor-version":[{"id":38441,"href":"https:\/\/www.sportingcanal.com\/index.php?rest_route=\/wp\/v2\/posts\/19841\/revisions\/38441"}],"wp:featuredmedia":[{"embeddable":true,"href":"https:\/\/www.sportingcanal.com\/index.php?rest_route=\/wp\/v2\/media\/38440"}],"wp:attachment":[{"href":"https:\/\/www.sportingcanal.com\/index.php?rest_route=%2Fwp%2Fv2%2Fmedia&parent=19841"}],"wp:term":[{"taxonomy":"category","embeddable":true,"href":"https:\/\/www.sportingcanal.com\/index.php?rest_route=%2Fwp%2Fv2%2Fcategories&post=19841"},{"taxonomy":"post_tag","embeddable":true,"href":"https:\/\/www.sportingcanal.com\/index.php?rest_route=%2Fwp%2Fv2%2Ftags&post=19841"}],"curies":[{"name":"wp","href":"https:\/\/api.w.org\/{rel}","templated":true}]}}