{"id":2011,"date":"2026-03-15T10:00:47","date_gmt":"2026-03-15T09:00:47","guid":{"rendered":"http:\/\/www.sportingcanal.com\/?p=2011"},"modified":"2026-03-15T16:17:30","modified_gmt":"2026-03-15T15:17:30","slug":"1970-campeoes-nacionais-de-futebol-a-4-jornadas-do-fim","status":"publish","type":"post","link":"https:\/\/www.sportingcanal.com\/?p=2011","title":{"rendered":"1970 \u2013 Campe\u00f5es Nacionais de Futebol a 4 jornadas do fim"},"content":{"rendered":"<p>15 de Mar\u00e7o de 1970. No Est\u00e1dio do Restelo o Sporting de Fernando Vaz, coadjuvado por M\u00e1rio Lino e M\u00e1rio Moniz Pereira, sagrou-se Campe\u00e3o Nacional (pela 17\u00aa vez) a 4 jornadas do fim. Numa tarde ventosa mas soalheira, e perante muito p\u00fablico, os le\u00f5es alinharam com:\u00a0Damas; Pedro Gomes, Cal\u00f3, Jos\u00e9 Carlos e Hil\u00e1rio; Gon\u00e7alves (Alexandre Baptista) e Peres; Marinho, Louren\u00e7o (Jos\u00e9 Moraes), N\u00e9lson e Dinis.<\/p>\n<p>O Sporting n\u00e3o ganhava h\u00e1 4 \u00e9pocas no Restelo, e perante um encontro que lhe podia conferir matematicamente o t\u00edtulo os le\u00f5es n\u00e3o conseguiram fazer uma grande exibi\u00e7\u00e3o (ali\u00e1s tal como o seu advers\u00e1rio). O vento (absolutamente incr\u00edvel de intensidade) tamb\u00e9m n\u00e3o ajudou, e a partida nunca atingiu bitola elevada. O Belenenses aproveitou o fator vento (jogando a favor) para iniciar a partida a todo o \u201cg\u00e1s\u201d, mas aos poucos o Sporting foi asumindo o controlo.<\/p>\n<p>Jogava-se o minuto 14 quando os le\u00f5es inauguraram o marcador. Num lan\u00e7amento em profundidade sobre a esquerda, Marinho recebeu, passou por Rodrigues e Freitas, fletiu para o centro e rematou de surpresa com grande viol\u00eancia, obtendo um golo fant\u00e1stico.\u00a0At\u00e9 ao intervalo o jogo manteve-se equilibrado e sensabor\u00e3o, salvando-se uma magnifica interven\u00e7\u00e3o de Damas e uma bela assist\u00eancia de N\u00e9lson, para Louren\u00e7o falhar.<\/p>\n<p>Esperava-se mais para a 2\u00aa parte mas o jogo acabou por piorar, arrrastando-se mon\u00f3tono, pois se o Sporting \u00eda cumprindo os seus objetivos, os azuis n\u00e3o mostravam talento para virar as coisas.\u00a0Aos 65 minutos os le\u00f5es aumentaram a contagem. N\u00e9lson, sempre muito batalhador, ganhou um lance que parecia perdido \u00e0 defesa azul e Dinis (contratado esta \u00e9poca ao ASA de Angola) aproveitou, apossando-se da bola e rematando muito bem para o fundo das malhas. O resultado parecia feito, mas a 11 minutos do fim os locais reduziram por Laurindo &#8211; ap\u00f3s Jos\u00e9 Carlos falhar uma interce\u00e7\u00e3o.<\/p>\n<p>No final o Sporting ganhou por 2-1 e sagrou-se Campe\u00e3o \u00e0 22\u00aa jornada porque o Benfica venceu na Luz o 2\u00ba classificado &#8211; Vit\u00f3ria de Set\u00fabal, pelo mesmo resultado. Nunca t\u00e3o cedo houvera um campe\u00e3o, que s\u00f3 o ficou 5 minutos depois do jogo terminar quando Eus\u00e9bio, de penalty, deu a vit\u00f3ria ao Benfica.<\/p>\n<p>Peres, regressado de Coimbra, acabara de conquistar o seu 2\u00ba t\u00edtulo pelo Sporting: \u201cSinto uma grande alegria e orgulho por ter ajudado o Sporting a conquistar o t\u00edtulo. Por coincid\u00eancia esta vit\u00f3ria acertou com o meu regresso. No outro campeonato tamb\u00e9m tinha ingressado no clube, vindo do Belenenses. Orgulho-me de ter dado ao Sporting os meus humildes conhecimentos. N\u00e3o fomos s\u00f3 a melhor equipa do Campeonato mas tamb\u00e9m a mais harmoniosa e humilde. Foram estas as nossas principais virtudes. O jogo de hoje foi muito dif\u00edcil mas ganh\u00e1mos sem discuss\u00e3o. O nosso advers\u00e1rio jogou com rudeza excessiva o que me surpreendeu. Acho que M\u00e1rio Wilson, um bel\u00edssimo t\u00e9cnico, n\u00e3o os ensinou a jogar assim. Se o Belenenses pensasse mais em futebol talvez colhesse outros frutos\u201d.<\/p>\n<div class=\"tweetthis\" style=\"text-align:left;\"><p> <a target=\"_blank\" rel=\"nofollow\" class=\"tt\" href=\"http:\/\/twitter.com\/home\/?status=1970+%E2%80%93+Campe%C3%B5es+Nacionais+de+Futebol+a+4+jornadas+do+fim+https%3A%2F%2Fis.gd%2Fqqtty7\" title=\"Post to Twitter\"><img decoding=\"async\" class=\"nothumb\" src=\"http:\/\/www.sportingcanal.com\/wp-content\/plugins\/tweet-this\/icons\/en\/twitter\/tt-twitter6.png\" alt=\"Post to Twitter\" \/><\/a><\/p><\/div>","protected":false},"excerpt":{"rendered":"<p>15 de Mar\u00e7o de 1970. No Est\u00e1dio do Restelo o Sporting de Fernando Vaz, coadjuvado por M\u00e1rio Lino e M\u00e1rio Moniz Pereira, sagrou-se Campe\u00e3o Nacional (pela 17\u00aa vez) a 4 jornadas do fim. Numa tarde ventosa mas soalheira, e perante muito p\u00fablico, os le\u00f5es alinharam com:\u00a0Damas; Pedro Gomes, Cal\u00f3, Jos\u00e9 Carlos e Hil\u00e1rio; Gon\u00e7alves (Alexandre [&hellip;]<\/p>\n","protected":false},"author":1,"featured_media":2012,"comment_status":"open","ping_status":"open","sticky":false,"template":"","format":"standard","meta":{"_et_pb_use_builder":"","_et_pb_old_content":"","_et_gb_content_width":"","footnotes":""},"categories":[17],"tags":[22,8],"_links":{"self":[{"href":"https:\/\/www.sportingcanal.com\/index.php?rest_route=\/wp\/v2\/posts\/2011"}],"collection":[{"href":"https:\/\/www.sportingcanal.com\/index.php?rest_route=\/wp\/v2\/posts"}],"about":[{"href":"https:\/\/www.sportingcanal.com\/index.php?rest_route=\/wp\/v2\/types\/post"}],"author":[{"embeddable":true,"href":"https:\/\/www.sportingcanal.com\/index.php?rest_route=\/wp\/v2\/users\/1"}],"replies":[{"embeddable":true,"href":"https:\/\/www.sportingcanal.com\/index.php?rest_route=%2Fwp%2Fv2%2Fcomments&post=2011"}],"version-history":[{"count":25,"href":"https:\/\/www.sportingcanal.com\/index.php?rest_route=\/wp\/v2\/posts\/2011\/revisions"}],"predecessor-version":[{"id":39831,"href":"https:\/\/www.sportingcanal.com\/index.php?rest_route=\/wp\/v2\/posts\/2011\/revisions\/39831"}],"wp:featuredmedia":[{"embeddable":true,"href":"https:\/\/www.sportingcanal.com\/index.php?rest_route=\/wp\/v2\/media\/2012"}],"wp:attachment":[{"href":"https:\/\/www.sportingcanal.com\/index.php?rest_route=%2Fwp%2Fv2%2Fmedia&parent=2011"}],"wp:term":[{"taxonomy":"category","embeddable":true,"href":"https:\/\/www.sportingcanal.com\/index.php?rest_route=%2Fwp%2Fv2%2Fcategories&post=2011"},{"taxonomy":"post_tag","embeddable":true,"href":"https:\/\/www.sportingcanal.com\/index.php?rest_route=%2Fwp%2Fv2%2Ftags&post=2011"}],"curies":[{"name":"wp","href":"https:\/\/api.w.org\/{rel}","templated":true}]}}