{"id":204,"date":"2017-06-19T16:00:44","date_gmt":"2017-06-19T15:00:44","guid":{"rendered":"http:\/\/www.sportingcanal.com\/?p=204"},"modified":"2022-06-07T23:46:58","modified_gmt":"2022-06-07T22:46:58","slug":"os-que-mais-vezes-equiparam-de-verde","status":"publish","type":"post","link":"https:\/\/www.sportingcanal.com\/?p=204","title":{"rendered":"Recorde no clube \u2013 Os 10 futebolistas com mais presen\u00e7as"},"content":{"rendered":"<p><a href=\"http:\/\/www.sportingcanal.com\/wp-content\/uploads\/2010\/12\/hil\u00e1rio-+-jogos1.png\"><img loading=\"lazy\" decoding=\"async\" class=\"alignleft size-full wp-image-206\" title=\"hil\u00e1rio - + jogos\" src=\"http:\/\/www.sportingcanal.com\/wp-content\/uploads\/2010\/12\/hil\u00e1rio-+-jogos1.png\" alt=\"\" width=\"300\" height=\"300\" srcset=\"https:\/\/www.sportingcanal.com\/wp-content\/uploads\/2010\/12\/hil\u00e1rio-+-jogos1.png 300w, https:\/\/www.sportingcanal.com\/wp-content\/uploads\/2010\/12\/hil\u00e1rio-+-jogos1-150x150.png 150w\" sizes=\"(max-width: 300px) 100vw, 300px\" \/><\/a><\/p>\n<p>Hil\u00e1rio \u00e9 o futebolista da Hist\u00f3ria do Sporting com mais presen\u00e7as em jogos oficiais, 471. O habitualmente defesa-esquerdo esteve 15 temporadas no clube tendo ganho uma Ta\u00e7a das Ta\u00e7as, 3 Campeonatos Nacionais e 3 Ta\u00e7as de Portugal.<\/p>\n<p>Esta lista est\u00e1 atualizada at\u00e9 ao final da temporada 2021\/22.<\/p>\n<p>Vejamos agora quem s\u00e3o os 10 mais:<\/p>\n<table border=\"1\" cellspacing=\"0\" cellpadding=\"0\" width=\"290\">\n<tbody>\n<tr>\n<td width=\"44\" valign=\"top\">CLA<\/td>\n<td width=\"132\" valign=\"top\">FUT<\/td>\n<td width=\"47\" valign=\"top\">PRE<\/td>\n<td width=\"66\" valign=\"top\">\u00c9POCAS<\/td>\n<\/tr>\n<tr>\n<td width=\"44\" valign=\"top\">1\u00ba<\/td>\n<td width=\"132\" valign=\"top\">Hil\u00e1rio<\/td>\n<td width=\"47\" valign=\"top\"><strong>471<\/strong><\/td>\n<td width=\"66\" valign=\"top\">15<\/td>\n<\/tr>\n<tr>\n<td width=\"44\" valign=\"top\">2\u00ba<\/td>\n<td width=\"132\" valign=\"top\">Rui Patr\u00edcio<\/td>\n<td width=\"47\" valign=\"top\"><strong>467<\/strong><\/td>\n<td width=\"66\" valign=\"top\">12<\/td>\n<\/tr>\n<tr>\n<td width=\"44\" valign=\"top\">3\u00ba<\/td>\n<td width=\"132\" valign=\"top\">Damas<\/td>\n<td width=\"47\" valign=\"top\"><strong>444<\/strong><\/td>\n<td width=\"66\" valign=\"top\">15<\/td>\n<\/tr>\n<tr>\n<td width=\"44\" valign=\"top\">4\u00ba<\/td>\n<td width=\"132\" valign=\"top\">Manuel Fernandes<\/td>\n<td width=\"47\" valign=\"top\"><strong>433<\/strong><\/td>\n<td width=\"66\" valign=\"top\">12<\/td>\n<\/tr>\n<tr>\n<td width=\"44\" valign=\"top\">5\u00ba<\/td>\n<td width=\"132\" valign=\"top\">Azevedo<\/td>\n<td width=\"47\" valign=\"top\"><strong>412<\/strong><\/td>\n<td width=\"66\" valign=\"top\">17<\/td>\n<\/tr>\n<tr>\n<td width=\"44\" valign=\"top\">6\u00ba<\/td>\n<td width=\"132\" valign=\"top\">Oceano<\/td>\n<td width=\"47\" valign=\"top\"><strong>401<\/strong><\/td>\n<td width=\"66\" valign=\"top\">11<\/td>\n<\/tr>\n<tr>\n<td width=\"44\" valign=\"top\">7\u00ba<\/td>\n<td width=\"132\" valign=\"top\">Manecas<\/td>\n<td width=\"47\" valign=\"top\"><strong>355<\/strong><\/td>\n<td width=\"66\" valign=\"top\">16<\/td>\n<\/tr>\n<tr>\n<td width=\"44\" valign=\"top\">8\u00ba<\/td>\n<td width=\"132\" valign=\"top\">Jos\u00e9 Carlos<\/td>\n<td width=\"47\" valign=\"top\"><strong>348<\/strong><\/td>\n<td width=\"66\" valign=\"top\">12<\/td>\n<\/tr>\n<tr>\n<td width=\"44\" valign=\"top\">9\u00ba<\/td>\n<td width=\"132\" valign=\"top\">Pedro Barbosa<\/td>\n<td width=\"47\" valign=\"top\"><strong>342<\/strong><\/td>\n<td width=\"66\" valign=\"top\">10<\/td>\n<\/tr>\n<tr>\n<td width=\"44\" valign=\"top\">10\u00ba<\/td>\n<td width=\"132\" valign=\"top\">Vasques<\/td>\n<td width=\"47\" valign=\"top\"><strong>340<\/strong><\/td>\n<td width=\"66\" valign=\"top\">13<\/td>\n<\/tr>\n<\/tbody>\n<\/table>\n<div class=\"tweetthis\" style=\"text-align:left;\"><p> <a target=\"_blank\" rel=\"nofollow\" class=\"tt\" href=\"http:\/\/twitter.com\/home\/?status=Recorde+no+clube+%E2%80%93+Os+10+futebolistas+com+mais+presen%C3%A7as+https%3A%2F%2Fis.gd%2Fs40L1k\" title=\"Post to Twitter\"><img decoding=\"async\" class=\"nothumb\" src=\"http:\/\/www.sportingcanal.com\/wp-content\/plugins\/tweet-this\/icons\/en\/twitter\/tt-twitter6.png\" alt=\"Post to Twitter\" \/><\/a><\/p><\/div>","protected":false},"excerpt":{"rendered":"<p>Hil\u00e1rio \u00e9 o futebolista da Hist\u00f3ria do Sporting com mais presen\u00e7as em jogos oficiais, 471. O habitualmente defesa-esquerdo esteve 15 temporadas no clube tendo ganho uma Ta\u00e7a das Ta\u00e7as, 3 Campeonatos Nacionais e 3 Ta\u00e7as de Portugal. Esta lista est\u00e1 atualizada at\u00e9 ao final da temporada 2021\/22. Vejamos agora quem s\u00e3o os 10 mais: CLA [&hellip;]<\/p>\n","protected":false},"author":1,"featured_media":0,"comment_status":"open","ping_status":"open","sticky":false,"template":"","format":"standard","meta":{"_et_pb_use_builder":"","_et_pb_old_content":"","_et_gb_content_width":"","footnotes":""},"categories":[58],"tags":[8],"_links":{"self":[{"href":"https:\/\/www.sportingcanal.com\/index.php?rest_route=\/wp\/v2\/posts\/204"}],"collection":[{"href":"https:\/\/www.sportingcanal.com\/index.php?rest_route=\/wp\/v2\/posts"}],"about":[{"href":"https:\/\/www.sportingcanal.com\/index.php?rest_route=\/wp\/v2\/types\/post"}],"author":[{"embeddable":true,"href":"https:\/\/www.sportingcanal.com\/index.php?rest_route=\/wp\/v2\/users\/1"}],"replies":[{"embeddable":true,"href":"https:\/\/www.sportingcanal.com\/index.php?rest_route=%2Fwp%2Fv2%2Fcomments&post=204"}],"version-history":[{"count":37,"href":"https:\/\/www.sportingcanal.com\/index.php?rest_route=\/wp\/v2\/posts\/204\/revisions"}],"predecessor-version":[{"id":209,"href":"https:\/\/www.sportingcanal.com\/index.php?rest_route=\/wp\/v2\/posts\/204\/revisions\/209"}],"wp:attachment":[{"href":"https:\/\/www.sportingcanal.com\/index.php?rest_route=%2Fwp%2Fv2%2Fmedia&parent=204"}],"wp:term":[{"taxonomy":"category","embeddable":true,"href":"https:\/\/www.sportingcanal.com\/index.php?rest_route=%2Fwp%2Fv2%2Fcategories&post=204"},{"taxonomy":"post_tag","embeddable":true,"href":"https:\/\/www.sportingcanal.com\/index.php?rest_route=%2Fwp%2Fv2%2Ftags&post=204"}],"curies":[{"name":"wp","href":"https:\/\/api.w.org\/{rel}","templated":true}]}}