{"id":20919,"date":"2026-01-10T10:00:45","date_gmt":"2026-01-10T09:00:45","guid":{"rendered":"http:\/\/www.sportingcanal.com\/?p=20919"},"modified":"2026-01-10T13:54:55","modified_gmt":"2026-01-10T12:54:55","slug":"futsal-sporting-2-fundao-0-ganhamos-a-1%c2%aa-edicao-da-taca-da-liga","status":"publish","type":"post","link":"https:\/\/www.sportingcanal.com\/?p=20919","title":{"rendered":"2016 \u2013 Ganh\u00e1mos a 1\u00aa edi\u00e7\u00e3o da Ta\u00e7a da Liga em Futsal!"},"content":{"rendered":"<p>10 de Janeiro de 2016. A FPF organizou pela 1\u00aa vez a Ta\u00e7a da Liga de Futsal (competi\u00e7\u00e3o disputada entre os 8 primeiros classificados da 1\u00aa volta do Campeonato). A prova realizou-se em Oliveira de Azem\u00e9is no Pavilh\u00e3o Dr. Salvador Machado.<\/p>\n<p>Nos quartos-de-final de final da competi\u00e7\u00e3o, a 7 de Janeiro, o Sporting come\u00e7ou por derrotar o Burinhosa por 4-3. Talvez se esperasse mais facilidades, os le\u00f5es at\u00e9 estiveram a vencer por 4-1 mas depois permitiram uma animosa rea\u00e7\u00e3o ao advers\u00e1rio que &#8220;vendeu cara&#8221; a derrota. Os golos leoninos foram de Diogo (2), Fortino e F\u00e1bio Lima.<\/p>\n<p>2 dias depois veio o jogo com das meias-finais com o Modicus (que havia eliminado o Braga nos penaltis). A\u00ed j\u00e1 se esperava uma partida mais dif\u00edcil mas a resposta leonina foi ainda mais afirmativa. Apesar de terem chegado ao intervalo a perder por 2-1, os sportinguistas estiveram em grande plano no 2\u00ba tempo e acabaram por triunfar por 5-2 com golos de Fortino (2), Caio Japa, Cavinato e Jo\u00e3o Matos.<\/p>\n<p>A 10 de Janeiro, domingo, veio a final perante o Fund\u00e3o &#8211; a equipa que eliminara o Benfica e o SL Olivais e se apresentava em grande forma &#8211; e mais de 2.000 pessoas.<\/p>\n<p>O Sporting alinhou inicialmente com Marc\u00e3o, Pedro Cary, Cavinato, F\u00e1bio Lima e Caio Japa. Jo\u00e3o Benedito, Dj\u00f4, Fortino, Merlin e Diogo tamb\u00e9m estiveram presentes nesta excelente conquista!<\/p>\n<p>O jogo foi muito competitivo e disputado. Fazendo uma partida muito rigorosa taticamente e tirando partido da mais-valia coletiva e individual, os sportinguistas (orientados por Nuno Dias) conquistaram o trof\u00e9u ao vencerem por 2-0 com bis do italiano Cavinato aos 14 (rematou certeiro com o p\u00e9 esquerdo depois da assist\u00eancia de Fortino)\u00a0e 30 minutos de jogo (emendando \u00e0 &#8220;boca da baliza&#8221; um remate de Pedro Cary).<\/p>\n<p>O Sporting foi superior em todos os cap\u00edtulos &#8211; fez mais remates (44 contra 23), mais remates \u00e0 baliza (19 contra 8), teve mais posse, volume de jogo e efic\u00e1cia. No final foi muito bonito ver ambas as equipas fazerem um corredor de honra ao advers\u00e1rio &#8211; muito &#8220;fair-play&#8221; e desportivismo de ambas os conjuntos! Na entrega do trof\u00e9u Jo\u00e3o Benedito fez quest\u00e3o de que Fernando Gomes (presidente da FPF) entregasse a Ta\u00e7a para que a erguessem aos sub-capit\u00e3es Pedro Cary e Jo\u00e3o Matos.<\/p>\n<p>O treinador Nuno Dias tornou-se o \u00fanico a vencer todas as provas oficiais em Portugal!<\/p>\n<p><a href=\"https:\/\/www.youtube.com\/watch?v=6jh2ml4xyUU\">v\u00eddeo<\/a><\/p>\n<div class=\"tweetthis\" style=\"text-align:left;\"><p> <a target=\"_blank\" rel=\"nofollow\" class=\"tt\" href=\"http:\/\/twitter.com\/home\/?status=2016+%E2%80%93+Ganh%C3%A1mos+a+1%C2%AA+edi%C3%A7%C3%A3o+da+Ta%C3%A7a+da+Liga+em+Futsal%21+https%3A%2F%2Fis.gd%2Ff7XKoA\" title=\"Post to Twitter\"><img decoding=\"async\" class=\"nothumb\" src=\"http:\/\/www.sportingcanal.com\/wp-content\/plugins\/tweet-this\/icons\/en\/twitter\/tt-twitter6.png\" alt=\"Post to Twitter\" \/><\/a><\/p><\/div>","protected":false},"excerpt":{"rendered":"<p>10 de Janeiro de 2016. A FPF organizou pela 1\u00aa vez a Ta\u00e7a da Liga de Futsal (competi\u00e7\u00e3o disputada entre os 8 primeiros classificados da 1\u00aa volta do Campeonato). A prova realizou-se em Oliveira de Azem\u00e9is no Pavilh\u00e3o Dr. Salvador Machado. Nos quartos-de-final de final da competi\u00e7\u00e3o, a 7 de Janeiro, o Sporting come\u00e7ou por [&hellip;]<\/p>\n","protected":false},"author":1,"featured_media":20932,"comment_status":"open","ping_status":"closed","sticky":false,"template":"","format":"standard","meta":{"_et_pb_use_builder":"","_et_pb_old_content":"","_et_gb_content_width":"","footnotes":""},"categories":[17],"tags":[16,67],"_links":{"self":[{"href":"https:\/\/www.sportingcanal.com\/index.php?rest_route=\/wp\/v2\/posts\/20919"}],"collection":[{"href":"https:\/\/www.sportingcanal.com\/index.php?rest_route=\/wp\/v2\/posts"}],"about":[{"href":"https:\/\/www.sportingcanal.com\/index.php?rest_route=\/wp\/v2\/types\/post"}],"author":[{"embeddable":true,"href":"https:\/\/www.sportingcanal.com\/index.php?rest_route=\/wp\/v2\/users\/1"}],"replies":[{"embeddable":true,"href":"https:\/\/www.sportingcanal.com\/index.php?rest_route=%2Fwp%2Fv2%2Fcomments&post=20919"}],"version-history":[{"count":25,"href":"https:\/\/www.sportingcanal.com\/index.php?rest_route=\/wp\/v2\/posts\/20919\/revisions"}],"predecessor-version":[{"id":39477,"href":"https:\/\/www.sportingcanal.com\/index.php?rest_route=\/wp\/v2\/posts\/20919\/revisions\/39477"}],"wp:featuredmedia":[{"embeddable":true,"href":"https:\/\/www.sportingcanal.com\/index.php?rest_route=\/wp\/v2\/media\/20932"}],"wp:attachment":[{"href":"https:\/\/www.sportingcanal.com\/index.php?rest_route=%2Fwp%2Fv2%2Fmedia&parent=20919"}],"wp:term":[{"taxonomy":"category","embeddable":true,"href":"https:\/\/www.sportingcanal.com\/index.php?rest_route=%2Fwp%2Fv2%2Fcategories&post=20919"},{"taxonomy":"post_tag","embeddable":true,"href":"https:\/\/www.sportingcanal.com\/index.php?rest_route=%2Fwp%2Fv2%2Ftags&post=20919"}],"curies":[{"name":"wp","href":"https:\/\/api.w.org\/{rel}","templated":true}]}}