{"id":2114,"date":"2026-02-09T07:30:49","date_gmt":"2026-02-09T06:30:49","guid":{"rendered":"http:\/\/www.sportingcanal.com\/?p=2114"},"modified":"2026-02-08T20:37:25","modified_gmt":"2026-02-08T19:37:25","slug":"ionela-tarlea-atleta-de-craveira-mundial","status":"publish","type":"post","link":"https:\/\/www.sportingcanal.com\/?p=2114","title":{"rendered":"Ionela T\u00e2rlea \u2013 Velocista de craveira mundial"},"content":{"rendered":"<p>Nasceu a 9 de Fevereiro de 1976 em Craiova &#8211; Rom\u00e9nia.\u00a0Atleta de grande n\u00edvel, tinha conseguido ficar entre as finalistas ol\u00edmpicas na prova dos 400 metros barreiras, mas sem chegar \u00e0s medalhas, em 1996, (Atlanta &#8211; 7\u00aa classificada) e 2000 (Sidney &#8211; 6\u00aa classificada). Em Atenas (2004) ganhou finalmente uma medalha ao classificar-se no 2\u00ba lugar numa prova emocionante com 53,38s ficando a 56 cent\u00e9simos do ouro, que foi para a grega Fania Halkin.<\/p>\n<p>\u201cSinto-me muito satisfeita porque era um objetivo que vinha perseguindo desde Atlanta. Em Sidney melhorei, mas n\u00e3o foi o suficiente e esta era a oportunidade que n\u00e3o podia desperdi\u00e7ar\u201d, confessou no final a atleta romena, cuja liga\u00e7\u00e3o ao Sporting (durante 3 anos) fez quest\u00e3o de sublinhar aos jornalistas presentes: \u201cO Sporting \u00e9 o melhor clube de Atletismo que existe\u201d, afirmou.<br \/>\nA medalha de Ionela Tirlea foi a 4\u00aa conquistada pelos atletas do Sporting nos Jogos Ol\u00edmpicos de Atenas: depois de Yuri Bilonog (1\u00ba no lan\u00e7amento do peso), Francis Obikwelu (2\u00ba nos 100 metros) e Rui Silva (3\u00ba nos 1.500 metros).<\/p>\n<p>J\u00e1 nesse ano de 2004, em Junho, Ionela tinha estado em destaque ao vencer os 200 e 400 metros na Ta\u00e7a do Campe\u00f5es Europeus de Atletismo, factos decisivos para o 6\u00ba lugar final obtido e manuten\u00e7\u00e3o da equipa sportinguista na elite europeia.<\/p>\n<p>No palmar\u00e9s da romena constam ainda, como feitos mais not\u00e1veis, as vit\u00f3rias no Campeonato do Mundo de juniores em 1994 (400 metros barreiras), Campeonato do Mundo de pista coberta em 1999 (200 metros) e Campeonato da Europa em 2002 (400 metros barreiras).<\/p>\n<div class=\"tweetthis\" style=\"text-align:left;\"><p> <a target=\"_blank\" rel=\"nofollow\" class=\"tt\" href=\"http:\/\/twitter.com\/home\/?status=Ionela+T%C3%A2rlea+%E2%80%93+Velocista+de+craveira+mundial+Error%3A+database+query+failed\" title=\"Post to Twitter\"><img decoding=\"async\" class=\"nothumb\" src=\"http:\/\/www.sportingcanal.com\/wp-content\/plugins\/tweet-this\/icons\/en\/twitter\/tt-twitter6.png\" alt=\"Post to Twitter\" \/><\/a><\/p><\/div>","protected":false},"excerpt":{"rendered":"<p>Nasceu a 9 de Fevereiro de 1976 em Craiova &#8211; Rom\u00e9nia.\u00a0Atleta de grande n\u00edvel, tinha conseguido ficar entre as finalistas ol\u00edmpicas na prova dos 400 metros barreiras, mas sem chegar \u00e0s medalhas, em 1996, (Atlanta &#8211; 7\u00aa classificada) e 2000 (Sidney &#8211; 6\u00aa classificada). Em Atenas (2004) ganhou finalmente uma medalha ao classificar-se no 2\u00ba [&hellip;]<\/p>\n","protected":false},"author":1,"featured_media":2115,"comment_status":"open","ping_status":"open","sticky":false,"template":"","format":"standard","meta":{"_et_pb_use_builder":"","_et_pb_old_content":"","_et_gb_content_width":"","footnotes":""},"categories":[63],"tags":[21,201],"_links":{"self":[{"href":"https:\/\/www.sportingcanal.com\/index.php?rest_route=\/wp\/v2\/posts\/2114"}],"collection":[{"href":"https:\/\/www.sportingcanal.com\/index.php?rest_route=\/wp\/v2\/posts"}],"about":[{"href":"https:\/\/www.sportingcanal.com\/index.php?rest_route=\/wp\/v2\/types\/post"}],"author":[{"embeddable":true,"href":"https:\/\/www.sportingcanal.com\/index.php?rest_route=\/wp\/v2\/users\/1"}],"replies":[{"embeddable":true,"href":"https:\/\/www.sportingcanal.com\/index.php?rest_route=%2Fwp%2Fv2%2Fcomments&post=2114"}],"version-history":[{"count":24,"href":"https:\/\/www.sportingcanal.com\/index.php?rest_route=\/wp\/v2\/posts\/2114\/revisions"}],"predecessor-version":[{"id":39629,"href":"https:\/\/www.sportingcanal.com\/index.php?rest_route=\/wp\/v2\/posts\/2114\/revisions\/39629"}],"wp:featuredmedia":[{"embeddable":true,"href":"https:\/\/www.sportingcanal.com\/index.php?rest_route=\/wp\/v2\/media\/2115"}],"wp:attachment":[{"href":"https:\/\/www.sportingcanal.com\/index.php?rest_route=%2Fwp%2Fv2%2Fmedia&parent=2114"}],"wp:term":[{"taxonomy":"category","embeddable":true,"href":"https:\/\/www.sportingcanal.com\/index.php?rest_route=%2Fwp%2Fv2%2Fcategories&post=2114"},{"taxonomy":"post_tag","embeddable":true,"href":"https:\/\/www.sportingcanal.com\/index.php?rest_route=%2Fwp%2Fv2%2Ftags&post=2114"}],"curies":[{"name":"wp","href":"https:\/\/api.w.org\/{rel}","templated":true}]}}