{"id":2118,"date":"2026-02-19T08:00:28","date_gmt":"2026-02-19T07:00:28","guid":{"rendered":"http:\/\/www.sportingcanal.com\/?p=2118"},"modified":"2026-02-19T13:24:59","modified_gmt":"2026-02-19T12:24:59","slug":"rodrigo-garrido-voava-sobre-duas-rodas","status":"publish","type":"post","link":"https:\/\/www.sportingcanal.com\/?p=2118","title":{"rendered":"Rodrigo Garrido \u2013 \u201cVoava\u201d sobre duas rodas"},"content":{"rendered":"<p>Entre 1930 e 1935 Rodrigo Garrido imp\u00f4s-se com grande classe em quase todas as provas de Ciclismo de velocidade em que participou.<\/p>\n<p>A 14 de Setembro de 1930 obteve o seu 1\u00ba grande triunfo, ao dominar o Regional de velocidade. Uma semana depois, na Avenida Todi, em Set\u00fabal (perante grande assist\u00eancia), levou a melhor sobre o companheiro de equipa Jo\u00e3o de Sousa.<\/p>\n<p>Em 18 de Outubro de 1931 voltou a ser campe\u00e3o regional (derrotando de novo Jo\u00e3o de Sousa), para a 8 de Novembro de sagrar bi-campe\u00e3o nacional, desta vez deixando Alfredo de Sousa em 2\u00ba.<\/p>\n<p>O grande rival do seu tempo foi Francisco Assun\u00e7\u00e3o e Silva, outro ciclista veloc\u00edssimo e que tamb\u00e9m corria no Sporting. A 2 de Outubro de 1932 Garrido levou a melhor sobre Assun\u00e7\u00e3o e Silva, vencendo o seu 3\u00ba Regional de velocidade consecutivo. O mesmo aconteceu 3 semanas depois no Nacional, por uma diferen\u00e7a de uma roda.<\/p>\n<p>Por estes anos, no final da Volta a Portugal, realizava-se um Festival com provas de velocidade. A 20 de Agosto de 1933, no Est\u00e1dio do Lumiar, Francisco Garrido foi (desta vez) batido por Assun\u00e7\u00e3o e Silva. No entanto, o melhor estava para vir, e Garrido voltou a\u201d impor a sua lei\u201d no Distrital e no Nacional (sempre perante Assun\u00e7\u00e3o e Silva), neste caso, e segundo o jornal \u201cOs Sports\u201d, \u201ccom um sprint verdadeiramente fenomenal\u201d.<\/p>\n<p>A 15 de Julho de 1934, aquilo que j\u00e1 parecia uma inevitabilidade aconteceu, Rodrigo Garrido foi pela 5\u00aa vez consecutiva campe\u00e3o regional de velocidade (outra vez com Assun\u00e7\u00e3o e Silva em 2\u00ba). Partiu, por isso, como favorito (era tetra-campe\u00e3o) para o Nacional a realizar no \u201cStadium\u201d. No entanto, ap\u00f3s v\u00e1rias eliminat\u00f3rias, foi Assun\u00e7\u00e3o e Silva a vencer (numa final a duas m\u00e3os), primeiro apenas por alguns cent\u00edmetros, mas depois por comprimento e meio de bicicleta. O \u201creinado\u201d acabara\u2026<\/p>\n<p>Ainda assim, e j\u00e1 numa fase descendente da carreira, Rodrigo Garrido obteve o seu \u00faltimo grande triunfo no Regional de velocidade de Maio de 1935 (6\u00aa vit\u00f3ria consecutiva!). Na grande final do Nacional voltou a ser derrotado por Assun\u00e7\u00e3o e Silva, de novo em duas m\u00e3os, primeiro por meia roda e depois por meio comprimento de bicicleta.<\/p>\n<p>Em suma, entre 1930 e 1935, Rodrigo Garrido foi o \u201crei\u201d da velocidade em Portugal, amealhando 4 Campeonatos Nacionais (consecutivos) e 6 Regionais (tamb\u00e9m consecutivos) ficando para sempre na Hist\u00f3ria do Ciclismo do Sporting e de Portugal.<\/p>\n<div class=\"tweetthis\" style=\"text-align:left;\"><p> <a target=\"_blank\" rel=\"nofollow\" class=\"tt\" href=\"http:\/\/twitter.com\/home\/?status=Rodrigo+Garrido+%E2%80%93+%E2%80%9CVoava%E2%80%9D+sobre+duas+rodas+https%3A%2F%2Fis.gd%2FLkCfO6\" title=\"Post to Twitter\"><img decoding=\"async\" class=\"nothumb\" src=\"http:\/\/www.sportingcanal.com\/wp-content\/plugins\/tweet-this\/icons\/en\/twitter\/tt-twitter6.png\" alt=\"Post to Twitter\" \/><\/a><\/p><\/div>","protected":false},"excerpt":{"rendered":"<p>Entre 1930 e 1935 Rodrigo Garrido imp\u00f4s-se com grande classe em quase todas as provas de Ciclismo de velocidade em que participou. A 14 de Setembro de 1930 obteve o seu 1\u00ba grande triunfo, ao dominar o Regional de velocidade. Uma semana depois, na Avenida Todi, em Set\u00fabal (perante grande assist\u00eancia), levou a melhor sobre [&hellip;]<\/p>\n","protected":false},"author":1,"featured_media":2119,"comment_status":"open","ping_status":"open","sticky":false,"template":"","format":"standard","meta":{"_et_pb_use_builder":"","_et_pb_old_content":"","_et_gb_content_width":"","footnotes":""},"categories":[63],"tags":[22,29],"_links":{"self":[{"href":"https:\/\/www.sportingcanal.com\/index.php?rest_route=\/wp\/v2\/posts\/2118"}],"collection":[{"href":"https:\/\/www.sportingcanal.com\/index.php?rest_route=\/wp\/v2\/posts"}],"about":[{"href":"https:\/\/www.sportingcanal.com\/index.php?rest_route=\/wp\/v2\/types\/post"}],"author":[{"embeddable":true,"href":"https:\/\/www.sportingcanal.com\/index.php?rest_route=\/wp\/v2\/users\/1"}],"replies":[{"embeddable":true,"href":"https:\/\/www.sportingcanal.com\/index.php?rest_route=%2Fwp%2Fv2%2Fcomments&post=2118"}],"version-history":[{"count":25,"href":"https:\/\/www.sportingcanal.com\/index.php?rest_route=\/wp\/v2\/posts\/2118\/revisions"}],"predecessor-version":[{"id":39677,"href":"https:\/\/www.sportingcanal.com\/index.php?rest_route=\/wp\/v2\/posts\/2118\/revisions\/39677"}],"wp:featuredmedia":[{"embeddable":true,"href":"https:\/\/www.sportingcanal.com\/index.php?rest_route=\/wp\/v2\/media\/2119"}],"wp:attachment":[{"href":"https:\/\/www.sportingcanal.com\/index.php?rest_route=%2Fwp%2Fv2%2Fmedia&parent=2118"}],"wp:term":[{"taxonomy":"category","embeddable":true,"href":"https:\/\/www.sportingcanal.com\/index.php?rest_route=%2Fwp%2Fv2%2Fcategories&post=2118"},{"taxonomy":"post_tag","embeddable":true,"href":"https:\/\/www.sportingcanal.com\/index.php?rest_route=%2Fwp%2Fv2%2Ftags&post=2118"}],"curies":[{"name":"wp","href":"https:\/\/api.w.org\/{rel}","templated":true}]}}