{"id":2128,"date":"2026-02-11T08:30:38","date_gmt":"2026-02-11T07:30:38","guid":{"rendered":"http:\/\/www.sportingcanal.com\/?p=2128"},"modified":"2026-02-11T14:04:24","modified_gmt":"2026-02-11T13:04:24","slug":"ricardo-magnificos-reflexos-e-muito-bom-jogo-de-pes","status":"publish","type":"post","link":"https:\/\/www.sportingcanal.com\/?p=2128","title":{"rendered":"Ricardo \u2013 Magn\u00edficos reflexos e muito bom jogo de p\u00e9s"},"content":{"rendered":"<p>Ricardo Alexandre Martins Soares Pereira nasceu a 11 de Fevereiro de 1976 no Montijo. Come\u00e7ou por jogar no clube da sua terra (chegou a ser avan\u00e7ado \u2013 e por isso, mais tarde, como senior, jogava muito bem com os p\u00e9s) at\u00e9 o treinador Manuel Jos\u00e9 (ent\u00e3o do Boavista) o contratar com apenas 19 anos.<\/p>\n<p>No Bessa come\u00e7ou, pouco a pouco, a destacar-se ganhando a titularidade e conquistando trof\u00e9us (avultando o t\u00edtulo de campe\u00e3o em 2000\/01), o que o levou a chegar \u00e0 Sele\u00e7\u00e3o nacional. A\u00ed foi criada grande pol\u00e9mica pela prefer\u00eancia de Scolari por ele em detrimento de V\u00edtor Ba\u00eda, mas, com \u201cnervos de a\u00e7o\u201d, Ricardo foi desempenhando de forma positiva o seu papel por Portugal (onde somou 79 internacionaliza\u00e7\u00f5es). Destacou-se nesse particular nos \u201clend\u00e1rios\u201d desempates por pontap\u00e9s da marca de grande-penalidade frente \u00e0 Inglaterra.<\/p>\n<p>Depois de estar pert\u00edssimo de assinar pelo Benfica acabou contratado pelo Sporting no Ver\u00e3o de 2003. Estreou-se oficialmente a 16 de Agosto frente \u00e0 Acad\u00e9mica (2-1), em jogo da 1\u00aa jornada do Campeonato Nacional.<\/p>\n<p>No Sporting esperava-se de Ricardo que fosse um super guarda-redes, o que n\u00e3o se verificou. Ainda assim foi titular\u00edssimo logo na 1\u00aa \u00e9poca, com Fernando Santos. Na temporada seguinte (sob o comando de Jos\u00e9 Peseiro) voltou a ser o &#8220;dono da baliza&#8221;, no entanto tanto se mostrava muito bom \u201centre os postes\u201d como algo comprometedor fora deles. Nesse ano, 2005, ajudou os le\u00f5es a chegar \u00e0 final da Ta\u00e7a UEFA, mas um misto de erro seu com carga de Luis\u00e3o levou a uma derrota na Luz que deitou tudo a perder no Campeonato Nacional\u2026<\/p>\n<p>Em 2005\/06, ap\u00f3s a chegada de Paulo Bento, Ricardo viveu os melhores momentos em Alvalade, chegando mesmo a ser fant\u00e1stico e indiscutivelmente o melhor de Portugal. Na \u00e9poca seguinte o cen\u00e1rio manteve-se &#8211; esteve em grande plano.<\/p>\n<p>Fez a sua \u00faltima partida de \u201cle\u00e3o ao peito\u201d a 27 de Maio de 2007 na final da Ta\u00e7a de Portugal ganha ao Belenenses por 1-0 (que constituiu o seu \u00fanico t\u00edtulo pelo clube). Pouco tempo depois saiu para o B\u00e9tis de Sevilha que lhe apresentou condi\u00e7\u00f5es econ\u00f3micas muito superiores \u00e0s que o Sporting lhe oferecia.<\/p>\n<p>No total esteve 4 \u00e9pocas em Alvalade, realizando 158 jogos oficiais e sofrendo 131 golos.<\/p>\n<p>Em Espanha n\u00e3o foi feliz (a equipa acabou por descer ao 2\u00ba escal\u00e3o) e Ricardo passou mesmo muito tempo sem jogar at\u00e9 assinar pelo Leicester, de Eriksson, em Janeiro de 2011. Depois regressou a Portugal para alinhar no Vit\u00f3ria de Set\u00fabal e Olhanense. Terminou a carreira em 2014.<\/p>\n<div class=\"tweetthis\" style=\"text-align:left;\"><p> <a target=\"_blank\" rel=\"nofollow\" class=\"tt\" href=\"http:\/\/twitter.com\/home\/?status=Ricardo+%E2%80%93+Magn%C3%ADficos+reflexos+e+muito+bom+jogo+de+p%C3%A9s+https%3A%2F%2Fis.gd%2Fiz7ufG\" title=\"Post to Twitter\"><img decoding=\"async\" class=\"nothumb\" src=\"http:\/\/www.sportingcanal.com\/wp-content\/plugins\/tweet-this\/icons\/en\/twitter\/tt-twitter6.png\" alt=\"Post to Twitter\" \/><\/a><\/p><\/div>","protected":false},"excerpt":{"rendered":"<p>Ricardo Alexandre Martins Soares Pereira nasceu a 11 de Fevereiro de 1976 no Montijo. Come\u00e7ou por jogar no clube da sua terra (chegou a ser avan\u00e7ado \u2013 e por isso, mais tarde, como senior, jogava muito bem com os p\u00e9s) at\u00e9 o treinador Manuel Jos\u00e9 (ent\u00e3o do Boavista) o contratar com apenas 19 anos. No [&hellip;]<\/p>\n","protected":false},"author":1,"featured_media":2230,"comment_status":"open","ping_status":"open","sticky":false,"template":"","format":"standard","meta":{"_et_pb_use_builder":"","_et_pb_old_content":"","_et_gb_content_width":"","footnotes":""},"categories":[63],"tags":[8,52,206],"_links":{"self":[{"href":"https:\/\/www.sportingcanal.com\/index.php?rest_route=\/wp\/v2\/posts\/2128"}],"collection":[{"href":"https:\/\/www.sportingcanal.com\/index.php?rest_route=\/wp\/v2\/posts"}],"about":[{"href":"https:\/\/www.sportingcanal.com\/index.php?rest_route=\/wp\/v2\/types\/post"}],"author":[{"embeddable":true,"href":"https:\/\/www.sportingcanal.com\/index.php?rest_route=\/wp\/v2\/users\/1"}],"replies":[{"embeddable":true,"href":"https:\/\/www.sportingcanal.com\/index.php?rest_route=%2Fwp%2Fv2%2Fcomments&post=2128"}],"version-history":[{"count":27,"href":"https:\/\/www.sportingcanal.com\/index.php?rest_route=\/wp\/v2\/posts\/2128\/revisions"}],"predecessor-version":[{"id":39640,"href":"https:\/\/www.sportingcanal.com\/index.php?rest_route=\/wp\/v2\/posts\/2128\/revisions\/39640"}],"wp:featuredmedia":[{"embeddable":true,"href":"https:\/\/www.sportingcanal.com\/index.php?rest_route=\/wp\/v2\/media\/2230"}],"wp:attachment":[{"href":"https:\/\/www.sportingcanal.com\/index.php?rest_route=%2Fwp%2Fv2%2Fmedia&parent=2128"}],"wp:term":[{"taxonomy":"category","embeddable":true,"href":"https:\/\/www.sportingcanal.com\/index.php?rest_route=%2Fwp%2Fv2%2Fcategories&post=2128"},{"taxonomy":"post_tag","embeddable":true,"href":"https:\/\/www.sportingcanal.com\/index.php?rest_route=%2Fwp%2Fv2%2Ftags&post=2128"}],"curies":[{"name":"wp","href":"https:\/\/api.w.org\/{rel}","templated":true}]}}