{"id":2147,"date":"2026-02-14T08:00:36","date_gmt":"2026-02-14T07:00:36","guid":{"rendered":"http:\/\/www.sportingcanal.com\/?p=2147"},"modified":"2026-02-14T20:47:05","modified_gmt":"2026-02-14T19:47:05","slug":"manoel-possante-e-batalhador","status":"publish","type":"post","link":"https:\/\/www.sportingcanal.com\/?p=2147","title":{"rendered":"Manoel \u2013 Possante e batalhador"},"content":{"rendered":"<p>Manoel da Silva Costa nasceu a 14 de Fevereiro de 1953 em Uruguaiana \u2013 Rio Grande do Sul \u2013 Brasil.\u00a0Chegou a Alvalade proveniente do Internacional de Porto Alegre (onde havia feito toda a carreira at\u00e9 ao momento) j\u00e1 na parte final da temporada 1975\/76.\u00a0Disse na altura o jornal \u201cA Bola\u201d que Manoel chegou \u201cdos 35 graus do Brasil para os 11 de Lisboa sem uma simples camisola porque n\u00e3o pensava embarcar t\u00e3o de repente.\u201d<\/p>\n<p>Na sua 1\u00aa entrevista referiu que levou muito tempo a estudar o convite do Sporting, hesitando, com medo da revolu\u00e7\u00e3o, mas acrescentou: \u201cNo Brasil, jornais, r\u00e1dio e TV falam das vossas brigas mas tudo o que h\u00e1 c\u00e1 de bom n\u00e3o passa l\u00e1, n\u00e3o!\u201d<\/p>\n<p>Estreou-se oficialmente (sob o comando de Juca) a 11 de Abril em Braga (1-2) para o Campeonato Nacional, marcando o seu 1\u00ba golo (que valeu o apuramento) a 15 de Maio nos 1\/4 final da Ta\u00e7a de Portugal frente ao Varzim (1-0).<\/p>\n<p>Na temporada seguinte (j\u00e1 com Jimmy Hagan) formou um trio de ataque magn\u00edfico com Keita e Manuel Fernandes. Os le\u00f5es tiveram uma 1\u00aa metade de temporada excelente mas depois baixaram muito de rendimento acabando por n\u00e3o conseguir qualquer t\u00edtulo. A 13 de Mar\u00e7o de 1977 Manoel teve o momento mais alto ao servi\u00e7o do Sporting, marcando os 3 golos com que os le\u00f5es eliminaram o Benfica da Ta\u00e7a de Portugal.<\/p>\n<p>Para 1977\/78 chegou Jord\u00e3o e o trio virou quarteto. \u00c9 evidente que n\u00e3o jogavam todos ao mesmo tempo (at\u00e9 porque Jord\u00e3o esteve muito tempo lesionado), mas Paulo Em\u00edlio e, posteriormente, Rodrigues Dias, n\u00e3o se podiam queixar de falta de op\u00e7\u00f5es atacantes. No final os le\u00f5es arrebataram a Ta\u00e7a de Portugal numa final\u00edssima frente ao FC Porto (a 1\u00aa conquista de Manoel de verde e branco).<\/p>\n<p>Em 1978\/79 era Milorad Pavic o t\u00e9cnico leonino. Manoel voltou a jogar com grande assiduidade. Mais uma vez Jord\u00e3o passou muito tempo lesionado e Keita saiu para o Estados Unidos antes do final da temporada. Finalmente, em 1980, sob o comando de Rodrigues Dias (primeiro) e Fernando Mendes (depois), o batalhador brasileiro festejou o t\u00edtulo de campe\u00e3o nacional, numa equipa em que alinhou na grande maioria dos jogos com a companhia de Manuel Fernandes e Jord\u00e3o &#8211; um trio que ficou para a Hist\u00f3ria.<\/p>\n<p>1980\/81 foi a \u00faltima temporada de Manoel no Sporting. O trio atacante da temporada anterior manteve-se mas o rendimento esteve abaixo do esperado. Apesar de contar apenas 28 anos e de muitos sportinguistas pensarem que ainda teria capacidades para permanecer no clube, o atacante brasileiro foi dispensado. A 31 de Maio de 1981 fez o \u00faltimo jogo pelos le\u00f5es na rece\u00e7\u00e3o ao Acad\u00e9mico de Coimbra para a \u00faltima jornada do Campeonato, marcando 1 golo no triunfo por 3-0.<\/p>\n<p>No total esteve 6 \u00e9pocas no Sporting realizando 148 jogos oficiais e marcando 57 golos. Ganhou 1 Campeonato Nacional e uma Ta\u00e7a de Portugal. Deixou excelentes recorda\u00e7\u00f5es no Alvalade. Era um avan\u00e7ado possante com engodo pelas balizas advers\u00e1rias e que complementava muito bem o virtuosismo dos seus parceiros de ataque. Para al\u00e9m disso foi um bom companheiro, que criava um ambiente agrad\u00e1vel no balne\u00e1rio.<\/p>\n<p>Passou depois por Portimonense e Sp. Braga (no principal escal\u00e3o) e por v\u00e1rios outros clubes at\u00e9 terminar a carreira, j\u00e1 com 36 anos, no Algarve.<\/p>\n<p>Em 2010, foi v\u00edtima dum problema grave de sa\u00fade e alvo dum movimento de solidariedade protagonizado por alguns dos seus ex-companheiros no Sporting como Jos\u00e9 Eduardo ou Jord\u00e3o, tendo-se realizado um jantar na Casa XXI e feito o leil\u00e3o de 2 quadros (da autoria de Jord\u00e3o) cujas receitas se destinaram a amenizar os problemas de Manoel e respetiva fam\u00edlia. A 17 de Outubro de 2015 morreu, em casa, de paragem card\u00edaca&#8230;<\/p>\n<table border=\"1\" width=\"338\" cellspacing=\"0\" cellpadding=\"0\">\n<tbody>\n<tr>\n<td colspan=\"8\" valign=\"top\" width=\"338\"><strong>GOLOS de MANOEL ao servi\u00e7o do SPORTING<\/strong><\/td>\n<\/tr>\n<tr>\n<td valign=\"top\" width=\"73\">\u00c9POCA<\/td>\n<td valign=\"top\" width=\"34\">TC<\/td>\n<td valign=\"top\" width=\"34\">TT<\/td>\n<td valign=\"top\" width=\"34\">TU<\/td>\n<td valign=\"top\" width=\"34\">CN<\/td>\n<td valign=\"top\" width=\"34\">TP<\/td>\n<td valign=\"top\" width=\"34\">ST<\/td>\n<td valign=\"top\" width=\"61\">TOTAL<\/td>\n<\/tr>\n<tr>\n<td valign=\"top\" width=\"73\">1975\/76<\/td>\n<td valign=\"top\" width=\"34\">&#8211;<\/td>\n<td valign=\"top\" width=\"34\">&#8211;<\/td>\n<td valign=\"top\" width=\"34\">&#8211;<\/td>\n<td valign=\"top\" width=\"34\">0<\/td>\n<td valign=\"top\" width=\"34\">1<\/td>\n<td valign=\"top\" width=\"34\">&#8211;<\/td>\n<td valign=\"top\" width=\"61\">1<\/td>\n<\/tr>\n<tr>\n<td valign=\"top\" width=\"73\">1976\/77<\/td>\n<td valign=\"top\" width=\"34\">&#8211;<\/td>\n<td valign=\"top\" width=\"34\">&#8211;<\/td>\n<td valign=\"top\" width=\"34\">&#8211;<\/td>\n<td valign=\"top\" width=\"34\">5<\/td>\n<td valign=\"top\" width=\"34\">5<\/td>\n<td valign=\"top\" width=\"34\">&#8211;<\/td>\n<td valign=\"top\" width=\"61\">10<\/td>\n<\/tr>\n<tr>\n<td valign=\"top\" width=\"73\">1977\/78<\/td>\n<td valign=\"top\" width=\"34\">&#8211;<\/td>\n<td valign=\"top\" width=\"34\">&#8211;<\/td>\n<td valign=\"top\" width=\"34\">0<\/td>\n<td valign=\"top\" width=\"34\">13<\/td>\n<td valign=\"top\" width=\"34\">2<\/td>\n<td valign=\"top\" width=\"34\">&#8211;<\/td>\n<td valign=\"top\" width=\"61\">15<\/td>\n<\/tr>\n<tr>\n<td valign=\"top\" width=\"73\">1978\/79<\/td>\n<td valign=\"top\" width=\"34\">&#8211;<\/td>\n<td valign=\"top\" width=\"34\">0<\/td>\n<td valign=\"top\" width=\"34\">&#8211;<\/td>\n<td valign=\"top\" width=\"34\">7<\/td>\n<td valign=\"top\" width=\"34\">3<\/td>\n<td valign=\"top\" width=\"34\">&#8211;<\/td>\n<td valign=\"top\" width=\"61\">10<\/td>\n<\/tr>\n<tr>\n<td valign=\"top\" width=\"73\">1979\/80<\/td>\n<td valign=\"top\" width=\"34\">&#8211;<\/td>\n<td valign=\"top\" width=\"34\">&#8211;<\/td>\n<td valign=\"top\" width=\"34\">3<\/td>\n<td valign=\"top\" width=\"34\">12<\/td>\n<td valign=\"top\" width=\"34\">1<\/td>\n<td valign=\"top\" width=\"34\">&#8211;<\/td>\n<td valign=\"top\" width=\"61\">16<\/td>\n<\/tr>\n<tr>\n<td valign=\"top\" width=\"73\">1980\/81<\/td>\n<td valign=\"top\" width=\"34\">0<\/td>\n<td valign=\"top\" width=\"34\">&#8211;<\/td>\n<td valign=\"top\" width=\"34\">&#8211;<\/td>\n<td valign=\"top\" width=\"34\">5<\/td>\n<td valign=\"top\" width=\"34\">0<\/td>\n<td valign=\"top\" width=\"34\">0<\/td>\n<td valign=\"top\" width=\"61\">5<\/td>\n<\/tr>\n<tr>\n<td valign=\"top\" width=\"73\"><strong>Total<\/strong><\/td>\n<td valign=\"top\" width=\"34\"><strong>0<\/strong><\/td>\n<td valign=\"top\" width=\"34\"><strong>0<\/strong><\/td>\n<td valign=\"top\" width=\"34\"><strong>3<\/strong><\/td>\n<td valign=\"top\" width=\"34\"><strong>42<\/strong><\/td>\n<td valign=\"top\" width=\"34\"><strong>12<\/strong><\/td>\n<td valign=\"top\" width=\"34\"><strong>0<\/strong><\/td>\n<td valign=\"top\" width=\"61\"><strong>57<\/strong><\/td>\n<\/tr>\n<\/tbody>\n<\/table>\n<div class=\"tweetthis\" style=\"text-align:left;\"><p> <a target=\"_blank\" rel=\"nofollow\" class=\"tt\" href=\"http:\/\/twitter.com\/home\/?status=Manoel+%E2%80%93+Possante+e+batalhador+https%3A%2F%2Fis.gd%2Fmnx0U4\" title=\"Post to Twitter\"><img decoding=\"async\" class=\"nothumb\" src=\"http:\/\/www.sportingcanal.com\/wp-content\/plugins\/tweet-this\/icons\/en\/twitter\/tt-twitter6.png\" alt=\"Post to Twitter\" \/><\/a><\/p><\/div>","protected":false},"excerpt":{"rendered":"<p>Manoel da Silva Costa nasceu a 14 de Fevereiro de 1953 em Uruguaiana \u2013 Rio Grande do Sul \u2013 Brasil.\u00a0Chegou a Alvalade proveniente do Internacional de Porto Alegre (onde havia feito toda a carreira at\u00e9 ao momento) j\u00e1 na parte final da temporada 1975\/76.\u00a0Disse na altura o jornal \u201cA Bola\u201d que Manoel chegou \u201cdos 35 [&hellip;]<\/p>\n","protected":false},"author":1,"featured_media":2148,"comment_status":"open","ping_status":"open","sticky":false,"template":"","format":"standard","meta":{"_et_pb_use_builder":"","_et_pb_old_content":"","_et_gb_content_width":"","footnotes":""},"categories":[63],"tags":[66,8],"_links":{"self":[{"href":"https:\/\/www.sportingcanal.com\/index.php?rest_route=\/wp\/v2\/posts\/2147"}],"collection":[{"href":"https:\/\/www.sportingcanal.com\/index.php?rest_route=\/wp\/v2\/posts"}],"about":[{"href":"https:\/\/www.sportingcanal.com\/index.php?rest_route=\/wp\/v2\/types\/post"}],"author":[{"embeddable":true,"href":"https:\/\/www.sportingcanal.com\/index.php?rest_route=\/wp\/v2\/users\/1"}],"replies":[{"embeddable":true,"href":"https:\/\/www.sportingcanal.com\/index.php?rest_route=%2Fwp%2Fv2%2Fcomments&post=2147"}],"version-history":[{"count":28,"href":"https:\/\/www.sportingcanal.com\/index.php?rest_route=\/wp\/v2\/posts\/2147\/revisions"}],"predecessor-version":[{"id":39649,"href":"https:\/\/www.sportingcanal.com\/index.php?rest_route=\/wp\/v2\/posts\/2147\/revisions\/39649"}],"wp:featuredmedia":[{"embeddable":true,"href":"https:\/\/www.sportingcanal.com\/index.php?rest_route=\/wp\/v2\/media\/2148"}],"wp:attachment":[{"href":"https:\/\/www.sportingcanal.com\/index.php?rest_route=%2Fwp%2Fv2%2Fmedia&parent=2147"}],"wp:term":[{"taxonomy":"category","embeddable":true,"href":"https:\/\/www.sportingcanal.com\/index.php?rest_route=%2Fwp%2Fv2%2Fcategories&post=2147"},{"taxonomy":"post_tag","embeddable":true,"href":"https:\/\/www.sportingcanal.com\/index.php?rest_route=%2Fwp%2Fv2%2Ftags&post=2147"}],"curies":[{"name":"wp","href":"https:\/\/api.w.org\/{rel}","templated":true}]}}