{"id":2167,"date":"2026-02-15T08:30:32","date_gmt":"2026-02-15T07:30:32","guid":{"rendered":"http:\/\/www.sportingcanal.com\/?p=2167"},"modified":"2026-02-16T23:42:35","modified_gmt":"2026-02-16T22:42:35","slug":"posse-do-novo-conselho-tecnico","status":"publish","type":"post","link":"https:\/\/www.sportingcanal.com\/?p=2167","title":{"rendered":"1921 &#8211; Posse do novo Conselho T\u00e9cnico"},"content":{"rendered":"<p>15 de Fevereiro de 1921. Foi empossado o novo Conselho T\u00e9cnico do Sporting.<\/p>\n<p>A not\u00edcia saiu no dia seguinte no jornal &#8220;Os Sports&#8221;: &#8220;Decorreu com grande brilho a sess\u00e3o realizada que solenizou o ato de posse do novo conselho t\u00e9cnico do Sporting Clube de Portugal. Ao abrir a sess\u00e3o, Pedro Sanches Navarro, presidente da Assembleia Geral, frisou as vantagens incontest\u00e1veis do desporto ao ar livre, cuja intensifica\u00e7\u00e3o se tornava indispens\u00e1vel. Lembrou comovidamente a vida do Sporting, \u00e0 qual t\u00e3o intimamente estava ligada a mem\u00f3ria de Jos\u00e9 Alvalade, e afirmou que via com prazer que sob o impulso en\u00e9rgico de M\u00e1rio Pistacchini, o Sporting renascia com novas for\u00e7as. Terminou dizendo ser indispens\u00e1vel que cada um ajudasse na sua esfera de a\u00e7\u00e3o nesta nova manifesta\u00e7\u00e3o de vitalidade. Seguidamente, M\u00e1rio Pistacchini, presidente da dire\u00e7\u00e3o, deu posse aos novos membros do conselho t\u00e9cnico, a quem manifestou a confian\u00e7a que neles depositou o clube, fazendo votos para que se repitam sess\u00f5es como aquela, indispens\u00e1veis ao fomento do esp\u00edrito de uni\u00e3o que deve fazer parte de cada clube. Usaram depois da palavra Daniel Queir\u00f3s dos Santos, que salientou as vantagens da exist\u00eancia de um conselho t\u00e9cnico e a necessidade da parte de todos do melhor aux\u00edlio \u00e0 sua obra. Salazar Carreira e Francisco Stromp tamb\u00e9m falaram, este, numa breve mas calorosa alocu\u00e7\u00e3o, incitou os novos ao trabalho desportivo e ao amor ao clube, indispens\u00e1vel ao seu engrandecimento. Antes de encerrada a sess\u00e3o, J\u00falio de Ara\u00fajo (na foto de arquivo), presidente do conselho t\u00e9cnico, leu algumas palavras sobre os projetos do mesmo, e a sua melhor vontade em fazer brilhante o ano desportivo do Sporting, a quem, ao terminar, levantou uma sauda\u00e7\u00e3o calorosamente correspondida pela numerosa assist\u00eancia.&#8221;<\/p>\n<div class=\"tweetthis\" style=\"text-align:left;\"><p> <a target=\"_blank\" rel=\"nofollow\" class=\"tt\" href=\"http:\/\/twitter.com\/home\/?status=1921+%E2%80%93+Posse+do+novo+Conselho+T%C3%A9cnico+https%3A%2F%2Fis.gd%2FjetEHr\" title=\"Post to Twitter\"><img decoding=\"async\" class=\"nothumb\" src=\"http:\/\/www.sportingcanal.com\/wp-content\/plugins\/tweet-this\/icons\/en\/twitter\/tt-twitter6.png\" alt=\"Post to Twitter\" \/><\/a><\/p><\/div>","protected":false},"excerpt":{"rendered":"<p>15 de Fevereiro de 1921. Foi empossado o novo Conselho T\u00e9cnico do Sporting. A not\u00edcia saiu no dia seguinte no jornal &#8220;Os Sports&#8221;: &#8220;Decorreu com grande brilho a sess\u00e3o realizada que solenizou o ato de posse do novo conselho t\u00e9cnico do Sporting Clube de Portugal. Ao abrir a sess\u00e3o, Pedro Sanches Navarro, presidente da Assembleia [&hellip;]<\/p>\n","protected":false},"author":1,"featured_media":2171,"comment_status":"open","ping_status":"open","sticky":false,"template":"","format":"standard","meta":{"_et_pb_use_builder":"","_et_pb_old_content":"","_et_gb_content_width":"","footnotes":""},"categories":[4],"tags":[209],"_links":{"self":[{"href":"https:\/\/www.sportingcanal.com\/index.php?rest_route=\/wp\/v2\/posts\/2167"}],"collection":[{"href":"https:\/\/www.sportingcanal.com\/index.php?rest_route=\/wp\/v2\/posts"}],"about":[{"href":"https:\/\/www.sportingcanal.com\/index.php?rest_route=\/wp\/v2\/types\/post"}],"author":[{"embeddable":true,"href":"https:\/\/www.sportingcanal.com\/index.php?rest_route=\/wp\/v2\/users\/1"}],"replies":[{"embeddable":true,"href":"https:\/\/www.sportingcanal.com\/index.php?rest_route=%2Fwp%2Fv2%2Fcomments&post=2167"}],"version-history":[{"count":20,"href":"https:\/\/www.sportingcanal.com\/index.php?rest_route=\/wp\/v2\/posts\/2167\/revisions"}],"predecessor-version":[{"id":39657,"href":"https:\/\/www.sportingcanal.com\/index.php?rest_route=\/wp\/v2\/posts\/2167\/revisions\/39657"}],"wp:featuredmedia":[{"embeddable":true,"href":"https:\/\/www.sportingcanal.com\/index.php?rest_route=\/wp\/v2\/media\/2171"}],"wp:attachment":[{"href":"https:\/\/www.sportingcanal.com\/index.php?rest_route=%2Fwp%2Fv2%2Fmedia&parent=2167"}],"wp:term":[{"taxonomy":"category","embeddable":true,"href":"https:\/\/www.sportingcanal.com\/index.php?rest_route=%2Fwp%2Fv2%2Fcategories&post=2167"},{"taxonomy":"post_tag","embeddable":true,"href":"https:\/\/www.sportingcanal.com\/index.php?rest_route=%2Fwp%2Fv2%2Ftags&post=2167"}],"curies":[{"name":"wp","href":"https:\/\/api.w.org\/{rel}","templated":true}]}}