{"id":2176,"date":"2025-09-15T08:00:11","date_gmt":"2025-09-15T07:00:11","guid":{"rendered":"http:\/\/www.sportingcanal.com\/?p=2176"},"modified":"2025-09-16T11:39:22","modified_gmt":"2025-09-16T10:39:22","slug":"a-fantastica-epopeia-de-laranjeira-guerra-no-porto-lisboa","status":"publish","type":"post","link":"https:\/\/www.sportingcanal.com\/?p=2176","title":{"rendered":"1912 &#8211; A fant\u00e1stica epopeia de Laranjeira Guerra no \u201cPorto-Lisboa\u201d"},"content":{"rendered":"<p>15 de Setembro de 1912. Disputou-se o 2\u00ba Porto-Lisboa, prova velocip\u00e9dica mais importante do nosso pa\u00eds (na altura), j\u00e1 sob jurisdi\u00e7\u00e3o da Uni\u00e3o Velocipedica Portuguesa. A 1\u00aa edi\u00e7\u00e3o n\u00e3o tinha tido um vencedor oficial (embora Charles George, um franc\u00eas a correr pelo Lusitano, tenha chegado na frente) pois a prova fora mal organizada e os ciclistas haviam optado por diferentes trajetos, mas desta vez tudo correu &#8220;normalmente&#8221;.<\/p>\n<p>Laranjeira Guerra do Sporting (em Premier), fez os 360km em 17h04m, tempo espl\u00eandido para quem teve de passar por estradas intransit\u00e1veis com chuva e lama. Desde Espinho (1\u00ba controlo), Laranjeira Guerra foi sempre o l\u00edder isolado, tendo ganho todos os pr\u00e9mios de controlo seguintes. A chegada prov\u00e1vel a Lisboa era \u00e0s 16h, mas desde o meio-dia que no local da chegada, muito bem organizada, e onde havia cadeiras reservadas, se aglomerou muita gente, entre a qual muitas senhoras.<\/p>\n<p>Pouco depois das 13h um autom\u00f3vel anunciava que Laranjeira Guerra trazia uma subida magn\u00edfica na Cal\u00e7ada de Carriche. De ali a instantes um outro proclamava a chegada do forte \u201croutier\u201d ao Lumiar, onde da sede do Sporting lhe faziam a maior das carinhosas ova\u00e7\u00f5es. \u00c0s 13h49m o vencedor dava entrada na meta com in\u00fameros aplausos da multid\u00e3o, \u201cna melhor das disposi\u00e7\u00f5es\u201d. J\u00e1 ap\u00f3s o esfor\u00e7o e apeado da sua m\u00e1quina exclamou: \u201cAo sair do Porto sentia-me em magn\u00edfica disposi\u00e7\u00e3o e confiante no meu treino. Pensei imediatamente em fugir e assim o fiz, passando por Espinho j\u00e1 s\u00f3. Dei algumas quedas porque a noite estava escur\u00edssima e a bicicleta resvalava constantemente devido \u00e0 muita lama na estrada. Entrei em Leiria com o guiador partido a meio. N\u00e3o tendo encontrado o controlo fui procurar a casa onde dormia o delegado da Uni\u00e3o Velocip\u00e9dica para assinar o controlo. Demorei-me mais de uma hora, e n\u00e3o conseguindo trocar o guiador servi-me duma bicicleta que me emprestaram. (ainda em Leiria, Laranjeira Guerra fez uma pausa para se alimentar numa casa de reconhecidos pit\u00e9us, para al\u00e9m de recorrer a um massajador que lhe sacudiu os m\u00fasculos das pernas &#8211; isto por cima das ceroulas, pe\u00e7a de vestu\u00e1rio de que nunca prescindia). Perto de Malveira fui de encontro a um trem, parti a bicicleta e substitu\u00ed-a pela do Sr. Alfredo Santos Junior, que naquela localidade esperava a passagem dos concorrentes\u201d.<\/p>\n<p>Da Malveira ao Campo Grande Laranjeira Guerra correu a uma m\u00e9dia de 30km\/h, tendo chegado fresco \u00e0 meta, prova da sua bela forma. No final foi levado em ombros pelos mais entusiastas, que eram \u00e0s centenas! O 2\u00ba classificado ficou a 1h43m e o 3\u00ba a 2h08m!<\/p>\n<p>Foi tanto o entusiasmo popular que o vencedor teve direito a passear-se em cortejo pela cidade de Lisboa num autom\u00f3vel de luxo. Como pr\u00e9mios pela vit\u00f3ria, Laranjeira Guerra ganhou uma medalha em ouro, um diploma de honra, uma bicicleta oferecida pela Casa Armando Crespo e 50$000 r\u00e9is. O Ciclismo era, na altura, o desporto mais popular em Portugal. Para se ter uma ideia da realidade \u00e0 \u00e9poca, refira-se que as bicicletas pesavam entre 14 e 18kg e os aros eram de madeira (chamavam-lhes pasteleiras).<\/p>\n<p>nota &#8211; Obrigado a Eduardo Lopes pela colabora\u00e7\u00e3o<\/p>\n<div class=\"tweetthis\" style=\"text-align:left;\"><p> <a target=\"_blank\" rel=\"nofollow\" class=\"tt\" href=\"http:\/\/twitter.com\/home\/?status=1912+%E2%80%93+A+fant%C3%A1stica+epopeia+de+Laranjeira+Guerra+no+%E2%80%9CPorto-Lisboa%E2%80%9D+https%3A%2F%2Fis.gd%2F9ZzsAe\" title=\"Post to Twitter\"><img decoding=\"async\" class=\"nothumb\" src=\"http:\/\/www.sportingcanal.com\/wp-content\/plugins\/tweet-this\/icons\/en\/twitter\/tt-twitter6.png\" alt=\"Post to Twitter\" \/><\/a><\/p><\/div>","protected":false},"excerpt":{"rendered":"<p>15 de Setembro de 1912. Disputou-se o 2\u00ba Porto-Lisboa, prova velocip\u00e9dica mais importante do nosso pa\u00eds (na altura), j\u00e1 sob jurisdi\u00e7\u00e3o da Uni\u00e3o Velocipedica Portuguesa. A 1\u00aa edi\u00e7\u00e3o n\u00e3o tinha tido um vencedor oficial (embora Charles George, um franc\u00eas a correr pelo Lusitano, tenha chegado na frente) pois a prova fora mal organizada e os [&hellip;]<\/p>\n","protected":false},"author":1,"featured_media":38784,"comment_status":"open","ping_status":"open","sticky":false,"template":"","format":"standard","meta":{"_et_pb_use_builder":"","_et_pb_old_content":"","_et_gb_content_width":"","footnotes":""},"categories":[4],"tags":[29],"_links":{"self":[{"href":"https:\/\/www.sportingcanal.com\/index.php?rest_route=\/wp\/v2\/posts\/2176"}],"collection":[{"href":"https:\/\/www.sportingcanal.com\/index.php?rest_route=\/wp\/v2\/posts"}],"about":[{"href":"https:\/\/www.sportingcanal.com\/index.php?rest_route=\/wp\/v2\/types\/post"}],"author":[{"embeddable":true,"href":"https:\/\/www.sportingcanal.com\/index.php?rest_route=\/wp\/v2\/users\/1"}],"replies":[{"embeddable":true,"href":"https:\/\/www.sportingcanal.com\/index.php?rest_route=%2Fwp%2Fv2%2Fcomments&post=2176"}],"version-history":[{"count":27,"href":"https:\/\/www.sportingcanal.com\/index.php?rest_route=\/wp\/v2\/posts\/2176\/revisions"}],"predecessor-version":[{"id":38785,"href":"https:\/\/www.sportingcanal.com\/index.php?rest_route=\/wp\/v2\/posts\/2176\/revisions\/38785"}],"wp:featuredmedia":[{"embeddable":true,"href":"https:\/\/www.sportingcanal.com\/index.php?rest_route=\/wp\/v2\/media\/38784"}],"wp:attachment":[{"href":"https:\/\/www.sportingcanal.com\/index.php?rest_route=%2Fwp%2Fv2%2Fmedia&parent=2176"}],"wp:term":[{"taxonomy":"category","embeddable":true,"href":"https:\/\/www.sportingcanal.com\/index.php?rest_route=%2Fwp%2Fv2%2Fcategories&post=2176"},{"taxonomy":"post_tag","embeddable":true,"href":"https:\/\/www.sportingcanal.com\/index.php?rest_route=%2Fwp%2Fv2%2Ftags&post=2176"}],"curies":[{"name":"wp","href":"https:\/\/api.w.org\/{rel}","templated":true}]}}