{"id":2223,"date":"2026-03-27T08:30:01","date_gmt":"2026-03-27T07:30:01","guid":{"rendered":"http:\/\/www.sportingcanal.com\/?p=2223"},"modified":"2026-03-27T20:14:10","modified_gmt":"2026-03-27T19:14:10","slug":"rui-jorge-o-esquerdino-fiavel-de-personalidade-forte","status":"publish","type":"post","link":"https:\/\/www.sportingcanal.com\/?p=2223","title":{"rendered":"Rui Jorge \u2013 O esquerdino fi\u00e1vel de personalidade forte"},"content":{"rendered":"<p>Rui Jorge de Sousa Dias Macedo de Oliveira nasceu a 27 de Mar\u00e7o de 1973 em Vila Nova de Gaia. Oriundo das camadas jovens do FC Porto, esteve uma \u00e9poca emprestado ao Rio Ave, impondo-se depois nos portistas, clube pelo qual chegou a internacional (duas vezes).<\/p>\n<p>Chegou ao Sporting no defeso de 1998 envolvido numa troca de jogadores entre le\u00f5es e drag\u00f5es. Rui Jorge e Bino vieram para Alvalade, enquanto Costinha e Peixe fizeram o caminho inverso. Gra\u00e7as a ele os sportinguistas vieram a considerar essa transa\u00e7\u00e3o bem proveitosa para as suas cores.<\/p>\n<p>Estreou-se oficialmente (sob o comando de Mirko Jozic) a 24 de Agosto de 1998 no Vit\u00f3ria de Set\u00fabal-Sporting (1-1) para a 1\u00aa jornada do Campeonato Nacional, tendo marcado o 1\u00ba golo a 13 de Dezembro do mesmo ano numa rece\u00e7\u00e3o ao Braga (4-1). Nessa 1\u00aa temporada entre os le\u00f5es jogou preferencialmente no lado esquerdo do meio campo e n\u00e3o foi um titular indiscut\u00edvel (27 presen\u00e7as).<\/p>\n<p>No ano seguinte, com In\u00e1cio, voltou \u00e0 sua posi\u00e7\u00e3o preferencial (de onde nunca mais saiu) na esquerda da defesa, tornando-se protagonista na equipa &#8211; situa\u00e7\u00e3o que manteve enquanto permaneceu em Alvalade, at\u00e9 ao final da temporada 2004\/05 (at\u00e9 ao termo da carreira s\u00f3 fez mais uma \u00e9poca, no Belenenses \u2013 onde iniciou o percurso de treinador).<\/p>\n<p>Jogou pela \u00faltima vez a 22 de Maio de 2005 num Sporting-Nacional da Madeira (2-4), partida derradeira duma semana terr\u00edvel para a equipa, que de poder ser Campe\u00e3 Nacional e ganhar a Ta\u00e7a UEFA, acabou sem qualquer t\u00edtulo.<\/p>\n<p>No total esteve 7 \u00e9pocas no Sporting tendo realizado 243 jogos e marcado 5 golos. Ganhou 2 Campeonatos Nacionais, uma Ta\u00e7a de Portugal e duas Superta\u00e7as.<\/p>\n<p>Ficou para a Hist\u00f3ria do Sporting como um futebolista muito pendular, plenamente confi\u00e1vel. Todos os adeptos sabiam que \u201cpor ali\u201d n\u00e3o haveria problemas nem comprometimentos. Por outro lado foi parte integrante da equipa numa altura em que o Sporting voltou aos t\u00edtulos (ele que veio como campe\u00e3o do FC Porto) nos quais deixou uma marca muito palp\u00e1vel. Muitos viam nele uma esp\u00e9cie de talism\u00e3.<\/p>\n<p>Outra faceta notada de Rui Jorge era o seu discurso e forte personalidade. Nas confer\u00eancias de imprensa, nos \u201cflashes interviews\u201d, nas entrevistas, sempre mostrou uma faceta de algu\u00e9m que dizia algo importante fugindo aos \u201cclich\u00e9s\u201d t\u00e3o habituais nos intervenientes no mundo do Futebol.<\/p>\n<p>Foi internacional A por 45 vezes (1 golo), com presen\u00e7as nas fases finais do Euro 2000 e 2004 e do Mundial 2002, e atualmente dirige a Sele\u00e7\u00e3o portuguesa de sub-21. Quem sabe um dia poder\u00e1 regressar ao clube um homem que deixou uma imagem fant\u00e1stica e que tem sempre muito a acrescentar por onde passa.<\/p>\n<p>Em 2004 foi Pr\u00e9mio Stromp e 2 anos depois recebeu o \u201cLe\u00e3o de Prata\u201d.<\/p>\n<p><a href=\"http:\/\/www.youtube.com\/watch?v=SbHVHIxWOK0\">video<\/a><\/p>\n<div class=\"tweetthis\" style=\"text-align:left;\"><p> <a target=\"_blank\" rel=\"nofollow\" class=\"tt\" href=\"http:\/\/twitter.com\/home\/?status=Rui+Jorge+%E2%80%93+O+esquerdino+fi%C3%A1vel+de+personalidade+forte+https%3A%2F%2Fis.gd%2F2VcoFb\" title=\"Post to Twitter\"><img decoding=\"async\" class=\"nothumb\" src=\"http:\/\/www.sportingcanal.com\/wp-content\/plugins\/tweet-this\/icons\/en\/twitter\/tt-twitter6.png\" alt=\"Post to Twitter\" \/><\/a><\/p><\/div>","protected":false},"excerpt":{"rendered":"<p>Rui Jorge de Sousa Dias Macedo de Oliveira nasceu a 27 de Mar\u00e7o de 1973 em Vila Nova de Gaia. Oriundo das camadas jovens do FC Porto, esteve uma \u00e9poca emprestado ao Rio Ave, impondo-se depois nos portistas, clube pelo qual chegou a internacional (duas vezes). Chegou ao Sporting no defeso de 1998 envolvido numa [&hellip;]<\/p>\n","protected":false},"author":1,"featured_media":2224,"comment_status":"open","ping_status":"open","sticky":false,"template":"","format":"standard","meta":{"_et_pb_use_builder":"","_et_pb_old_content":"","_et_gb_content_width":"","footnotes":""},"categories":[63],"tags":[65,8],"_links":{"self":[{"href":"https:\/\/www.sportingcanal.com\/index.php?rest_route=\/wp\/v2\/posts\/2223"}],"collection":[{"href":"https:\/\/www.sportingcanal.com\/index.php?rest_route=\/wp\/v2\/posts"}],"about":[{"href":"https:\/\/www.sportingcanal.com\/index.php?rest_route=\/wp\/v2\/types\/post"}],"author":[{"embeddable":true,"href":"https:\/\/www.sportingcanal.com\/index.php?rest_route=\/wp\/v2\/users\/1"}],"replies":[{"embeddable":true,"href":"https:\/\/www.sportingcanal.com\/index.php?rest_route=%2Fwp%2Fv2%2Fcomments&post=2223"}],"version-history":[{"count":25,"href":"https:\/\/www.sportingcanal.com\/index.php?rest_route=\/wp\/v2\/posts\/2223\/revisions"}],"predecessor-version":[{"id":39905,"href":"https:\/\/www.sportingcanal.com\/index.php?rest_route=\/wp\/v2\/posts\/2223\/revisions\/39905"}],"wp:featuredmedia":[{"embeddable":true,"href":"https:\/\/www.sportingcanal.com\/index.php?rest_route=\/wp\/v2\/media\/2224"}],"wp:attachment":[{"href":"https:\/\/www.sportingcanal.com\/index.php?rest_route=%2Fwp%2Fv2%2Fmedia&parent=2223"}],"wp:term":[{"taxonomy":"category","embeddable":true,"href":"https:\/\/www.sportingcanal.com\/index.php?rest_route=%2Fwp%2Fv2%2Fcategories&post=2223"},{"taxonomy":"post_tag","embeddable":true,"href":"https:\/\/www.sportingcanal.com\/index.php?rest_route=%2Fwp%2Fv2%2Ftags&post=2223"}],"curies":[{"name":"wp","href":"https:\/\/api.w.org\/{rel}","templated":true}]}}