{"id":2262,"date":"2026-03-06T08:00:16","date_gmt":"2026-03-06T07:00:16","guid":{"rendered":"http:\/\/www.sportingcanal.com\/?p=2262"},"modified":"2026-03-06T12:16:58","modified_gmt":"2026-03-06T11:16:58","slug":"morais","status":"publish","type":"post","link":"https:\/\/www.sportingcanal.com\/?p=2262","title":{"rendered":"Morais"},"content":{"rendered":"<p>Jo\u00e3o Pedro Morais nasceu a 6 de Mar\u00e7o de 1935 em Cascais. Come\u00e7ou a jogar futebol no Torreense e chegou ao Sporting ap\u00f3s o final da temporada 1957\/58, tendo-se apresentado a 31 de Maio num jogo frente ao Vasco da Gama &#8211; no qual fez o passe para o golo solit\u00e1rio de Vadinho.<\/p>\n<p>Oficialmente, jogou pela 1\u00aa vez a 14 de Setembro, no Barreiro, na 1\u00aa jornada do Campeonato Nacional (1-0). O seu 1\u00ba golo foi apontado a 2 de Novembro numa vit\u00f3ria em Guimar\u00e3es por 3-1.<\/p>\n<p>Sempre foi muito apreciada a sua capacidade para cruzar, por isso o posto de extremo (sobretudo \u00e0 esquerda) foi aquele em que mais vezes alinhou. No entanto, necessidades da equipa fizeram-no jogar muitas vezes na defesa e mesmo no meio-campo, tendo-se destacado por uma grande capacidade de adapta\u00e7\u00e3o. Ali\u00e1s, ter\u00e1 sido um dos mais polivalentes futebolistas que passou pelo clube, tendo inclusivamente referido um dia: \u201cS\u00f3 me faltou jogar a guarda-redes\u201d. Tamb\u00e9m por esse motivo sempre foi muito utilizado, com exce\u00e7\u00e3o das duas \u00faltimas \u00e9pocas.<\/p>\n<p>Fez o golo mais importante da Hist\u00f3ria do Futebol do Sporting, de canto direto, na final\u00edssima da Ta\u00e7a das Ta\u00e7as de 1963\/64, que deu a vit\u00f3ria aos le\u00f5es frente aos h\u00fangaros do MTK Budapeste. Esteve para n\u00e3o alinhar nessa \u201cepopeia\u201d, mas uma les\u00e3o do defesa Hil\u00e1rio poucos dias antes (frente ao Vit\u00f3ria de Set\u00fabal) levou a que Anselmo Fern\u00e1ndez o convocasse \u00e0 \u00faltima hora, facto que o futebolista nunca encarou com \u201csimpatia\u201d e que lhe valeu algumas diverg\u00eancias mais ou menos graves com o arquiteto.<\/p>\n<p>Jogou pela \u00faltima vez a 20 de Abril de 1969 em S. Jo\u00e3o da Madeira (2-1). Frente ao mesmo advers\u00e1rio tinha marcado o \u00faltimo golo, a 15 de Dezembro de 1968, que valeu o triunfo.<\/p>\n<p>Apesar de jogar normalmente como extremo, foi duas vezes o melhor marcador da equipa. Em 1961\/62 (a par de Diego) com 19 golos e em 1962\/63 com 24.<\/p>\n<p>Esteve 11 \u00e9pocas em Alvalade, realizando 255 jogos nos quais apontou 69 golos. Venceu uma Ta\u00e7a das Ta\u00e7as, 2 Campeonatos Nacionais e uma Ta\u00e7a de Portugal.<\/p>\n<p>Depois andou pela \u00c1frica do Sul e regressou a Portugal para o Rio Ave. Em Vila do Conde se fez treinador (onde nunca teve grande sucesso) radicando-se depois na cidade &#8211; onde foi funcion\u00e1rio da C\u00e2mara Municipal at\u00e9 \u00e0 data da sua morte, 27 de Abril de 2010.<\/p>\n<p><a href=\"http:\/\/www.youtube.com\/watch?v=nNOYXvtuFd4\">v\u00eddeo morais<\/a><\/p>\n<table border=\"1\" width=\"348\" cellspacing=\"0\" cellpadding=\"0\">\n<tbody>\n<tr>\n<td colspan=\"7\" valign=\"top\" width=\"347\"><strong>GOLOS de MORAIS ao servi\u00e7o do SPORTING<\/strong><\/td>\n<\/tr>\n<tr>\n<td valign=\"top\" width=\"73\">\u00c9POCA<\/td>\n<td valign=\"top\" width=\"42\">TC<\/td>\n<td valign=\"top\" width=\"42\">TT<\/td>\n<td valign=\"top\" width=\"42\">TF<\/td>\n<td valign=\"top\" width=\"42\">CN<\/td>\n<td valign=\"top\" width=\"42\">TP<\/td>\n<td valign=\"top\" width=\"66\">TOTAL<\/td>\n<\/tr>\n<tr>\n<td valign=\"top\" width=\"73\">1958\/59<\/td>\n<td valign=\"top\" width=\"42\">0<\/td>\n<td valign=\"top\" width=\"42\">&#8211;<\/td>\n<td valign=\"top\" width=\"42\">&#8211;<\/td>\n<td valign=\"top\" width=\"42\">3<\/td>\n<td valign=\"top\" width=\"42\">1<\/td>\n<td valign=\"top\" width=\"66\">4<\/td>\n<\/tr>\n<tr>\n<td valign=\"top\" width=\"73\">1959\/60<\/td>\n<td valign=\"top\" width=\"42\">&#8211;<\/td>\n<td valign=\"top\" width=\"42\">&#8211;<\/td>\n<td valign=\"top\" width=\"42\">&#8211;<\/td>\n<td valign=\"top\" width=\"42\">2<\/td>\n<td valign=\"top\" width=\"42\">1<\/td>\n<td valign=\"top\" width=\"66\">3<\/td>\n<\/tr>\n<tr>\n<td valign=\"top\" width=\"73\">1960\/61<\/td>\n<td valign=\"top\" width=\"42\">&#8211;<\/td>\n<td valign=\"top\" width=\"42\">&#8211;<\/td>\n<td valign=\"top\" width=\"42\">&#8211;<\/td>\n<td valign=\"top\" width=\"42\">0<\/td>\n<td valign=\"top\" width=\"42\">0<\/td>\n<td valign=\"top\" width=\"66\">0<\/td>\n<\/tr>\n<tr>\n<td valign=\"top\" width=\"73\">1961\/62<\/td>\n<td valign=\"top\" width=\"42\">0<\/td>\n<td valign=\"top\" width=\"42\">&#8211;<\/td>\n<td valign=\"top\" width=\"42\">&#8211;<\/td>\n<td valign=\"top\" width=\"42\">14<\/td>\n<td valign=\"top\" width=\"42\">5<\/td>\n<td valign=\"top\" width=\"66\">19<\/td>\n<\/tr>\n<tr>\n<td valign=\"top\" width=\"73\">1962\/63<\/td>\n<td valign=\"top\" width=\"42\">2<\/td>\n<td valign=\"top\" width=\"42\">&#8211;<\/td>\n<td valign=\"top\" width=\"42\">&#8211;<\/td>\n<td valign=\"top\" width=\"42\">18<\/td>\n<td valign=\"top\" width=\"42\">4<\/td>\n<td valign=\"top\" width=\"66\">24<\/td>\n<\/tr>\n<tr>\n<td valign=\"top\" width=\"73\">1963\/64<\/td>\n<td valign=\"top\" width=\"42\">&#8211;<\/td>\n<td valign=\"top\" width=\"42\">2<\/td>\n<td valign=\"top\" width=\"42\">&#8211;<\/td>\n<td valign=\"top\" width=\"42\">5<\/td>\n<td valign=\"top\" width=\"42\">0<\/td>\n<td valign=\"top\" width=\"66\">7<\/td>\n<\/tr>\n<tr>\n<td valign=\"top\" width=\"73\">1964\/65<\/td>\n<td valign=\"top\" width=\"42\">&#8211;<\/td>\n<td valign=\"top\" width=\"42\">0<\/td>\n<td valign=\"top\" width=\"42\">&#8211;<\/td>\n<td valign=\"top\" width=\"42\">3<\/td>\n<td valign=\"top\" width=\"42\">1<\/td>\n<td valign=\"top\" width=\"66\">4<\/td>\n<\/tr>\n<tr>\n<td valign=\"top\" width=\"73\">1965\/66<\/td>\n<td valign=\"top\" width=\"42\">&#8211;<\/td>\n<td valign=\"top\" width=\"42\">&#8211;<\/td>\n<td valign=\"top\" width=\"42\">0<\/td>\n<td valign=\"top\" width=\"42\">4<\/td>\n<td valign=\"top\" width=\"42\">1<\/td>\n<td valign=\"top\" width=\"66\">5<\/td>\n<\/tr>\n<tr>\n<td valign=\"top\" width=\"73\">1966\/67<\/td>\n<td valign=\"top\" width=\"42\">0<\/td>\n<td valign=\"top\" width=\"42\">&#8211;<\/td>\n<td valign=\"top\" width=\"42\">&#8211;<\/td>\n<td valign=\"top\" width=\"42\">2<\/td>\n<td valign=\"top\" width=\"42\">0<\/td>\n<td valign=\"top\" width=\"66\">2<\/td>\n<\/tr>\n<tr>\n<td valign=\"top\" width=\"73\">1967\/68<\/td>\n<td valign=\"top\" width=\"42\">&#8211;<\/td>\n<td valign=\"top\" width=\"42\">&#8211;<\/td>\n<td valign=\"top\" width=\"42\">0<\/td>\n<td valign=\"top\" width=\"42\">0<\/td>\n<td valign=\"top\" width=\"42\">0<\/td>\n<td valign=\"top\" width=\"66\">0<\/td>\n<\/tr>\n<tr>\n<td valign=\"top\" width=\"73\">1968\/69<\/td>\n<td valign=\"top\" width=\"42\">&#8211;<\/td>\n<td valign=\"top\" width=\"42\">&#8211;<\/td>\n<td valign=\"top\" width=\"42\">0<\/td>\n<td valign=\"top\" width=\"42\">1<\/td>\n<td valign=\"top\" width=\"42\">0<\/td>\n<td valign=\"top\" width=\"66\">1<\/td>\n<\/tr>\n<tr>\n<td valign=\"top\" width=\"73\"><strong>Total<\/strong><\/td>\n<td valign=\"top\" width=\"42\"><strong>2<\/strong><\/td>\n<td valign=\"top\" width=\"42\"><strong>2<\/strong><\/td>\n<td valign=\"top\" width=\"42\"><strong>0<\/strong><\/td>\n<td valign=\"top\" width=\"42\"><strong>52<\/strong><\/td>\n<td valign=\"top\" width=\"42\"><strong>13<\/strong><\/td>\n<td valign=\"top\" width=\"66\"><strong>69<\/strong><\/td>\n<\/tr>\n<\/tbody>\n<\/table>\n<div class=\"tweetthis\" style=\"text-align:left;\"><p> <a target=\"_blank\" rel=\"nofollow\" class=\"tt\" href=\"http:\/\/twitter.com\/home\/?status=Morais+https%3A%2F%2Fis.gd%2F2IvbFh\" title=\"Post to Twitter\"><img decoding=\"async\" class=\"nothumb\" src=\"http:\/\/www.sportingcanal.com\/wp-content\/plugins\/tweet-this\/icons\/en\/twitter\/tt-twitter6.png\" alt=\"Post to Twitter\" \/><\/a><\/p><\/div>","protected":false},"excerpt":{"rendered":"<p>Jo\u00e3o Pedro Morais nasceu a 6 de Mar\u00e7o de 1935 em Cascais. Come\u00e7ou a jogar futebol no Torreense e chegou ao Sporting ap\u00f3s o final da temporada 1957\/58, tendo-se apresentado a 31 de Maio num jogo frente ao Vasco da Gama &#8211; no qual fez o passe para o golo solit\u00e1rio de Vadinho. Oficialmente, jogou [&hellip;]<\/p>\n","protected":false},"author":1,"featured_media":2263,"comment_status":"open","ping_status":"open","sticky":false,"template":"","format":"standard","meta":{"_et_pb_use_builder":"","_et_pb_old_content":"","_et_gb_content_width":"","footnotes":""},"categories":[13],"tags":[8,237,64,236],"_links":{"self":[{"href":"https:\/\/www.sportingcanal.com\/index.php?rest_route=\/wp\/v2\/posts\/2262"}],"collection":[{"href":"https:\/\/www.sportingcanal.com\/index.php?rest_route=\/wp\/v2\/posts"}],"about":[{"href":"https:\/\/www.sportingcanal.com\/index.php?rest_route=\/wp\/v2\/types\/post"}],"author":[{"embeddable":true,"href":"https:\/\/www.sportingcanal.com\/index.php?rest_route=\/wp\/v2\/users\/1"}],"replies":[{"embeddable":true,"href":"https:\/\/www.sportingcanal.com\/index.php?rest_route=%2Fwp%2Fv2%2Fcomments&post=2262"}],"version-history":[{"count":24,"href":"https:\/\/www.sportingcanal.com\/index.php?rest_route=\/wp\/v2\/posts\/2262\/revisions"}],"predecessor-version":[{"id":39768,"href":"https:\/\/www.sportingcanal.com\/index.php?rest_route=\/wp\/v2\/posts\/2262\/revisions\/39768"}],"wp:featuredmedia":[{"embeddable":true,"href":"https:\/\/www.sportingcanal.com\/index.php?rest_route=\/wp\/v2\/media\/2263"}],"wp:attachment":[{"href":"https:\/\/www.sportingcanal.com\/index.php?rest_route=%2Fwp%2Fv2%2Fmedia&parent=2262"}],"wp:term":[{"taxonomy":"category","embeddable":true,"href":"https:\/\/www.sportingcanal.com\/index.php?rest_route=%2Fwp%2Fv2%2Fcategories&post=2262"},{"taxonomy":"post_tag","embeddable":true,"href":"https:\/\/www.sportingcanal.com\/index.php?rest_route=%2Fwp%2Fv2%2Ftags&post=2262"}],"curies":[{"name":"wp","href":"https:\/\/api.w.org\/{rel}","templated":true}]}}