{"id":2280,"date":"2026-02-16T08:00:55","date_gmt":"2026-02-16T07:00:55","guid":{"rendered":"http:\/\/www.sportingcanal.com\/?p=2280"},"modified":"2026-02-16T23:42:54","modified_gmt":"2026-02-16T22:42:54","slug":"valadas-canhoto-entusiasmante-empurrado-para-o-grande-rival","status":"publish","type":"post","link":"https:\/\/www.sportingcanal.com\/?p=2280","title":{"rendered":"Valadas \u2013 Canhoto entusiasmante \u201cempurrado\u201d para o grande rival\u2026"},"content":{"rendered":"<p>Alfredo Valadas Mendes nasceu a 16 de Fevereiro de 1912\u00a0nas Minas de S. Domingos. Come\u00e7ou a carreira de futebolista muito cedo no Luso de Beja (aos 14 anos j\u00e1 dava nas vistas), e concretizou o seu sonho de menino (era um sportinguista de cora\u00e7\u00e3o) ao chegar ao Sporting no defeso de 1931.<\/p>\n<p>Estreou-se oficialmente no dia 13 de Dezembro \u00a0(sob o comando de Arthur John) num empate frente ao Chelas (2-2) para o Regional de Lisboa. Marcou o 1\u00ba golo a 10 de Janeiro de 1932 num triunfo por 10-2 perante o Luso do Barreiro para a mesma competi\u00e7\u00e3o.<\/p>\n<p>Logo nessa 1\u00aa temporada de verde e branco ganhou um lugar como interior-esquerdo fruto das suas magn\u00edficas potencialidades. N\u00e3o era um virtuoso em termos t\u00e9cnicos mas jogava com um entusiasmo e querer contagiantes. Chegou nessa altura a internacional e marcou logo na estreia frente \u00e0 Jugosl\u00e1via.<\/p>\n<p>Na 2\u00aa temporada de verde e branco Valadas confirmou tudo o que dele se esperava. Agora com Rudolf Jeny como treinador, foi mais utilizado como extremo-esquerdo e marcou presen\u00e7a assinal\u00e1vel na equipa que chegou \u00e0 final do Campeonato de Portugal.<\/p>\n<p>Entretanto os respons\u00e1veis do Sporting haviam-lhe prometido um emprego que lhe permitisse ter mais estabilidade, mas a promessa n\u00e3o foi cumprida. Com alguma m\u00e1goa saiu do clube e esteve quase 1 ano sem jogar at\u00e9 chegar ao Benfica, onde lhe proporcionaram excelentes condi\u00e7\u00f5es. No rival este sportinguista ferrenho construiu uma carreira magn\u00edfica recheada de t\u00edtulos.<\/p>\n<p>O seu \u00faltimo jogo (grande exibi\u00e7\u00e3o) pelo Sporting aconteceu no dia 2 de Julho de 1933 na final do Campeonato de Portugal frente ao Belenenses (1-3). Marcara o golo derradeiro em Coimbra, uma semana antes, na meia-final da mesma competi\u00e7\u00e3o perante o FC Porto (3-1).\u00a0No total alinhou em 38 jogos pelos le\u00f5es apontando 24 golos.<\/p>\n<p>O seu lado humano tamb\u00e9m foi muito real\u00e7ado \u00e0 \u00e9poca. Foi homem para (j\u00e1 ao servi\u00e7o do Benfica) dar um grande abra\u00e7o a Azevedo ap\u00f3s uma defesa extraordin\u00e1ria do guardi\u00e3o sportinguista num dos imortais derbis entre os 2 colossos de Lisboa (e que provocou uma ova\u00e7\u00e3o estrondosa do p\u00fablico). Outro epis\u00f3dio aconteceu na sua festa de despedida em que promoveu as pazes entre <a href=\"http:\/\/www.sportingcanal.com\/?p=871\">Peyroteo<\/a> e Gaspar Pinto (desavindos h\u00e1 muito pelas impiedosas marca\u00e7\u00f5es do defesa benfiquista ao goleador leonino).<\/p>\n<p>Foi 6 vezes internacional marcando 2 golos.<\/p>\n<p>Este magn\u00edfico atacante constituiu o 1\u00ba exemplo dos v\u00e1rios que (infelizmente) t\u00eam acontecido ao longo da Hist\u00f3ria de m\u00e1 gest\u00e3o desportiva dos respons\u00e1veis pelo futebol sportinguista, que deixaram de contar com um futebolista de grande craveira (e ainda muito jovem) \u201cempurrando-o\u201d para um rival\u2026<\/p>\n<table border=\"1\" width=\"291\" cellspacing=\"0\" cellpadding=\"0\">\n<tbody>\n<tr>\n<td colspan=\"4\" valign=\"top\" width=\"291\"><strong>GOLOS de VALADAS ao servi\u00e7o do SPORTING<\/strong><\/td>\n<\/tr>\n<tr>\n<td valign=\"top\" width=\"73\">\u00c9POCA<\/td>\n<td valign=\"top\" width=\"57\">CP<\/td>\n<td valign=\"top\" width=\"57\">CR<\/td>\n<td valign=\"top\" width=\"104\">TOTAL<\/td>\n<\/tr>\n<tr>\n<td valign=\"top\" width=\"73\">1931\/32<\/td>\n<td valign=\"top\" width=\"57\">1<\/td>\n<td valign=\"top\" width=\"57\">8<\/td>\n<td valign=\"top\" width=\"104\">9<\/td>\n<\/tr>\n<tr>\n<td valign=\"top\" width=\"73\">1932\/33<\/td>\n<td valign=\"top\" width=\"57\">3<\/td>\n<td valign=\"top\" width=\"57\">12<\/td>\n<td valign=\"top\" width=\"104\">15<\/td>\n<\/tr>\n<tr>\n<td valign=\"top\" width=\"73\"><strong>Total<\/strong><\/td>\n<td valign=\"top\" width=\"57\"><strong>4<\/strong><\/td>\n<td valign=\"top\" width=\"57\"><strong>20<\/strong><\/td>\n<td valign=\"top\" width=\"104\"><strong>24<\/strong><\/td>\n<\/tr>\n<\/tbody>\n<\/table>\n<div class=\"tweetthis\" style=\"text-align:left;\"><p> <a target=\"_blank\" rel=\"nofollow\" class=\"tt\" href=\"http:\/\/twitter.com\/home\/?status=Valadas+%E2%80%93+Canhoto+entusiasmante+%E2%80%9Cempurrado%E2%80%9D+para+o+grande+rival%E2%80%A6+https%3A%2F%2Fis.gd%2FBiTAYM\" title=\"Post to Twitter\"><img decoding=\"async\" class=\"nothumb\" src=\"http:\/\/www.sportingcanal.com\/wp-content\/plugins\/tweet-this\/icons\/en\/twitter\/tt-twitter6.png\" alt=\"Post to Twitter\" \/><\/a><\/p><\/div>","protected":false},"excerpt":{"rendered":"<p>Alfredo Valadas Mendes nasceu a 16 de Fevereiro de 1912\u00a0nas Minas de S. Domingos. Come\u00e7ou a carreira de futebolista muito cedo no Luso de Beja (aos 14 anos j\u00e1 dava nas vistas), e concretizou o seu sonho de menino (era um sportinguista de cora\u00e7\u00e3o) ao chegar ao Sporting no defeso de 1931. Estreou-se oficialmente no [&hellip;]<\/p>\n","protected":false},"author":1,"featured_media":2281,"comment_status":"open","ping_status":"open","sticky":false,"template":"","format":"standard","meta":{"_et_pb_use_builder":"","_et_pb_old_content":"","_et_gb_content_width":"","footnotes":""},"categories":[63],"tags":[211,66,8],"_links":{"self":[{"href":"https:\/\/www.sportingcanal.com\/index.php?rest_route=\/wp\/v2\/posts\/2280"}],"collection":[{"href":"https:\/\/www.sportingcanal.com\/index.php?rest_route=\/wp\/v2\/posts"}],"about":[{"href":"https:\/\/www.sportingcanal.com\/index.php?rest_route=\/wp\/v2\/types\/post"}],"author":[{"embeddable":true,"href":"https:\/\/www.sportingcanal.com\/index.php?rest_route=\/wp\/v2\/users\/1"}],"replies":[{"embeddable":true,"href":"https:\/\/www.sportingcanal.com\/index.php?rest_route=%2Fwp%2Fv2%2Fcomments&post=2280"}],"version-history":[{"count":25,"href":"https:\/\/www.sportingcanal.com\/index.php?rest_route=\/wp\/v2\/posts\/2280\/revisions"}],"predecessor-version":[{"id":39659,"href":"https:\/\/www.sportingcanal.com\/index.php?rest_route=\/wp\/v2\/posts\/2280\/revisions\/39659"}],"wp:featuredmedia":[{"embeddable":true,"href":"https:\/\/www.sportingcanal.com\/index.php?rest_route=\/wp\/v2\/media\/2281"}],"wp:attachment":[{"href":"https:\/\/www.sportingcanal.com\/index.php?rest_route=%2Fwp%2Fv2%2Fmedia&parent=2280"}],"wp:term":[{"taxonomy":"category","embeddable":true,"href":"https:\/\/www.sportingcanal.com\/index.php?rest_route=%2Fwp%2Fv2%2Fcategories&post=2280"},{"taxonomy":"post_tag","embeddable":true,"href":"https:\/\/www.sportingcanal.com\/index.php?rest_route=%2Fwp%2Fv2%2Ftags&post=2280"}],"curies":[{"name":"wp","href":"https:\/\/api.w.org\/{rel}","templated":true}]}}