{"id":2290,"date":"2026-02-15T09:30:53","date_gmt":"2026-02-15T08:30:53","guid":{"rendered":"http:\/\/www.sportingcanal.com\/?p=2290"},"modified":"2026-02-16T23:42:45","modified_gmt":"2026-02-16T22:42:45","slug":"inauguracao-da-pista-municipal-moniz-pereira","status":"publish","type":"post","link":"https:\/\/www.sportingcanal.com\/?p=2290","title":{"rendered":"2007 &#8211; Inaugura\u00e7\u00e3o da pista municipal Moniz Pereira"},"content":{"rendered":"<p>15 de Fevereiro de 2007. Finalmente Lisboa passava a possuir uma pista municipal de Atletismo. Recebeu o nome de M\u00e1rio Moniz Pereira e a inaugura\u00e7\u00e3o foi feita com pompa e circunst\u00e2ncia e a presen\u00e7a do Presidente da Rep\u00fablica &#8211; Cavaco Silva, do ex-presidente Jorge Sampaio, do Secret\u00e1rio de Estado da Juventude e Desporto -Laurentino Dias, do Presidente da C\u00e2mara Municipal &#8211; Carmona Rodrigues, do vereador de desporto da autarquia -Pedro Feist e dos dirigentes leoninos Filipe Soares Franco e Agostinho Abade, para al\u00e9m de dezenas de individualidades ligadas ao Atletismo sportinguista e portugu\u00eas.<\/p>\n<p>A Pista de Atletismo localiza-se em frente ao Parque Oeste, em pleno Alto do Lumiar. Trata-se da \u00fanica pista em Lisboa exclusiva para a pr\u00e1tica de Atletismo.\u00a0Recebeu o nome daquele que \u00e9 considerado o \u201dpai do Atletismo portugu\u00eas\u201d com o intuito de dar continuidade a um trabalho que muitas alegrias t\u00eam dado ao Sporting e ao pa\u00eds.\u00a0A cerim\u00f3nia foi simples mas com grande significado, com todos os presentes a caminharem alguns metros pela pista at\u00e9 ao local dos discursos, onde M\u00e1rio Moniz Pereira \u2013 ap\u00f3s ouvir Carmona Rodrigues ler o seu extenso e riqu\u00edssimo curriculum \u2013 referiu: &#8220;Este reconhecimento \u00e9 um sinal de que fiz alguma coisa de importante, mas nunca pensei que pudesse ter tanta unanimidade entre as pessoas. Sempre fui uma pessoa feliz, pois pude fazer o que mais gostava e, ainda por cima, ser pago por isso. Hoje \u00e9 um dia importante para mim, mas tenho a consci\u00eancia de que tive muita gente a ajudar para que este momento se tornasse realidade. Foi um percurso longo, do qual me orgulho muito, e hoje sinto-me extremamente honrado pela inaugura\u00e7\u00e3o da pista na presen\u00e7a de tantas individualidades &#8220;.<\/p>\n<p>A cerim\u00f3nia terminou com Moniz Pereira ao piano, tocando algumas das suas composi\u00e7\u00f5es mais famosas, na manh\u00e3 em que Lisboa e o pa\u00eds se renderam na homenagem ao &#8220;Sr. Atletismo.&#8221; Apesar de tudo, a\u00a0pista quando foi inaugurada estava longe de estar pronta, e s\u00f3 em finais de 2008 come\u00e7ou a receber os primeiros treinos\u2026<\/p>\n<div class=\"tweetthis\" style=\"text-align:left;\"><p> <a target=\"_blank\" rel=\"nofollow\" class=\"tt\" href=\"http:\/\/twitter.com\/home\/?status=2007+%E2%80%93+Inaugura%C3%A7%C3%A3o+da+pista+municipal+Moniz+Pereira+https%3A%2F%2Fis.gd%2FJBNKfu\" title=\"Post to Twitter\"><img decoding=\"async\" class=\"nothumb\" src=\"http:\/\/www.sportingcanal.com\/wp-content\/plugins\/tweet-this\/icons\/en\/twitter\/tt-twitter6.png\" alt=\"Post to Twitter\" \/><\/a><\/p><\/div>","protected":false},"excerpt":{"rendered":"<p>15 de Fevereiro de 2007. Finalmente Lisboa passava a possuir uma pista municipal de Atletismo. Recebeu o nome de M\u00e1rio Moniz Pereira e a inaugura\u00e7\u00e3o foi feita com pompa e circunst\u00e2ncia e a presen\u00e7a do Presidente da Rep\u00fablica &#8211; Cavaco Silva, do ex-presidente Jorge Sampaio, do Secret\u00e1rio de Estado da Juventude e Desporto -Laurentino Dias, [&hellip;]<\/p>\n","protected":false},"author":1,"featured_media":2291,"comment_status":"open","ping_status":"open","sticky":false,"template":"","format":"standard","meta":{"_et_pb_use_builder":"","_et_pb_old_content":"","_et_gb_content_width":"","footnotes":""},"categories":[4],"tags":[21,204],"_links":{"self":[{"href":"https:\/\/www.sportingcanal.com\/index.php?rest_route=\/wp\/v2\/posts\/2290"}],"collection":[{"href":"https:\/\/www.sportingcanal.com\/index.php?rest_route=\/wp\/v2\/posts"}],"about":[{"href":"https:\/\/www.sportingcanal.com\/index.php?rest_route=\/wp\/v2\/types\/post"}],"author":[{"embeddable":true,"href":"https:\/\/www.sportingcanal.com\/index.php?rest_route=\/wp\/v2\/users\/1"}],"replies":[{"embeddable":true,"href":"https:\/\/www.sportingcanal.com\/index.php?rest_route=%2Fwp%2Fv2%2Fcomments&post=2290"}],"version-history":[{"count":20,"href":"https:\/\/www.sportingcanal.com\/index.php?rest_route=\/wp\/v2\/posts\/2290\/revisions"}],"predecessor-version":[{"id":39655,"href":"https:\/\/www.sportingcanal.com\/index.php?rest_route=\/wp\/v2\/posts\/2290\/revisions\/39655"}],"wp:featuredmedia":[{"embeddable":true,"href":"https:\/\/www.sportingcanal.com\/index.php?rest_route=\/wp\/v2\/media\/2291"}],"wp:attachment":[{"href":"https:\/\/www.sportingcanal.com\/index.php?rest_route=%2Fwp%2Fv2%2Fmedia&parent=2290"}],"wp:term":[{"taxonomy":"category","embeddable":true,"href":"https:\/\/www.sportingcanal.com\/index.php?rest_route=%2Fwp%2Fv2%2Fcategories&post=2290"},{"taxonomy":"post_tag","embeddable":true,"href":"https:\/\/www.sportingcanal.com\/index.php?rest_route=%2Fwp%2Fv2%2Ftags&post=2290"}],"curies":[{"name":"wp","href":"https:\/\/api.w.org\/{rel}","templated":true}]}}