{"id":2293,"date":"2026-02-18T10:00:22","date_gmt":"2026-02-18T09:00:22","guid":{"rendered":"http:\/\/www.sportingcanal.com\/?p=2293"},"modified":"2026-02-18T14:52:42","modified_gmt":"2026-02-18T13:52:42","slug":"marco-aurelio-classe-elegancia-e-tranquilidade","status":"publish","type":"post","link":"https:\/\/www.sportingcanal.com\/?p=2293","title":{"rendered":"Marco Aur\u00e9lio \u2013 Classe, eleg\u00e2ncia e tranquilidade"},"content":{"rendered":"<p>Marco Aur\u00e9lio Cunha dos Santos nasceu a 18 de Fevereiro de 1967 no Rio de Janeiro. Depois de alinhar no Am\u00e9rica e no Vasco da Gama foi recrutado pelo Uni\u00e3o da Madeira onde realizou 5 temporadas de muito bom n\u00edvel. Chegou ao Sporting, por indica\u00e7\u00e3o de Carlos Queiroz, proveniente da equipa insular no Ver\u00e3o de 1994. Estreou-se oficialmente a 20 de Agosto, em Faro (2-0), para o Campeonato Nacional, tendo marcado o 1\u00ba golo a 26 de Novembro, em Leiria (3-0), para a mesma competi\u00e7\u00e3o.<\/p>\n<p>Defesa-central de classe e aparentando grande tranquilidade foi uma aposta imediata do t\u00e9cnico portugu\u00eas, fazendo uma dupla de sucesso com Naybet no centro da defesa. Nessa 1\u00aa \u00e9poca contribuiu para o triunfo na Ta\u00e7a de Portugal. Na temporada seguinte manteve a parelha com o marroquino numa equipa que conquistou a Superta\u00e7a, j\u00e1 com Oct\u00e1vio Machado ao leme.<\/p>\n<p>Em 1996\/97 os le\u00f5es j\u00e1 n\u00e3o contaram com Naybet, e a\u00ed Marco Aur\u00e9lio foi fundamental para que Beto se tornasse a grande revela\u00e7\u00e3o da temporada, jogando a seu lado e passando-lhe toda a sua experi\u00eancia e maturidade. Na temporada 1997\/98, verdadeiramente tumultuosa, e na qual o Sporting teve 4(!) treinadores, Marco Aur\u00e9lio foi um dos poucos que passou inc\u00f3lume \u00e0s muitas transforma\u00e7\u00f5es, sendo mesmo, a par de Quim Berto, o futebolista com mais presen\u00e7as (40).<\/p>\n<p>A sua \u00faltima temporada (at\u00e9 Dezembro) foi a de 1998\/99, com Mirko Jozic. Escolhido para capit\u00e3o de equipa atuava em grande n\u00edvel quando lhe surgiu uma proposta tentadora de It\u00e1lia, o que o levou a abandonar o clube. Jogou pela \u00faltima vez de \u201cle\u00e3o ao peito\u201d a 15 de Janeiro de 1999 frente ao Vit\u00f3ria de Set\u00fabal (0-0).<\/p>\n<p>Totalizou 5 \u00e9pocas no Sporting com 172 presen\u00e7as e 3 golos marcados. Ganhou uma Ta\u00e7a de Portugal e outra Superta\u00e7a.<\/p>\n<p>Ap\u00f3s sair de Alvalade fez toda a restante (e longa) carreira em It\u00e1lia onde passou por diversos clubes (Vicenza e Palermo foram os principais) e escal\u00f5es. Fez a \u00faltima \u00e9poca num clube da S\u00e9rie C2 &#8211; o Spal, deixando de jogar aos 39 anos. Em 2010 reviu amigos em Portugal na festa de homenagem a Yordanov.<\/p>\n<p><a href=\"http:\/\/www.dailymotion.com\/video\/xcqnaq_marco-aurelio-sporting-cp_sport\">marco aur\u00e9lio<\/a><\/p>\n<div class=\"tweetthis\" style=\"text-align:left;\"><p> <a target=\"_blank\" rel=\"nofollow\" class=\"tt\" href=\"http:\/\/twitter.com\/home\/?status=Marco+Aur%C3%A9lio+%E2%80%93+Classe%2C+eleg%C3%A2ncia+e+tranquilidade+https%3A%2F%2Fis.gd%2F9s2NaN\" title=\"Post to Twitter\"><img decoding=\"async\" class=\"nothumb\" src=\"http:\/\/www.sportingcanal.com\/wp-content\/plugins\/tweet-this\/icons\/en\/twitter\/tt-twitter6.png\" alt=\"Post to Twitter\" \/><\/a><\/p><\/div>","protected":false},"excerpt":{"rendered":"<p>Marco Aur\u00e9lio Cunha dos Santos nasceu a 18 de Fevereiro de 1967 no Rio de Janeiro. Depois de alinhar no Am\u00e9rica e no Vasco da Gama foi recrutado pelo Uni\u00e3o da Madeira onde realizou 5 temporadas de muito bom n\u00edvel. Chegou ao Sporting, por indica\u00e7\u00e3o de Carlos Queiroz, proveniente da equipa insular no Ver\u00e3o de [&hellip;]<\/p>\n","protected":false},"author":1,"featured_media":2294,"comment_status":"open","ping_status":"open","sticky":false,"template":"","format":"standard","meta":{"_et_pb_use_builder":"","_et_pb_old_content":"","_et_gb_content_width":"","footnotes":""},"categories":[63],"tags":[65,8],"_links":{"self":[{"href":"https:\/\/www.sportingcanal.com\/index.php?rest_route=\/wp\/v2\/posts\/2293"}],"collection":[{"href":"https:\/\/www.sportingcanal.com\/index.php?rest_route=\/wp\/v2\/posts"}],"about":[{"href":"https:\/\/www.sportingcanal.com\/index.php?rest_route=\/wp\/v2\/types\/post"}],"author":[{"embeddable":true,"href":"https:\/\/www.sportingcanal.com\/index.php?rest_route=\/wp\/v2\/users\/1"}],"replies":[{"embeddable":true,"href":"https:\/\/www.sportingcanal.com\/index.php?rest_route=%2Fwp%2Fv2%2Fcomments&post=2293"}],"version-history":[{"count":22,"href":"https:\/\/www.sportingcanal.com\/index.php?rest_route=\/wp\/v2\/posts\/2293\/revisions"}],"predecessor-version":[{"id":39670,"href":"https:\/\/www.sportingcanal.com\/index.php?rest_route=\/wp\/v2\/posts\/2293\/revisions\/39670"}],"wp:featuredmedia":[{"embeddable":true,"href":"https:\/\/www.sportingcanal.com\/index.php?rest_route=\/wp\/v2\/media\/2294"}],"wp:attachment":[{"href":"https:\/\/www.sportingcanal.com\/index.php?rest_route=%2Fwp%2Fv2%2Fmedia&parent=2293"}],"wp:term":[{"taxonomy":"category","embeddable":true,"href":"https:\/\/www.sportingcanal.com\/index.php?rest_route=%2Fwp%2Fv2%2Fcategories&post=2293"},{"taxonomy":"post_tag","embeddable":true,"href":"https:\/\/www.sportingcanal.com\/index.php?rest_route=%2Fwp%2Fv2%2Ftags&post=2293"}],"curies":[{"name":"wp","href":"https:\/\/api.w.org\/{rel}","templated":true}]}}