{"id":23497,"date":"2025-06-18T00:07:57","date_gmt":"2025-06-17T23:07:57","guid":{"rendered":"http:\/\/www.sportingcanal.com\/?p=23497"},"modified":"2025-06-18T09:52:51","modified_gmt":"2025-06-18T08:52:51","slug":"slimani-ponta-de-lanca-poderoso-e-eficaz","status":"publish","type":"post","link":"https:\/\/www.sportingcanal.com\/?p=23497","title":{"rendered":"Slimani \u2013 Ponta-de-lan\u00e7a poderoso e eficaz"},"content":{"rendered":"<p>Islam Slimani nasceu a 18 de Junho de 1988 em Argel (capital da Arg\u00e9lia). \u00a0Come\u00e7ou no WB Ain Benian, depois passou pelo JSM Ch\u00e9raga, um clube modesto de Argel da 3\u00aa divis\u00e3o mas onde brilhou a ponto de ser chamado aos trabalhos da sua Sele\u00e7\u00e3o. Depois foi para o CR Belouizdad onde esteve 4 anos sempre em crescendo. Em 2012 estreou-se pela Sele\u00e7\u00e3o e come\u00e7ou a despertar o interesse de clubes europeus. Esteve pert\u00edssimo do Nantes mas acabou por ser Bruno de Carvalho a contrat\u00e1-lo para o Sporting no defeso de 2013, o que o fez tornar-se no 1\u00ba jogador do seu pa\u00eds na Hist\u00f3ria do futebol do nosso clube.<\/p>\n<p>Estreou-se oficialmente a 24 de Agosto de 2013 na 2\u00aa jornada do Campeonato em Coimbra (4-0) com o treinador Leonardo Jardim. Marcou o 1\u00ba golo oficial a 20 de Outubro do mesmo ano numa rece\u00e7\u00e3o ao Alba para a Ta\u00e7a de Portugal (8-0)<\/p>\n<p>Nessa 1\u00aa temporada viveu muito tempo \u201c\u00e0 sombra\u201d de Fredy Montero (que tamb\u00e9m chegara e teve um in\u00edcio fulgurante de verde e branco), mas pouco a pouco foi conquistando estatuto, chegando mesmo ao final da temporada como titular. Desse ano o seu melhor momento ter\u00e1 sido o golo que derrotou o Porto em Alvalade para o Campeonato (tamb\u00e9m j\u00e1 marcara na Luz para a Ta\u00e7a de Portugal). No final da temporada (na qual fez 30 jogos e 10 golos) esteve no Mundial do Brasil onde se destacou, facto que lhe \u201cvirou a cabe\u00e7a\u201d ao ponto de ser v\u00edtima de um processo disciplinar no in\u00edcio da temporada seguinte, mas conseguiu ver melhorado o seu contrato. Nessa 2014\/15 (com Marco Silva) ganhou ainda mais import\u00e2ncia na equipa onde era o ponto de refer\u00eancia no ataque. Fez 15 golos em 33 jogos, avultando o que marcou na final da Ta\u00e7a de Portugal perante o Braga (na altura reduziu para 1-2 aos 83 minutos) que o Sporting viria a conquistar nos penaltis.<\/p>\n<p>Com a chegada de Jorge Jesus para 2015\/16 viu-se o melhor Slimani de sempre, um jogador que \u00e9poca ap\u00f3s \u00e9poca foi evoluindo e que nesta atingiu mesmo o ponto m\u00e1ximo, tornando-se um jogador verdadeiramente fulcral na equipa n\u00e3o s\u00f3 pelos golos que marcou (31 em 46 jogos), mas tamb\u00e9m pela disponibilidade f\u00edsica e mental que mostrava, sendo sempre o 1\u00ba defesa da equipa. Neste temporada os golos mais marcantes foram ao Benfica para o Campeonato (3-0 na Luz) e para a Ta\u00e7a de Portugal (2-1 em Alvalade) e os 2 bis ao Porto para o Campeonato (2-0 em Alvalade e 3-1 no Drag\u00e3o).<\/p>\n<p>Ainda come\u00e7ou 2016\/17 de verde e branco, ainda marcou na vit\u00f3ria por 2-1 sobre o Porto \u00e0 2\u00aa jornada (\u00faltimo jogo e golo de verde e branco) mas acabou por sair para o Leicester (surpreendente campe\u00e3o ingl\u00eas na \u00e9poca anterior) por 30 milh\u00f5es de euros.<\/p>\n<p>Assim, acumulou 111 jogos oficiais e 57 golos no Sporting, tendo conquistado 1 Ta\u00e7a de Portugal e 1 Superta\u00e7a. Foi o melhor marcador da equipa em 2014\/15 com 15 golos (a par de Fredy Montero) e em 2015\/16 com 31.<\/p>\n<p>No ranking do site Sporting Canal, Slimani foi o 12\u00ba jogador mais importante da equipa em 2013\/14, o 11\u00ba em 2014\/15 e o 2\u00ba em 2015\/16 (apenas atr\u00e1s de Jo\u00e3o M\u00e1rio) \u2013 sempre em evolu\u00e7\u00e3o.<\/p>\n<p>Em Inglaterra nunca atingiu o fulgor da \u00faltima temporada no Alvalade, tanto no Leicester (13 golos em 46 jogos) como no Newcastle (0 golos em 4 jogos). Depois esteve no Fenerbahce (5 em 25) e no Monaco (a\u00ed j\u00e1 com algum sucesso &#8211; 9 golos em 19 jogos. Ainda regressou por um curto per\u00edodo ao Leicester (0 golos em 3 jogos) e mais tarde rumou a Lyon onde mostrou alguns dos seus atributos de goleador (8 golos em 37 jogos), mas sempre sem sequer se aproximar do n\u00edvel mostrado no Alvalade!<\/p>\n<p>Na temporada 2021\/22 aconteceu o tantas vezes falado regresso ao Sporting. Entrou bem, tornou-se importante, mas acabou incompatibilizado com o treinador R\u00faben Amorim (n\u00e3o se soube porqu\u00ea).<\/p>\n<p>Da\u00ed para c\u00e1 esteve no Brest (2 golos em 18 jogos) e no Anderlecht (9 em 16).<\/p>\n<table border=\"1\" cellspacing=\"0\" cellpadding=\"0\">\n<tbody>\n<tr>\n<td colspan=\"8\" valign=\"top\"><strong>GOLOS de SLIMANI no SPORTING<\/strong><\/td>\n<\/tr>\n<tr>\n<td valign=\"top\">\u00c9POCA<\/td>\n<td valign=\"top\">LC<\/td>\n<td valign=\"top\">LE<\/td>\n<td valign=\"top\">CN<\/td>\n<td valign=\"top\">TP<\/td>\n<td valign=\"top\">TL<\/td>\n<td valign=\"top\">ST<\/td>\n<td valign=\"top\">TOTAL<\/td>\n<\/tr>\n<tr>\n<td valign=\"top\">2013\/14<\/td>\n<td valign=\"top\">&#8211;<\/td>\n<td valign=\"top\">&#8211;<\/td>\n<td valign=\"top\">8<\/td>\n<td valign=\"top\">2<\/td>\n<td valign=\"top\">0<\/td>\n<td valign=\"top\">&#8211;<\/td>\n<td valign=\"top\">10<\/td>\n<\/tr>\n<tr>\n<td valign=\"top\">2014\/15<\/td>\n<td valign=\"top\">2<\/td>\n<td valign=\"top\">0<\/td>\n<td valign=\"top\">12<\/td>\n<td valign=\"top\">1<\/td>\n<td valign=\"top\">0<\/td>\n<td valign=\"top\">&#8211;<\/td>\n<td valign=\"top\">15<\/td>\n<\/tr>\n<tr>\n<td valign=\"top\">2015\/16<\/td>\n<td valign=\"top\">1<\/td>\n<td valign=\"top\">1<\/td>\n<td valign=\"top\">27<\/td>\n<td valign=\"top\">2<\/td>\n<td valign=\"top\">0<\/td>\n<td valign=\"top\">0<\/td>\n<td valign=\"top\">31<\/td>\n<\/tr>\n<tr>\n<td valign=\"top\">2016\/17<\/td>\n<td valign=\"top\">0<\/td>\n<td valign=\"top\">&#8211;<\/td>\n<td valign=\"top\">1<\/td>\n<td valign=\"top\">0<\/td>\n<td valign=\"top\">0<\/td>\n<td valign=\"top\">&#8211;<\/td>\n<td valign=\"top\">1<\/td>\n<\/tr>\n<tr>\n<td valign=\"top\">2021\/22<\/td>\n<td valign=\"top\">0<\/td>\n<td valign=\"top\">&#8211;<\/td>\n<td valign=\"top\">4<\/td>\n<td valign=\"top\">0<\/td>\n<td valign=\"top\">0<\/td>\n<td valign=\"top\">0<\/td>\n<td valign=\"top\">4<\/td>\n<\/tr>\n<tr>\n<td valign=\"top\"><strong>Total<\/strong><\/td>\n<td valign=\"top\"><strong>3<\/strong><\/td>\n<td valign=\"top\"><strong>1<\/strong><\/td>\n<td valign=\"top\"><strong>52<\/strong><\/td>\n<td valign=\"top\"><strong>5<\/strong><\/td>\n<td valign=\"top\"><strong>0<\/strong><\/td>\n<td valign=\"top\"><strong>0<\/strong><\/td>\n<td valign=\"top\"><strong>61<\/strong><\/td>\n<\/tr>\n<\/tbody>\n<\/table>\n<div class=\"tweetthis\" style=\"text-align:left;\"><p> <a target=\"_blank\" rel=\"nofollow\" class=\"tt\" href=\"http:\/\/twitter.com\/home\/?status=Slimani+%E2%80%93+Ponta-de-lan%C3%A7a+poderoso+e+eficaz+https%3A%2F%2Fis.gd%2FeI0SW8\" title=\"Post to Twitter\"><img decoding=\"async\" class=\"nothumb\" src=\"http:\/\/www.sportingcanal.com\/wp-content\/plugins\/tweet-this\/icons\/en\/twitter\/tt-twitter6.png\" alt=\"Post to Twitter\" \/><\/a><\/p><\/div>","protected":false},"excerpt":{"rendered":"<p>Islam Slimani nasceu a 18 de Junho de 1988 em Argel (capital da Arg\u00e9lia). \u00a0Come\u00e7ou no WB Ain Benian, depois passou pelo JSM Ch\u00e9raga, um clube modesto de Argel da 3\u00aa divis\u00e3o mas onde brilhou a ponto de ser chamado aos trabalhos da sua Sele\u00e7\u00e3o. Depois foi para o CR Belouizdad onde esteve 4 anos [&hellip;]<\/p>\n","protected":false},"author":1,"featured_media":38022,"comment_status":"open","ping_status":"closed","sticky":false,"template":"","format":"standard","meta":{"_et_pb_use_builder":"","_et_pb_old_content":"","_et_gb_content_width":"","footnotes":""},"categories":[63],"tags":[66,8],"_links":{"self":[{"href":"https:\/\/www.sportingcanal.com\/index.php?rest_route=\/wp\/v2\/posts\/23497"}],"collection":[{"href":"https:\/\/www.sportingcanal.com\/index.php?rest_route=\/wp\/v2\/posts"}],"about":[{"href":"https:\/\/www.sportingcanal.com\/index.php?rest_route=\/wp\/v2\/types\/post"}],"author":[{"embeddable":true,"href":"https:\/\/www.sportingcanal.com\/index.php?rest_route=\/wp\/v2\/users\/1"}],"replies":[{"embeddable":true,"href":"https:\/\/www.sportingcanal.com\/index.php?rest_route=%2Fwp%2Fv2%2Fcomments&post=23497"}],"version-history":[{"count":18,"href":"https:\/\/www.sportingcanal.com\/index.php?rest_route=\/wp\/v2\/posts\/23497\/revisions"}],"predecessor-version":[{"id":38024,"href":"https:\/\/www.sportingcanal.com\/index.php?rest_route=\/wp\/v2\/posts\/23497\/revisions\/38024"}],"wp:featuredmedia":[{"embeddable":true,"href":"https:\/\/www.sportingcanal.com\/index.php?rest_route=\/wp\/v2\/media\/38022"}],"wp:attachment":[{"href":"https:\/\/www.sportingcanal.com\/index.php?rest_route=%2Fwp%2Fv2%2Fmedia&parent=23497"}],"wp:term":[{"taxonomy":"category","embeddable":true,"href":"https:\/\/www.sportingcanal.com\/index.php?rest_route=%2Fwp%2Fv2%2Fcategories&post=23497"},{"taxonomy":"post_tag","embeddable":true,"href":"https:\/\/www.sportingcanal.com\/index.php?rest_route=%2Fwp%2Fv2%2Ftags&post=23497"}],"curies":[{"name":"wp","href":"https:\/\/api.w.org\/{rel}","templated":true}]}}