{"id":23531,"date":"2026-02-19T09:30:23","date_gmt":"2026-02-19T08:30:23","guid":{"rendered":"http:\/\/www.sportingcanal.com\/?p=23531"},"modified":"2026-02-19T13:25:18","modified_gmt":"2026-02-19T12:25:18","slug":"campeoes-nacionais-de-atletismo-pista-coberta-em-ambos-os-sexos","status":"publish","type":"post","link":"https:\/\/www.sportingcanal.com\/?p=23531","title":{"rendered":"2017 \u2013 Campe\u00f5es Nacionais de Atletismo (pista coberta) em ambos os sexos!"},"content":{"rendered":"<p>19 de Fevereiro de 2017. O Atletismo do Sporting CP conquistou neste dia (e no anterior), em Pombal, os Campeonatos Nacionais de Pista Coberta. Os le\u00f5es fizeram a dobradinha, algo que j\u00e1 n\u00e3o conseguiam atingir desde 2011.<\/p>\n<p>A equipa feminina manteve a hegemonia, tendo conquistado o 7\u00ba t\u00edtulo consecutivo e o 22\u00ba no total em 24 edi\u00e7\u00f5es, tendo acabado a competi\u00e7\u00e3o com 108 pontos, mais 21 que o Benfica (87).<\/p>\n<p>J\u00e1 o setor masculino recuperou um t\u00edtulo que escapava h\u00e1 5 temporadas, terminando a prova com 104 pontos contra os 99 do eterno rival. Importa ainda referir que este foi o 17\u00ba t\u00edtulo dos le\u00f5es em 24 edi\u00e7\u00f5es dos campeonatos.<\/p>\n<p>Depois de ter conquistado 7 provas em 13 no primeiro dia da competi\u00e7\u00e3o, o Sporting CP conquistou 10 em 15 no derradeiro dia dos campeonatos.<\/p>\n<p>No setor masculino destaque para nova vit\u00f3ria de Nelson \u00c9vora. Depois de vencer o salto em comprimento na prova de s\u00e1bado, o atleta leonino voltou a conquistar os 8 pontos para o Sporting CP no triplo salto. \u00c9vora (uma dos maiores nomes do Atletismo portugu\u00eas, e recrutado este ano ao Benfica) dominou completamente a competi\u00e7\u00e3o, tendo triunfado com um salto de 16m55cm, contra os 15m43cm do atleta do Sp.Braga, Ricardo Jaquite.<\/p>\n<p>Depois de conquistar a 1\u00aa competi\u00e7\u00e3o por clubes de le\u00e3o ao peito, Nelson \u00c9vora era um homem feliz: \u201cAcab\u00e1mos por dar uma alegria a todos os sportinguistas. N\u00e3o \u00e9 s\u00f3 o futebol que interessa, embora claro tenha uma grande import\u00e2ncia para o clube. Foi feita uma aposta e poucos meses depois est\u00e1 aqui a resposta com a conquista deste t\u00edtulo&#8221;.<\/p>\n<p>Quanto ao lado feminino, Patr\u00edcia Mamona voltou a estar em grande destaque na prova de triplo salto, saltando novamente acima dos 14 metros. A atleta leonina dominou largamente a competi\u00e7\u00e3o, tendo vencido com 14m13cm, 3\u00aa melhor marca mundial do ano, contra os 13m70cm da atleta do Benfica, Susana Costa. No final da competi\u00e7\u00e3o, a atleta do Sporting CP, que conseguiu a melhor marca pessoal da \u00e9poca, mostrou-se satisfeita com a sua participa\u00e7\u00e3o: \u201cO balan\u00e7o desta prova \u00e9 positivo. O objetivo era conquistar os 8 pontos para o Sporting CP e isso foi conseguido, tanto ontem na prova de salto em comprimento como hoje no triplo salto que \u00e9 a minha disciplina. A n\u00edvel pessoal tamb\u00e9m fiquei contente, consegui obter a melhor marca da \u00e9poca, o que para mim j\u00e1 \u00e9 bom. Conseguir estar toda a \u00e9poca de Inverno a saltar acima dos 14 metros revela consist\u00eancia e deixa-me motivada para fazer uma boa marca nos Europeus\u201d.<\/p>\n<p>O Sporting CP fez a festa no final da competi\u00e7\u00e3o, tendo somado uma dobradinha que j\u00e1 escapava h\u00e1 5 anos.<\/p>\n<p>Carlos Silva, diretor-t\u00e9cnico do Atletismo leonino mostrou-se muito feliz: \u201c\u00c9 um momento muito especial e emocionante. Este triunfo premeia a ousadia do nosso projeto e a coragem e a confian\u00e7a da dire\u00e7\u00e3o do Sporting CP. O clube hoje em dia \u00e9 sem d\u00favida diferente. Estamos muito contentes por voltarmos a recolocar o Sporting CP nos lugares que merece e que s\u00e3o os seus. Mas este triunfo tamb\u00e9m \u00e9 uma forma de reconhecimento da nossa estrutura para tudo o que a dire\u00e7\u00e3o tem feito por esta modalidade (\u2026) No in\u00edcio deste ano eu disse que esta equipa iria estar mais pr\u00f3xima de vencer. N\u00e3o h\u00e1 vit\u00f3rias antecipadas, mas desta vez conseguimos. Fomos muito competitivos, a equipa no geral portou-se bastante bem. Tivemos alguns momentos de supera\u00e7\u00e3o, outros de falhas, mas o balan\u00e7o final \u00e9 muito positivo pois conseguimos amealhar os pontos necess\u00e1rios para nos sagrarmos campe\u00f5es. Temos a perfeita no\u00e7\u00e3o de que esta foi a resposta certa para provar que o desafio que eu lancei na fase inicial da temporada era poss\u00edvel de atingir (\u2026) O apoio da dire\u00e7\u00e3o nestes 2 anos da nossa gest\u00e3o tem sido uma constante. \u00c9 cada vez mais ambicioso, o que \u00e9 natural. Esta vit\u00f3ria n\u00e3o \u00e9 s\u00f3 dos atletas. \u00c9 tamb\u00e9m da dire\u00e7\u00e3o e de tudo aquilo que faz parte do nosso projeto: quer do apoio t\u00e9cnico, como do apoio cl\u00ednico, entre outras coisas. Basicamente \u00e9 o resultado de toda uma estrutura que estamos a criar de apoio na prepara\u00e7\u00e3o e na competi\u00e7\u00e3o para os atletas e que come\u00e7a a dar resultados\u201d.<\/p>\n<p>Vejamos agora quais as vit\u00f3rias leoninas em toda a competi\u00e7\u00e3o.<\/p>\n<p>M<\/p>\n<p>60m &#8211; Ancuiam Lopes &#8211; 6,74s<\/p>\n<p>60m barreiras &#8211; Rasul Dab\u00f3 &#8211; 7,89s<\/p>\n<p>800m \u2013 Sandy Martins &#8211; 1m53,55s<\/p>\n<p>3.000m \u2013 Hugo Correia &#8211; 8m27,22s<\/p>\n<p>5.000m marcha \u2013 Jo\u00e3o Vieira \u2013 19m32,08s<\/p>\n<p>Comprimento \u2013 N\u00e9lson \u00c9vora \u2013 7m32cm<\/p>\n<p>Triplo-salto \u2013 N\u00e9lson \u00c9vora &#8211; 16m55cm<\/p>\n<p>F<\/p>\n<p>60m &#8211; Lorene Bazolo &#8211; \u00a07,35s<\/p>\n<p>400m \u2013 C\u00e1tia Azevedo &#8211; 53,78s<\/p>\n<p>4&#215;400 &#8211; 3m41,86s<\/p>\n<p>800m &#8211; Salom\u00e9 Afonso &#8211; 2m07,40s<\/p>\n<p>3.000m &#8211; Ana Mafalda Ferreira &#8211; 9m43,70s<\/p>\n<p>Altura \u2013 Anabela Neto \u2013 1m81cm<\/p>\n<p>Comprimento \u2013 Patr\u00edcia Mamona \u2013 6m28cm<\/p>\n<p>Peso &#8211; J\u00e9ssica Inchude &#8211; 16m16cm<\/p>\n<p>Triplo-salto \u2013 Patr\u00edcia Mamona &#8211; 14m13cm<\/p>\n<p>Vara &#8211; Marta Onofre &#8211; 4m20cm<\/p>\n<div class=\"tweetthis\" style=\"text-align:left;\"><p> <a target=\"_blank\" rel=\"nofollow\" class=\"tt\" href=\"http:\/\/twitter.com\/home\/?status=2017+%E2%80%93+Campe%C3%B5es+Nacionais+de+Atletismo+%28pista+coberta%29+em+ambos+os+sexos%21+https%3A%2F%2Fis.gd%2F4SLuxk\" title=\"Post to Twitter\"><img decoding=\"async\" class=\"nothumb\" src=\"http:\/\/www.sportingcanal.com\/wp-content\/plugins\/tweet-this\/icons\/en\/twitter\/tt-twitter6.png\" alt=\"Post to Twitter\" \/><\/a><\/p><\/div>","protected":false},"excerpt":{"rendered":"<p>19 de Fevereiro de 2017. O Atletismo do Sporting CP conquistou neste dia (e no anterior), em Pombal, os Campeonatos Nacionais de Pista Coberta. Os le\u00f5es fizeram a dobradinha, algo que j\u00e1 n\u00e3o conseguiam atingir desde 2011. A equipa feminina manteve a hegemonia, tendo conquistado o 7\u00ba t\u00edtulo consecutivo e o 22\u00ba no total em [&hellip;]<\/p>\n","protected":false},"author":1,"featured_media":39678,"comment_status":"open","ping_status":"closed","sticky":false,"template":"","format":"standard","meta":{"_et_pb_use_builder":"","_et_pb_old_content":"","_et_gb_content_width":"","footnotes":""},"categories":[17],"tags":[21,22,69],"_links":{"self":[{"href":"https:\/\/www.sportingcanal.com\/index.php?rest_route=\/wp\/v2\/posts\/23531"}],"collection":[{"href":"https:\/\/www.sportingcanal.com\/index.php?rest_route=\/wp\/v2\/posts"}],"about":[{"href":"https:\/\/www.sportingcanal.com\/index.php?rest_route=\/wp\/v2\/types\/post"}],"author":[{"embeddable":true,"href":"https:\/\/www.sportingcanal.com\/index.php?rest_route=\/wp\/v2\/users\/1"}],"replies":[{"embeddable":true,"href":"https:\/\/www.sportingcanal.com\/index.php?rest_route=%2Fwp%2Fv2%2Fcomments&post=23531"}],"version-history":[{"count":12,"href":"https:\/\/www.sportingcanal.com\/index.php?rest_route=\/wp\/v2\/posts\/23531\/revisions"}],"predecessor-version":[{"id":39679,"href":"https:\/\/www.sportingcanal.com\/index.php?rest_route=\/wp\/v2\/posts\/23531\/revisions\/39679"}],"wp:featuredmedia":[{"embeddable":true,"href":"https:\/\/www.sportingcanal.com\/index.php?rest_route=\/wp\/v2\/media\/39678"}],"wp:attachment":[{"href":"https:\/\/www.sportingcanal.com\/index.php?rest_route=%2Fwp%2Fv2%2Fmedia&parent=23531"}],"wp:term":[{"taxonomy":"category","embeddable":true,"href":"https:\/\/www.sportingcanal.com\/index.php?rest_route=%2Fwp%2Fv2%2Fcategories&post=23531"},{"taxonomy":"post_tag","embeddable":true,"href":"https:\/\/www.sportingcanal.com\/index.php?rest_route=%2Fwp%2Fv2%2Ftags&post=23531"}],"curies":[{"name":"wp","href":"https:\/\/api.w.org\/{rel}","templated":true}]}}