{"id":23658,"date":"2026-03-05T10:00:03","date_gmt":"2026-03-05T09:00:03","guid":{"rendered":"http:\/\/www.sportingcanal.com\/?p=23658"},"modified":"2026-03-05T11:59:24","modified_gmt":"2026-03-05T10:59:24","slug":"atletismo-campeoes-nacionais-de-corta-mato-longo-em-ambos-os-sexos","status":"publish","type":"post","link":"https:\/\/www.sportingcanal.com\/?p=23658","title":{"rendered":"2017 \u2013 Campe\u00f5es nacionais de Corta-mato longo em ambos os sexos"},"content":{"rendered":"<p>5 de Mar\u00e7o de 2017. O Sporting CP conquistou nesse domingo de manh\u00e3 2 t\u00edtulos nacionais, no g\u00e9nero masculino e feminino, nos campeonatos de corta-mato longo que se realizaram em Mira.<\/p>\n<p>\u00c0 hegemonia verde e branca em termos coletivos juntou-se o t\u00edtulo individual de J\u00e9ssica Augusto (s\u00e9niores femininos)\u00a0e o de Miguel Marques (sub-23 masculinos).<\/p>\n<p>Os primeiros a entrar em a\u00e7\u00e3o foram mesmo os atletas masculinos, onde o equil\u00edbrio reinou durante toda a prova, que se veio a discutir ao cent\u00edmetro e at\u00e9 ao \u00faltimo instante. Com a dianteira da corrida a ser repartida entre atletas leoninos e encarnados desde o in\u00edcio at\u00e9 ao final (nos primeiros 14, s\u00f3 um n\u00e3o pertencia a nenhum destes conjuntos), foi Rui Pinto, do Benfica, quem acabou por se superiorizar nos \u00faltimos metros, seguido de perto pelos le\u00f5es Lic\u00ednio Pimentel e Ricardo Dias. Coletivamente, o Sporting CP foi o conjunto mais forte, conseguindo bater os rivais da Luz por 2 pontos. Nesta prova, destaque tamb\u00e9m para o sportinguista Miguel Marques, que venceu no escal\u00e3o de sub-23.<\/p>\n<p>Minutos depois, foram as mulheres a entrar em prova, protagonizando uma corrida bem diferente.\u00a0visto que J\u00e9ssica Augusto desde a 1\u00aa passada mostrou estar a um n\u00edvel acima das demais. Com um ritmo alt\u00edssimo, a leoa conquistou uma margem confort\u00e1vel e geriu a vantagem at\u00e9 ao fim, sendo seguida por Salom\u00e9 Rocha, a vencedora em t\u00edtulo da \u00e9poca anterior. Tamb\u00e9m a n\u00edvel coletivo o dom\u00ednio verde e branco foi consider\u00e1vel, tendo o Sporting CP vencido por 54 pontos de diferen\u00e7a e 4 atletas nas 5 primeiras classificadas.<\/p>\n<p>A juntar aos 2 t\u00edtulos no escal\u00e3o de s\u00e9niores, tamb\u00e9m a equipa feminina de juniores saiu vencedora de Mira, onde o Clube de Alvalade deixou uma marca hegem\u00f3nica, j\u00e1 depois de se ter mostrado a grande n\u00edvel noutras provas da modalidade.<\/p>\n<p>Carlos Silva, coordenador do Atletismo verde e branco, realizou um balan\u00e7o muito positivo e sublinhou que o triunfo \u00e9, sobretudo, dos atletas: &#8220;Fiquei satisfeito sobretudo pelo desempenho coletivo. O que o Sporting CP mostrou aqui foi uma grande for\u00e7a colectiva. Isso trabalha-se, primeiro, na constru\u00e7\u00e3o da equipa que tem de ter alguns suportes individuais que fa\u00e7am a diferen\u00e7a;\u00a0depois, atrav\u00e9s de uma estrat\u00e9gia que obriga a treinos conjuntos, est\u00e1gios e uma s\u00e9rie de iniciativas que temos planeadas com a pr\u00f3pria equipa. Existe todo um staff t\u00e9cnico e uma estrutura na parte cl\u00ednica, da psicologia, e que fazem a diferen\u00e7a. Esta vit\u00f3ria \u00e9 dos atletas e do que conseguiram fazer em equipa&#8221;, finalizou, naturalmente feliz pela performance dos le\u00f5es.<\/p>\n<div class=\"tweetthis\" style=\"text-align:left;\"><p> <a target=\"_blank\" rel=\"nofollow\" class=\"tt\" href=\"http:\/\/twitter.com\/home\/?status=2017+%E2%80%93+Campe%C3%B5es+nacionais+de+Corta-mato+longo+em+ambos+os+sexos+https%3A%2F%2Fis.gd%2FRe5BSr\" title=\"Post to Twitter\"><img decoding=\"async\" class=\"nothumb\" src=\"http:\/\/www.sportingcanal.com\/wp-content\/plugins\/tweet-this\/icons\/en\/twitter\/tt-twitter6.png\" alt=\"Post to Twitter\" \/><\/a><\/p><\/div>","protected":false},"excerpt":{"rendered":"<p>5 de Mar\u00e7o de 2017. O Sporting CP conquistou nesse domingo de manh\u00e3 2 t\u00edtulos nacionais, no g\u00e9nero masculino e feminino, nos campeonatos de corta-mato longo que se realizaram em Mira. \u00c0 hegemonia verde e branca em termos coletivos juntou-se o t\u00edtulo individual de J\u00e9ssica Augusto (s\u00e9niores femininos)\u00a0e o de Miguel Marques (sub-23 masculinos). Os [&hellip;]<\/p>\n","protected":false},"author":1,"featured_media":23659,"comment_status":"open","ping_status":"closed","sticky":false,"template":"","format":"standard","meta":{"_et_pb_use_builder":"","_et_pb_old_content":"","_et_gb_content_width":"","footnotes":""},"categories":[17],"tags":[22,48,104],"_links":{"self":[{"href":"https:\/\/www.sportingcanal.com\/index.php?rest_route=\/wp\/v2\/posts\/23658"}],"collection":[{"href":"https:\/\/www.sportingcanal.com\/index.php?rest_route=\/wp\/v2\/posts"}],"about":[{"href":"https:\/\/www.sportingcanal.com\/index.php?rest_route=\/wp\/v2\/types\/post"}],"author":[{"embeddable":true,"href":"https:\/\/www.sportingcanal.com\/index.php?rest_route=\/wp\/v2\/users\/1"}],"replies":[{"embeddable":true,"href":"https:\/\/www.sportingcanal.com\/index.php?rest_route=%2Fwp%2Fv2%2Fcomments&post=23658"}],"version-history":[{"count":9,"href":"https:\/\/www.sportingcanal.com\/index.php?rest_route=\/wp\/v2\/posts\/23658\/revisions"}],"predecessor-version":[{"id":39763,"href":"https:\/\/www.sportingcanal.com\/index.php?rest_route=\/wp\/v2\/posts\/23658\/revisions\/39763"}],"wp:featuredmedia":[{"embeddable":true,"href":"https:\/\/www.sportingcanal.com\/index.php?rest_route=\/wp\/v2\/media\/23659"}],"wp:attachment":[{"href":"https:\/\/www.sportingcanal.com\/index.php?rest_route=%2Fwp%2Fv2%2Fmedia&parent=23658"}],"wp:term":[{"taxonomy":"category","embeddable":true,"href":"https:\/\/www.sportingcanal.com\/index.php?rest_route=%2Fwp%2Fv2%2Fcategories&post=23658"},{"taxonomy":"post_tag","embeddable":true,"href":"https:\/\/www.sportingcanal.com\/index.php?rest_route=%2Fwp%2Fv2%2Ftags&post=23658"}],"curies":[{"name":"wp","href":"https:\/\/api.w.org\/{rel}","templated":true}]}}