{"id":24330,"date":"2025-06-21T09:30:24","date_gmt":"2025-06-21T08:30:24","guid":{"rendered":"http:\/\/www.sportingcanal.com\/?p=24330"},"modified":"2025-06-21T19:25:35","modified_gmt":"2025-06-21T18:25:35","slug":"inaugurado-o-pavilhao-joao-rocha","status":"publish","type":"post","link":"https:\/\/www.sportingcanal.com\/?p=24330","title":{"rendered":"2017 &#8211; Inaugurado o Pavilh\u00e3o Jo\u00e3o Rocha"},"content":{"rendered":"<p>21 de Junho de 2017. Neste dia foi tornado realidade um sonho de muitos sportinguistas, concretizado pela tenacidade do presidente Bruno de Carvalho e tamb\u00e9m pela contribui\u00e7\u00e3o de muitos milhares de adeptos, ao inaugurar-se o novo Pavilh\u00e3o do clube, com o nome de um dos presidentes mais marcantes da sua Hist\u00f3ria \u2013 Jo\u00e3o Rocha.<\/p>\n<p>O evento aconteceu, curiosamente, 15 anos depois de aberta a Academia Sporting e 13 depois de demolida a m\u00edtica Nave de Alvalade.<\/p>\n<p>A cerim\u00f3nia come\u00e7ou perto das 17 horas, com a\u00a0inaugura\u00e7\u00e3o da rotunda Visconde de Alvalade (entre o pavilh\u00e3o e o est\u00e1dio), onde passou a ser a local definitivo\u00a0da est\u00e1tua do Le\u00e3o. O momento foi presenciado por centenas de Sportinguistas que n\u00e3o quiseram perder um \u00fanico instante do que todos sabiam ser o dia que ficar\u00e1 gravado na Hist\u00f3ria e contou, igualmente, com a presen\u00e7a do presidente da C\u00e2mara Municipal de Lisboa &#8211; Fernando Medina, que, j\u00e1 dentro do pavilh\u00e3o, falou \u00e0 fam\u00edlia leonina: &#8220;N\u00e3o h\u00e1 que ter medo das palavras. Vivemos um momento hist\u00f3rico para esta grande institui\u00e7\u00e3o, logo, para a nossa cidade (\u2026) Tenho mem\u00f3ria daquela que foi a melhor equipa de sempre de H\u00f3quei em Patins &#8211; Ramalhete, Rendeiro, Sobrinho, Chana e Livramento &#8211; forma\u00e7\u00e3o base da Selec\u00e7\u00e3o Nacional. O imagin\u00e1rio dos adeptos leoninos est\u00e1 recheado de in\u00fameras figuras importantes das modalidades. Um grande Sporting \u00e9 imprescind\u00edvel ao desporto portugu\u00eas&#8221;.<\/p>\n<p>Quem tamb\u00e9m n\u00e3o faltou \u00e0 cerim\u00f3nia oficial de inaugura\u00e7\u00e3o do Pavilh\u00e3o Jo\u00e3o Rocha foi Margarida Rocha, filho do antigo Presidente leonino. &#8220;Onde quer que esteja, o meu pai volta a ver o ecletismo do clube refor\u00e7ado para os desafios que lhe espera&#8221;.<\/p>\n<p>O Presidente Bruno de Carvalho foi, ele pr\u00f3prio, o apresentador do evento. Chamou os v\u00e1rios protagonistas ao palco, entre eles o arquiteto do projeto &#8211; o alem\u00e3o Andreas Moerschel, e at\u00e9 come\u00e7ou por chamar ao palco Pedro Portela, ponta-direita da equipa de Andebol, para, em conjunto, repetir o c\u00e2ntico que se tornou viral logo ap\u00f3s a conquista do t\u00edtulo nacional da modalidade em Odivelas.<\/p>\n<p>No seu discurso, citou Fernando Pessoa: &#8220;&#8216;Deus quer, o homem sonha, a obra nasce&#8217;. \u00c9 assim que come\u00e7a o poema \u201cMar Portugu\u00eas\u201d. Nesta obra-prima da literatura portuguesa, o poeta, um dos maiores de sempre, prop\u00f5e-se a analisar o sacrif\u00edcio de todos os portugueses durante a era dos Descobrimentos. Tudo o que o nosso povo fez para conquistar o mar, para que tiv\u00e9ssemos um dos maiores imp\u00e9rios de todos os tempos. Normalmente \u00e9 assim: Quando queremos muito algo, sabemos que \u00e9 preciso sacrif\u00edcio&#8221;. Sacrif\u00edcio que o l\u00edder leonino retribuiu aos sportinguistas em forma de recompensa. O t\u00e3o desejado Pavilh\u00e3o Jo\u00e3o Rocha.<\/p>\n<p>O Pavilh\u00e3o Jo\u00e3o Rocha j\u00e1 era um desejo antigo de todos os sportinguistas, e apesar de a sua inaugura\u00e7\u00e3o se ter tratado do ponto alto do dia, n\u00e3o foi o \u00fanico motivo de interesse. Antes de todas as aten\u00e7\u00f5es se terem apontado \u00e0 nova casa das modalidades, Bruno de Carvalho encetou a s\u00e9rie de inaugura\u00e7\u00f5es na que apelidou \u201cCidade Sporting\u201d. Sempre na companhia de Fernando Medina e de Pedro Delgado Alves &#8211; presidente da junta de freguesia do Lumiar, o Presidente verde e branco inaugurou a\u00a0Rua Prof. Moniz Pereira, contando com a presen\u00e7a da filha do \u201cSenhor Atletismo\u201d. Minutos depois, foi tempo da Rotunda Visconde de Alvalade ter sido apresentada a todos os presentes, destacando-se pela est\u00e1tua de um le\u00e3o gigante ao centro, onde est\u00e1 gravado o lema do Sporting: Esfor\u00e7o, Dedica\u00e7\u00e3o, Devo\u00e7\u00e3o e Gl\u00f3ria. Do\u00a0monumento que se localiza entre o novo pavilh\u00e3o e o Est\u00e1dio Jos\u00e9 Alvalade seguiu-se para o Campo Peyroteo, com\u00a0piso sint\u00e9tico e destinado ao futebol de 7.<\/p>\n<p>Do outro lado do Pavilh\u00e3o Jo\u00e3o Rocha, as inaugura\u00e7\u00f5es n\u00e3o terminaram antes de serem dados a conhecer mais 2 campos sint\u00e9ticos, ainda que de dimens\u00f5es distintas e mais reduzidas: preparados para a pr\u00e1tica de futebol de 5, os dois homenageados desta feita foram os \u201cbolas de ouro\u201d formados em Alvalade &#8211; Cristiano Ronaldo e Lu\u00eds Figo.<\/p>\n<p>Agora resta-nos ter esperan\u00e7a no futuro, ansiando para que o Pavilh\u00e3o seja palco de in\u00fameros momentos de gl\u00f3ria para as nossas modalidades de alta competi\u00e7\u00e3o &#8211; em apenas 1 ano j\u00e1 foram tantos!<\/p>\n<div class=\"tweetthis\" style=\"text-align:left;\"><p> <a target=\"_blank\" rel=\"nofollow\" class=\"tt\" href=\"http:\/\/twitter.com\/home\/?status=2017+%E2%80%93+Inaugurado+o+Pavilh%C3%A3o+Jo%C3%A3o+Rocha+https%3A%2F%2Fis.gd%2FzmJX3V\" title=\"Post to Twitter\"><img decoding=\"async\" class=\"nothumb\" src=\"http:\/\/www.sportingcanal.com\/wp-content\/plugins\/tweet-this\/icons\/en\/twitter\/tt-twitter6.png\" alt=\"Post to Twitter\" \/><\/a><\/p><\/div>","protected":false},"excerpt":{"rendered":"<p>21 de Junho de 2017. Neste dia foi tornado realidade um sonho de muitos sportinguistas, concretizado pela tenacidade do presidente Bruno de Carvalho e tamb\u00e9m pela contribui\u00e7\u00e3o de muitos milhares de adeptos, ao inaugurar-se o novo Pavilh\u00e3o do clube, com o nome de um dos presidentes mais marcantes da sua Hist\u00f3ria \u2013 Jo\u00e3o Rocha. O [&hellip;]<\/p>\n","protected":false},"author":1,"featured_media":38060,"comment_status":"open","ping_status":"closed","sticky":false,"template":"","format":"standard","meta":{"_et_pb_use_builder":"","_et_pb_old_content":"","_et_gb_content_width":"","footnotes":""},"categories":[4],"tags":[107],"_links":{"self":[{"href":"https:\/\/www.sportingcanal.com\/index.php?rest_route=\/wp\/v2\/posts\/24330"}],"collection":[{"href":"https:\/\/www.sportingcanal.com\/index.php?rest_route=\/wp\/v2\/posts"}],"about":[{"href":"https:\/\/www.sportingcanal.com\/index.php?rest_route=\/wp\/v2\/types\/post"}],"author":[{"embeddable":true,"href":"https:\/\/www.sportingcanal.com\/index.php?rest_route=\/wp\/v2\/users\/1"}],"replies":[{"embeddable":true,"href":"https:\/\/www.sportingcanal.com\/index.php?rest_route=%2Fwp%2Fv2%2Fcomments&post=24330"}],"version-history":[{"count":13,"href":"https:\/\/www.sportingcanal.com\/index.php?rest_route=\/wp\/v2\/posts\/24330\/revisions"}],"predecessor-version":[{"id":38061,"href":"https:\/\/www.sportingcanal.com\/index.php?rest_route=\/wp\/v2\/posts\/24330\/revisions\/38061"}],"wp:featuredmedia":[{"embeddable":true,"href":"https:\/\/www.sportingcanal.com\/index.php?rest_route=\/wp\/v2\/media\/38060"}],"wp:attachment":[{"href":"https:\/\/www.sportingcanal.com\/index.php?rest_route=%2Fwp%2Fv2%2Fmedia&parent=24330"}],"wp:term":[{"taxonomy":"category","embeddable":true,"href":"https:\/\/www.sportingcanal.com\/index.php?rest_route=%2Fwp%2Fv2%2Fcategories&post=24330"},{"taxonomy":"post_tag","embeddable":true,"href":"https:\/\/www.sportingcanal.com\/index.php?rest_route=%2Fwp%2Fv2%2Ftags&post=24330"}],"curies":[{"name":"wp","href":"https:\/\/api.w.org\/{rel}","templated":true}]}}