{"id":24724,"date":"2025-09-03T09:30:43","date_gmt":"2025-09-03T08:30:43","guid":{"rendered":"http:\/\/www.sportingcanal.com\/?p=24724"},"modified":"2025-09-03T12:11:11","modified_gmt":"2025-09-03T11:11:11","slug":"futebol-sporting-3-sp-braga-1-ap-as-nossas-meninas-continuam-a-ganhar-tudo","status":"publish","type":"post","link":"https:\/\/www.sportingcanal.com\/?p=24724","title":{"rendered":"2017 \u2013 A Superta\u00e7a para as nossas meninas futebolistas!"},"content":{"rendered":"<p>3 de Setembro de 2017. O Sporting CP conquistou a Superta\u00e7a de Futebol feminino ao vencer o Sp. Braga por 3-1 ap, em jogo disputado no Est\u00e1dio Cidade de Coimbra, depois de ter estado a perder (1-0) at\u00e9 aos 92 minutos!<\/p>\n<p>Foi daqueles jogos \u201cimpr\u00f3prios para card\u00edacos\u201d, ali\u00e1s como j\u00e1 tinham sido entre estas duas equipas os da temporada anterior.<\/p>\n<p>Com uma entrada forte e determinada, o Braga chegou \u00e0 vantagem aos 12 minutos pela espanhola Pauleta, ap\u00f3s um livre cobrado por Dolores Silva. O cabeceamento n\u00e3o deu hip\u00f3teses de defesa \u00e0 guardi\u00e3 Patr\u00edcia Morais.<\/p>\n<p>O Sporting tentou responder, mas a bola teimava em n\u00e3o entrar, apesar de se criarem algumas boas oportunidades. O Braga tam,b\u00e9m foi criando algum perigo, mas o que \u00e9 certo \u00e9 que o marcador se manteve inalterado at\u00e9 aos instantes finais, em que a &#8216;talism\u00e3&#8217; Ana Capeta, que subiu ao relvado aos 81 minutos, deu um ar da sua gra\u00e7a.\u00a0A jovem n\u00e3o s\u00f3 carimbou um empate dram\u00e1tico aos 92 minutos com um remate certeiro, ap\u00f3s uma s\u00e9rie de ressaltos na \u00e1rea contr\u00e1ria, como ainda terminou com as incertezas com mais 2 golos no prolongamento. Primeiro aos 102 minutos, ap\u00f3s uma jogada individual de Ana Borges, em que s\u00f3 teve de atirar para o fundo das redes, e, por fim, aos 118, momento em que correspondeu da melhor maneira a mais uma grande arrancada de Ana Borges numa jogada fant\u00e1stica, de longe a melhor do encontro.<\/p>\n<p>No final de contas, um hat-trick memor\u00e1vel para a jovem de 19 anos, que j\u00e1 na \u00faltima temporada havia marcado o golo da vit\u00f3ria na final da Ta\u00e7a de Portugal, e mais uma Superta\u00e7a para o Museu Sporting.<\/p>\n<p>A equipa: Patr\u00edcia Morais; Matilde Fidalgo, Mariana Azevedo, Carole Costa e Jo\u00e3o March\u00e3o (Ana Capeta 82); Carlyn Baldwin (Solange Carvalhas 66); Tatiana Pinto e F\u00e1tima Pinto; Ana Borges, Diana Silva e Ana Leite (Nadine Cordeiro 106).<\/p>\n<p>Pouco tempo depois dos in\u00fameros festejos das sportinguistas, o t\u00e9cnico Nuno Crist\u00f3v\u00e3o fez a sua an\u00e1lise ao duelo: &#8220;A Ana Capeta \u00e9 mais uma jogadora, faz parte de um grupo de trabalho. Esteve 5 semanas parada e fez 2 treinos connosco. Sinceramente, ponderei se a convocaria ou n\u00e3o.\u00a0Mas \u00e9 o &#8216;efeito Capeta&#8217; junto dos s\u00f3cios, da equipa, e foi feliz (\u2026) Nem entr\u00e1mos mal no jogo mas\u00a0depois do golo desconjunt\u00e1mo-nos um pouco e tent\u00e1mos retificar na 2\u00aa parte.\u00a0J\u00e1 no decorrer dos 90 minutos tivemos oportunidades para fazer o empate mais cedo, depois, vencemos no prolongamento e penso que o Sporting CP\u00a0\u00e9 um justo vencedor.<\/p>\n<p>A hero\u00edna da tarde, Ana Capeta, afirmou: \u201cA receita \u00e9 acreditar at\u00e9 ao fim, dar motivos a quem confia em n\u00f3s, honrando esta camisola at\u00e9 morrer. O Sporting CP \u00e9 o nosso grande amor!&#8221;, rematou, com um sorriso rasgado.<\/p>\n<div class=\"tweetthis\" style=\"text-align:left;\"><p> <a target=\"_blank\" rel=\"nofollow\" class=\"tt\" href=\"http:\/\/twitter.com\/home\/?status=2017+%E2%80%93+A+Superta%C3%A7a+para+as+nossas+meninas+futebolistas%21+https%3A%2F%2Fis.gd%2FJZpZEW\" title=\"Post to Twitter\"><img decoding=\"async\" class=\"nothumb\" src=\"http:\/\/www.sportingcanal.com\/wp-content\/plugins\/tweet-this\/icons\/en\/twitter\/tt-twitter6.png\" alt=\"Post to Twitter\" \/><\/a><\/p><\/div>","protected":false},"excerpt":{"rendered":"<p>3 de Setembro de 2017. O Sporting CP conquistou a Superta\u00e7a de Futebol feminino ao vencer o Sp. Braga por 3-1 ap, em jogo disputado no Est\u00e1dio Cidade de Coimbra, depois de ter estado a perder (1-0) at\u00e9 aos 92 minutos! Foi daqueles jogos \u201cimpr\u00f3prios para card\u00edacos\u201d, ali\u00e1s como j\u00e1 tinham sido entre estas duas [&hellip;]<\/p>\n","protected":false},"author":1,"featured_media":38673,"comment_status":"open","ping_status":"closed","sticky":false,"template":"","format":"standard","meta":{"_et_pb_use_builder":"","_et_pb_old_content":"","_et_gb_content_width":"","footnotes":""},"categories":[17],"tags":[8,18],"_links":{"self":[{"href":"https:\/\/www.sportingcanal.com\/index.php?rest_route=\/wp\/v2\/posts\/24724"}],"collection":[{"href":"https:\/\/www.sportingcanal.com\/index.php?rest_route=\/wp\/v2\/posts"}],"about":[{"href":"https:\/\/www.sportingcanal.com\/index.php?rest_route=\/wp\/v2\/types\/post"}],"author":[{"embeddable":true,"href":"https:\/\/www.sportingcanal.com\/index.php?rest_route=\/wp\/v2\/users\/1"}],"replies":[{"embeddable":true,"href":"https:\/\/www.sportingcanal.com\/index.php?rest_route=%2Fwp%2Fv2%2Fcomments&post=24724"}],"version-history":[{"count":8,"href":"https:\/\/www.sportingcanal.com\/index.php?rest_route=\/wp\/v2\/posts\/24724\/revisions"}],"predecessor-version":[{"id":38674,"href":"https:\/\/www.sportingcanal.com\/index.php?rest_route=\/wp\/v2\/posts\/24724\/revisions\/38674"}],"wp:featuredmedia":[{"embeddable":true,"href":"https:\/\/www.sportingcanal.com\/index.php?rest_route=\/wp\/v2\/media\/38673"}],"wp:attachment":[{"href":"https:\/\/www.sportingcanal.com\/index.php?rest_route=%2Fwp%2Fv2%2Fmedia&parent=24724"}],"wp:term":[{"taxonomy":"category","embeddable":true,"href":"https:\/\/www.sportingcanal.com\/index.php?rest_route=%2Fwp%2Fv2%2Fcategories&post=24724"},{"taxonomy":"post_tag","embeddable":true,"href":"https:\/\/www.sportingcanal.com\/index.php?rest_route=%2Fwp%2Fv2%2Ftags&post=24724"}],"curies":[{"name":"wp","href":"https:\/\/api.w.org\/{rel}","templated":true}]}}