{"id":24742,"date":"2026-03-15T08:30:47","date_gmt":"2026-03-15T07:30:47","guid":{"rendered":"http:\/\/www.sportingcanal.com\/?p=24742"},"modified":"2026-03-15T16:17:18","modified_gmt":"2026-03-15T15:17:18","slug":"adrien","status":"publish","type":"post","link":"https:\/\/www.sportingcanal.com\/?p=24742","title":{"rendered":"Adrien Silva"},"content":{"rendered":"<p>Adrien Silva nasceu a 15 de Mar\u00e7o de 1989 em Angoul\u00eame (Fran\u00e7a). Come\u00e7ou por jogar futebol nas escolas do Bord\u00e9us, at\u00e9 que os seus pais decidiram vir viver para Arcos de Valdevez, e a\u00ed passou a alinhar num clube da terra chamado Pa\u00e7o, destacando-se de tal maneira que acabou por ir parar ao Sporting com apenas 12 anos.<\/p>\n<p>Em Lisboa come\u00e7ou inicialmente por sentir grandes dificuldades na l\u00edngua e tamb\u00e9m pelo facto de pela primeira vez viver sozinho, longe da prote\u00e7\u00e3o paternal, mas desde muito novo mostrou um car\u00e1ter forte, uma personalidade tranquila e respons\u00e1vel, acabando por ser campe\u00e3o e internacional em todos os escal\u00f5es jovens.<\/p>\n<p>Em 2005 esteve dado como certo no Chelsea, que o tentou &#8220;roubar&#8221; ao Sporting, juntamente com mais 2 colegas que se destacavam na Academia leonina, mas foi o \u00fanico que acabou por permanecer de verde e branco.<\/p>\n<p>Estreou-se oficialmente pela equipa principal aos 18 anos, no dia 17 de Agosto de 2007 (com Paulo Bento) num Sporting-Acad\u00e9mica (4-1) para a 1\u00aa jornada do Campeonato Nacional. Nessa 1\u00aa temporada fez 15 jogos, comprovou ser um futebolista que poderia ter futuro no clube (embora ainda demonstrasse muitas car\u00eancias) e contribuiu para a conquista da Ta\u00e7a de Portugal e da Superta\u00e7a.<\/p>\n<p>Na temporada seguinte continuou a evoluir, mostrando cada vez mais consist\u00eancia. Paulo Bento utilizava-o sempre na posi\u00e7\u00e3o 6. Fez 19 jogos e venceu a Superta\u00e7a.<\/p>\n<p>Em 2009\/10 jogou ainda mais (24 presen\u00e7as) e marcou o seu 1\u00ba golo \u2013 foi a 1 de Outubro de 2009 numa rece\u00e7\u00e3o ao Hertha de Berlim para a Liga Europa. Essa foi uma temporada muito atribulada no qual o Sporting teve 3 treinadores (Paulo Bento, Leonel Pontes e Carlos Carvalhal) e Adrien acabou por sair no final, emprestado ao Maccabi Haifa (onde n\u00e3o se destacou) e no ano seguinte foi para a Acad\u00e9mica onde, a\u00ed sim, foi muito relevante. Em 2012 continuou em Coimbra onde ganhou a Ta\u00e7a de Portugal (precisamente frente ao Sporting\u2026), realizando uma temporada not\u00e1vel.<\/p>\n<p>Para 2012\/13, com S\u00e1 Pinto, voltou finalmente a \u201ccasa\u201d naquela que foi a pior temporada de sempre do futebol leonino. A verdade \u00e9 que voltou a n\u00e3o convencer ningu\u00e9m. Mostrava qualidade t\u00e9cnica mas parecia faltar-lhe \u201ccora\u00e7\u00e3o\u201d e \u201cnervo\u201d, qualidades que paradoxalmente passou a mostrar indubitavelmente a partir do ano seguinte com a chegada de Leonardo Jardim. A partir da\u00ed sim, tornou-se figura fundamental da equipa do Sporting, na posi\u00e7\u00e3o 8, realizando 33 jogos e marcando 9 golos. Ganhou at\u00e9 o Pr\u00e9mio Stromp para \u201cfutebolista do ano\u201d.<\/p>\n<p>Depois, com Marco Silva (2014\/15), aumentou ainda o andamento (42 jogos e 10 golos \u2013 e vit\u00f3ria na Ta\u00e7a de Portugal). Nessa mesma temporada estreou-se na Sele\u00e7\u00e3o Nacional (18 de Dezembro de 2014 \u2013 1-0 \u00e0 Argentina).<\/p>\n<p>Para 2015\/16 chegou Jorge Jesus, e Adrien tornou-se capit\u00e3o da equipa que esteve pert\u00edssimo da gl\u00f3ria mas s\u00f3 conseguiu conquistar a Superta\u00e7a logo na abertura da \u00e9poca oficial. Fez 41 jogos e 9 golos e ap\u00f3s uma temporada magn\u00edfica sagrou-se campe\u00e3o da Europa de sele\u00e7\u00f5es em Paris. No defeso esteve quase transferido para o Leicester (n\u00e3o se coibiu de mostrar essa firme pretens\u00e3o) por 30 milh\u00f5es mas o Presidente Bruno de Carvalho n\u00e3o abdicou dos valores que pretendia (cerca de 45 milh\u00f5es \u2013 valor da cl\u00e1usula de rescis\u00e3o) e a transfer\u00eancia acabou por n\u00e3o se concretizar. Em Dezembro de 2016 foi distinguido com o Pr\u00e9mio Stromp na categoria &#8220;Europeu&#8221;.<\/p>\n<p>Apesar de tudo manteve-se capit\u00e3o da equipa em 2016\/17, onde n\u00e3o esteve t\u00e3o brilhante como em \u00e9pocas anteriores. Ainda assim fez 36 jogos e 6 golos, mostrando-se sempre fundamental na posi\u00e7\u00e3o 8. Apesar de tudo desvalorizou-se pois o seu rendimento esteve aqu\u00e9m do da \u00e9poca anterior.<\/p>\n<p>Finalmente, ainda iniciou a \u00e9poca 2017\/18. Fez 5 jogos e marcou 1 golo (o \u00faltimo de verde e branco) em Guimar\u00e3es num triunfo por 5-0 a 19 de Agosto de 2017 (curiosamente no mesmo jogo, aquele que se pensou ser o seu sucessor natural na equipa \u2013 Bruno Fernandes \u2013 marcou pela 1\u00aa vez). No final do \u201cmercado\u201d foi transferido para o Leicester, conseguindo concretizar o objetivo de alinhar na Premier League que n\u00e3o tinha concretizado no defesa anterior. A enorme visibilidade do campeonato ingl\u00eas, associada a uma condi\u00e7\u00e3o monet\u00e1ria muito superior \u00e0 que tinha no Alvalade, conseguiram sobrepor-se \u00e0 incorpora\u00e7\u00e3o num clube que, embora campe\u00e3o (surpresa) ingl\u00eas 2 anos antes, estava longe de ser um dos grandes do pa\u00eds.<\/p>\n<p>Tinha jogado pela \u00faltima vez a 23 de Agosto de 2017, em Bucareste frente ao Steaua na eliminat\u00f3ria de acesso \u00e0 Liga dos Campe\u00f5es (triunfo por 5-1).<\/p>\n<p>Adrien acabou por totalizar presen\u00e7as em 9 temporadas na equipa principal de futebol do Sporting. Fez 241 jogos oficiais e marcou 39 golos (v\u00e1rios dos quais de penalty, onde \u00e9 um executante de grande efic\u00e1cia). Ganhou 2 Ta\u00e7as de Portugal e 3 Superta\u00e7as. Deixou a sua marca, sobretudo nas temporadas com Leonardo Jardim, Marco Silva e Jorge Jesus, onde foi pe\u00e7a fundamental na engrenagem do conjunto verde e branco. Em termos comunicacionais sempre foi ponderado (excetuando na altura em que quis sair e n\u00e3o saiu \u2013 surpreendendo um pouco pela negativa) .<\/p>\n<p>Em suma foi um bom capit\u00e3o, uma figura das mais destacadas no futebol leonino na 2\u00aa d\u00e9cada do s\u00e9culo XXI.<\/p>\n<p>A 1 de Outubro de 2017, j\u00e1 v\u00e1rias semanas depois de ter sa\u00eddo do Sporting (mas ainda aguardava autoriza\u00e7\u00e3o para alinhar pelo Leicester pelo facto de ter sido inscrito j\u00e1 ap\u00f3s o fecho do &#8220;mercado&#8221;), no intervalo do Sporting-Porto para o Campeonato, despediu-se de forma comovida e comovente dos adeptos leoninos.<\/p>\n<p>No Leicester n\u00e3o teve sucesso. Depois jogou no M\u00f3naco, na Sampdoria, no Al Wahda e Rio Ave. Sem ser propriamente uma decep\u00e7\u00e3o, nunca voltou a conseguir atingir os n\u00edveis alt\u00edssimos que chegou a patentear no Sporting CP.<\/p>\n<div class=\"tweetthis\" style=\"text-align:left;\"><p> <a target=\"_blank\" rel=\"nofollow\" class=\"tt\" href=\"http:\/\/twitter.com\/home\/?status=Adrien+Silva+https%3A%2F%2Fis.gd%2FHj9a4I\" title=\"Post to Twitter\"><img decoding=\"async\" class=\"nothumb\" src=\"http:\/\/www.sportingcanal.com\/wp-content\/plugins\/tweet-this\/icons\/en\/twitter\/tt-twitter6.png\" alt=\"Post to Twitter\" \/><\/a><\/p><\/div>","protected":false},"excerpt":{"rendered":"<p>Adrien Silva nasceu a 15 de Mar\u00e7o de 1989 em Angoul\u00eame (Fran\u00e7a). Come\u00e7ou por jogar futebol nas escolas do Bord\u00e9us, at\u00e9 que os seus pais decidiram vir viver para Arcos de Valdevez, e a\u00ed passou a alinhar num clube da terra chamado Pa\u00e7o, destacando-se de tal maneira que acabou por ir parar ao Sporting com [&hellip;]<\/p>\n","protected":false},"author":1,"featured_media":24743,"comment_status":"open","ping_status":"closed","sticky":false,"template":"","format":"standard","meta":{"_et_pb_use_builder":"","_et_pb_old_content":"","_et_gb_content_width":"","footnotes":""},"categories":[13],"tags":[251,252,8,64],"_links":{"self":[{"href":"https:\/\/www.sportingcanal.com\/index.php?rest_route=\/wp\/v2\/posts\/24742"}],"collection":[{"href":"https:\/\/www.sportingcanal.com\/index.php?rest_route=\/wp\/v2\/posts"}],"about":[{"href":"https:\/\/www.sportingcanal.com\/index.php?rest_route=\/wp\/v2\/types\/post"}],"author":[{"embeddable":true,"href":"https:\/\/www.sportingcanal.com\/index.php?rest_route=\/wp\/v2\/users\/1"}],"replies":[{"embeddable":true,"href":"https:\/\/www.sportingcanal.com\/index.php?rest_route=%2Fwp%2Fv2%2Fcomments&post=24742"}],"version-history":[{"count":14,"href":"https:\/\/www.sportingcanal.com\/index.php?rest_route=\/wp\/v2\/posts\/24742\/revisions"}],"predecessor-version":[{"id":39827,"href":"https:\/\/www.sportingcanal.com\/index.php?rest_route=\/wp\/v2\/posts\/24742\/revisions\/39827"}],"wp:featuredmedia":[{"embeddable":true,"href":"https:\/\/www.sportingcanal.com\/index.php?rest_route=\/wp\/v2\/media\/24743"}],"wp:attachment":[{"href":"https:\/\/www.sportingcanal.com\/index.php?rest_route=%2Fwp%2Fv2%2Fmedia&parent=24742"}],"wp:term":[{"taxonomy":"category","embeddable":true,"href":"https:\/\/www.sportingcanal.com\/index.php?rest_route=%2Fwp%2Fv2%2Fcategories&post=24742"},{"taxonomy":"post_tag","embeddable":true,"href":"https:\/\/www.sportingcanal.com\/index.php?rest_route=%2Fwp%2Fv2%2Ftags&post=24742"}],"curies":[{"name":"wp","href":"https:\/\/api.w.org\/{rel}","templated":true}]}}