{"id":25445,"date":"2026-01-24T10:00:04","date_gmt":"2026-01-24T09:00:04","guid":{"rendered":"http:\/\/www.sportingcanal.com\/?p=25445"},"modified":"2026-01-25T21:07:54","modified_gmt":"2026-01-25T20:07:54","slug":"futebol-sporting-0-fc-porto-0-vp","status":"publish","type":"post","link":"https:\/\/www.sportingcanal.com\/?p=25445","title":{"rendered":"2018 &#8211; Triunfo nos penaltis, frente ao Porto, no acesso \u00e0 final da Ta\u00e7a da Liga"},"content":{"rendered":"<p>24 de Janeiro de 2018. Meia-final da Ta\u00e7a da Liga, competi\u00e7\u00e3o que ainda faltava no palmar\u00e9s de ambas as equipas. Em Braga, Sporting e Porto defrontaram-se num desafio muito curioso entre as duas equipas que melhor desempenho estavam a ter no futebol portugu\u00eas nessa temporada. Sporting e Porto j\u00e1 se tinham encontrado uma vez essa \u00e9poca. No Alvalade, para o Campeonato, ficou-nos o sabor amargo do resultado (0-0) e da exibi\u00e7\u00e3o (inferior ao opositor).<\/p>\n<p>Jorge Jesus fez alinhar a seguinte equipa: Rui Patr\u00edcio; Piccini, Coates, Matthieu e F\u00e1bio Coentr\u00e3o; William Carvalho; Bruno Fernandes; Gelson Martins (Battaglia 43), R\u00faben Ribeiro (Fredy Montero 77) e Acu\u00f1a (Bryan Ruiz 77); Bas Dost.<\/p>\n<p>O Sporting entrou muito bem em jogo. Dominadora, impositiva, a nossa equipa parecia partir para uma exibi\u00e7\u00e3o de grande n\u00edvel. Logo aos 5 minutos Bas Dost foi claramente puxado e depois &#8220;engravatado&#8221; por Danilo dentro da \u00e1rea portista, mas o \u00e1rbitro Nuno Almeida, estranhamente, nada assinalou!.. At\u00e9 aos 35 minutos foi mais ou menos assim &#8211; o Sporting mais dominador e o Porto a usar e abusar do confronto f\u00edsico perante a complac\u00eancia da equipa de arbitragem.<\/p>\n<p>Entretanto o Porto soltou-se, e Soares meteu mesmo a bola no fundo da baliza de Rui Patr\u00edcio. Com recurso ao VAR o golo acabou anulado, e na verdade o brasileiro estava (muito ligeiramente) adiantado em rela\u00e7\u00e3o a F\u00e1bio Coentr\u00e3o &#8211; ficou um aviso forte para o Sporting.<\/p>\n<p>Antes do intervalo Gelson Martins saiu lesionado, entrando Battaglia. O ataque do Sporting nunca mais foi o mesmo&#8230;<\/p>\n<p>O FC Porto surgiu mais forte na 2\u00aa parte. O Sporting ia mantendo a situa\u00e7\u00e3o sem grandes sobressaltos, e aos 64 minutos, canto curto de Acu\u00f1a para F\u00e1bio Coentr\u00e3o, cruzamento deste e cabe\u00e7ada de Coates no poste (depois, caprichosamente, a bola foi ter com Casillas!). At\u00e9 final foi o Porto a ter mais lances de ataque, sem chegar a ter o golo iminente, mas Rui Patr\u00edcio ainda foi chamado a mostrar algumas vezes a sua seguran\u00e7a.<\/p>\n<p>O final chegou com o empate e foi nos penaltis que se decidiu a quest\u00e3o. O Porto teve a sorte de iniciar o processo. Depois de 2 penaltis convertidos por cada equipa (Bas Dost e Bruno Fernandes pelo nosso lado), Rui Patr\u00edcio deteve o remate de Herrera. Logo a seguir Matthieu marcou, o Porto tamb\u00e9m, e ao 4\u00ba penalty Coates rematou denunciado e sem convic\u00e7\u00e3o&#8230; Depois Rui Patr\u00edcio deteve o remate de Aboubakar e William teve nos p\u00e9s o apuramento, que falhou, ao permitir (com um remate fraco e denunciado) a defesa a Casillas. No 1\u00ba penalty ap\u00f3s a s\u00e9rie de 5, Brahimi atirou no poste e Bryan marcou, levando assim o Sporting para a final da Ta\u00e7a da Liga.<\/p>\n<p>O mais importante foi conseguido &#8211; o apuramento para a final. O Sporting entrou muito bem mas n\u00e3o conseguiu manter o andamento por mais de meia-hora. Depois o Porto foi superior. Tal como aconteceu no jogo do Campeonato frente ao Porto (e ao Benfica), o Sporting n\u00e3o se conseguiu superiorizar, o que n\u00e3o deixava de ser preocupante, e n\u00e3o foi al\u00e9m do empate. O nosso experiente treinador mais uma vez foi &#8220;batido&#8221; por um t\u00e9cnico inexperiente como S\u00e9rgio Concei\u00e7\u00e3o (o mesmo tinha acontecido, por exemplo, frente a Abel, do Braga, no Alvalade).<\/p>\n<p>Apesar de tudo a festa foi nossa, e foi muito bom ver o contentamento dos nossos jogadores e treinadores, do nosso staff, do nosso Presidente (com quem muitas e muitas vezes discord\u00e1vamos na forma mas com quem est\u00e1vamos quase sempre em sintonia no conte\u00fado) e dos nossos adeptos. Agora esperava-se, obviamente, uma grande resposta no s\u00e1bado seguinte e a conquista do trof\u00e9u.<\/p>\n<p>Uma nota para a arbitragem &#8211; permitiu demasiada rispidez dos portistas. Mostrou sempre uma clara tend\u00eancia de maior condescend\u00eancia para os nossos advers\u00e1rios, que usaram e abusaram (foi-lhes permitido) de meios &#8220;sujos&#8221; para tentarem levar a &#8220;\u00e1gua ao seu mo\u00ednho&#8221;.<\/p>\n<div class=\"tweetthis\" style=\"text-align:left;\"><p> <a target=\"_blank\" rel=\"nofollow\" class=\"tt\" href=\"http:\/\/twitter.com\/home\/?status=2018+%E2%80%93+Triunfo+nos+penaltis%2C+frente+ao+Porto%2C+no+acesso+%C3%A0+final+da+Ta%C3%A7a+da+Liga+https%3A%2F%2Fis.gd%2Fzw1dvq\" title=\"Post to Twitter\"><img decoding=\"async\" class=\"nothumb\" src=\"http:\/\/www.sportingcanal.com\/wp-content\/plugins\/tweet-this\/icons\/en\/twitter\/tt-twitter6.png\" alt=\"Post to Twitter\" \/><\/a><\/p><\/div>","protected":false},"excerpt":{"rendered":"<p>24 de Janeiro de 2018. Meia-final da Ta\u00e7a da Liga, competi\u00e7\u00e3o que ainda faltava no palmar\u00e9s de ambas as equipas. Em Braga, Sporting e Porto defrontaram-se num desafio muito curioso entre as duas equipas que melhor desempenho estavam a ter no futebol portugu\u00eas nessa temporada. Sporting e Porto j\u00e1 se tinham encontrado uma vez essa [&hellip;]<\/p>\n","protected":false},"author":1,"featured_media":39551,"comment_status":"open","ping_status":"closed","sticky":false,"template":"","format":"standard","meta":{"_et_pb_use_builder":"","_et_pb_old_content":"","_et_gb_content_width":"","footnotes":""},"categories":[4],"tags":[8,67,68],"_links":{"self":[{"href":"https:\/\/www.sportingcanal.com\/index.php?rest_route=\/wp\/v2\/posts\/25445"}],"collection":[{"href":"https:\/\/www.sportingcanal.com\/index.php?rest_route=\/wp\/v2\/posts"}],"about":[{"href":"https:\/\/www.sportingcanal.com\/index.php?rest_route=\/wp\/v2\/types\/post"}],"author":[{"embeddable":true,"href":"https:\/\/www.sportingcanal.com\/index.php?rest_route=\/wp\/v2\/users\/1"}],"replies":[{"embeddable":true,"href":"https:\/\/www.sportingcanal.com\/index.php?rest_route=%2Fwp%2Fv2%2Fcomments&post=25445"}],"version-history":[{"count":13,"href":"https:\/\/www.sportingcanal.com\/index.php?rest_route=\/wp\/v2\/posts\/25445\/revisions"}],"predecessor-version":[{"id":39552,"href":"https:\/\/www.sportingcanal.com\/index.php?rest_route=\/wp\/v2\/posts\/25445\/revisions\/39552"}],"wp:featuredmedia":[{"embeddable":true,"href":"https:\/\/www.sportingcanal.com\/index.php?rest_route=\/wp\/v2\/media\/39551"}],"wp:attachment":[{"href":"https:\/\/www.sportingcanal.com\/index.php?rest_route=%2Fwp%2Fv2%2Fmedia&parent=25445"}],"wp:term":[{"taxonomy":"category","embeddable":true,"href":"https:\/\/www.sportingcanal.com\/index.php?rest_route=%2Fwp%2Fv2%2Fcategories&post=25445"},{"taxonomy":"post_tag","embeddable":true,"href":"https:\/\/www.sportingcanal.com\/index.php?rest_route=%2Fwp%2Fv2%2Ftags&post=25445"}],"curies":[{"name":"wp","href":"https:\/\/api.w.org\/{rel}","templated":true}]}}