{"id":2570,"date":"2026-02-20T08:30:37","date_gmt":"2026-02-20T07:30:37","guid":{"rendered":"http:\/\/www.sportingcanal.com\/?p=2570"},"modified":"2026-02-20T13:19:53","modified_gmt":"2026-02-20T12:19:53","slug":"jose-moraes-nordestino-talentoso-e-irregular","status":"publish","type":"post","link":"https:\/\/www.sportingcanal.com\/?p=2570","title":{"rendered":"Jos\u00e9 Moraes \u2013 Nordestino talentoso"},"content":{"rendered":"<p>Nasceu a 20 de Fevereiro de 1942 em Jo\u00e3o Pessoa (terra onde se tornou um verdadeiro \u00eddolo) \u2013 Brasil.\u00a0Come\u00e7ou por dar nas vistas no Sport Recife de onde transitou para o Vit\u00f3ria de Guimar\u00e3es. Na \u201ccidade ber\u00e7o\u201d mostrou magn\u00edficas capacidades despertando a cobi\u00e7a leonina. Chegou ao Sporting j\u00e1 a meio da temporada 1966\/67 proveniente dos brasileiros do Treze FC ap\u00f3s um verdadeiro imbr\u00f3glio jur\u00eddico com o Vit\u00f3ria de Guimar\u00e3es (onde jogara).<\/p>\n<p>Estreou-se (de forma auspiciosa) oficialmente a 12 de Fevereiro de 1967 (pela m\u00e3o de Fernando Argila) numa rece\u00e7\u00e3o ao FC Porto para o Campeonato Nacional (2-2) na qual apontou os 2 golos dos le\u00f5es. Nessa 1\u00aa \u00e9poca realizou apenas 8 jogos e na seguinte tamb\u00e9m n\u00e3o foi muito utilizado, mas em 1968\/69 (com Fernando Caiado, M\u00e1rio Lino, Armando Ferreira e Fernando Vaz \u2013 4 treinadores numa s\u00f3 \u00e9poca!) ganhou um lugar na esquerda do meio campo ao lado de Gon\u00e7alves e Pedras. A sua \u00faltima temporada em Alvalade foi a de 1969\/70 na qual os le\u00f5es se sagraram campe\u00f5es nacionais, sendo bastante utilizado (24 presen\u00e7as).<\/p>\n<p>Jogou pela \u00faltima vez a 31 de Maio de 1970, em Alvalade, frente ao Belenenses para a Ta\u00e7a de Portugal (4-2). O \u00faltimo golo marcara-o j\u00e1 na \u00e9poca anterior (na estreia de Fernando Vaz), a 8 de Junho, perante a Acad\u00e9mica (1-2).<\/p>\n<p>No total esteve 4 \u00e9pocas no Sporting tendo realizado 75 jogos oficiais e marcado 6 golos. Ganhou 1 Campeonato Nacional. Em Alvalade deixou a imagem de bom jogador com capacidade para jogar no meio campo ou nas faixas do ataque. Como sen\u00e3o o facto de ser muito irregular, capaz de fazer a qualquer momento grandes lances mas tamb\u00e9m de passar \u201cao lado\u201d dum jogo inteiro\u2026<\/p>\n<p>Depois de sair do Sporting alinhou no Marinhense, na 2\u00aa divis\u00e3o, antes de regressar ao seu pa\u00eds onde se viria a formar em Direito, ramo que depois exerceu.<\/p>\n<p>Morreu a 13 de Agosto de 2005.<\/p>\n<div class=\"tweetthis\" style=\"text-align:left;\"><p> <a target=\"_blank\" rel=\"nofollow\" class=\"tt\" href=\"http:\/\/twitter.com\/home\/?status=Jos%C3%A9+Moraes+%E2%80%93+Nordestino+talentoso+https%3A%2F%2Fis.gd%2FsSCFRz\" title=\"Post to Twitter\"><img decoding=\"async\" class=\"nothumb\" src=\"http:\/\/www.sportingcanal.com\/wp-content\/plugins\/tweet-this\/icons\/en\/twitter\/tt-twitter6.png\" alt=\"Post to Twitter\" \/><\/a><\/p><\/div>","protected":false},"excerpt":{"rendered":"<p>Nasceu a 20 de Fevereiro de 1942 em Jo\u00e3o Pessoa (terra onde se tornou um verdadeiro \u00eddolo) \u2013 Brasil.\u00a0Come\u00e7ou por dar nas vistas no Sport Recife de onde transitou para o Vit\u00f3ria de Guimar\u00e3es. Na \u201ccidade ber\u00e7o\u201d mostrou magn\u00edficas capacidades despertando a cobi\u00e7a leonina. Chegou ao Sporting j\u00e1 a meio da temporada 1966\/67 proveniente dos [&hellip;]<\/p>\n","protected":false},"author":1,"featured_media":2571,"comment_status":"open","ping_status":"open","sticky":false,"template":"","format":"standard","meta":{"_et_pb_use_builder":"","_et_pb_old_content":"","_et_gb_content_width":"","footnotes":""},"categories":[63],"tags":[8,214,215,64],"_links":{"self":[{"href":"https:\/\/www.sportingcanal.com\/index.php?rest_route=\/wp\/v2\/posts\/2570"}],"collection":[{"href":"https:\/\/www.sportingcanal.com\/index.php?rest_route=\/wp\/v2\/posts"}],"about":[{"href":"https:\/\/www.sportingcanal.com\/index.php?rest_route=\/wp\/v2\/types\/post"}],"author":[{"embeddable":true,"href":"https:\/\/www.sportingcanal.com\/index.php?rest_route=\/wp\/v2\/users\/1"}],"replies":[{"embeddable":true,"href":"https:\/\/www.sportingcanal.com\/index.php?rest_route=%2Fwp%2Fv2%2Fcomments&post=2570"}],"version-history":[{"count":23,"href":"https:\/\/www.sportingcanal.com\/index.php?rest_route=\/wp\/v2\/posts\/2570\/revisions"}],"predecessor-version":[{"id":39682,"href":"https:\/\/www.sportingcanal.com\/index.php?rest_route=\/wp\/v2\/posts\/2570\/revisions\/39682"}],"wp:featuredmedia":[{"embeddable":true,"href":"https:\/\/www.sportingcanal.com\/index.php?rest_route=\/wp\/v2\/media\/2571"}],"wp:attachment":[{"href":"https:\/\/www.sportingcanal.com\/index.php?rest_route=%2Fwp%2Fv2%2Fmedia&parent=2570"}],"wp:term":[{"taxonomy":"category","embeddable":true,"href":"https:\/\/www.sportingcanal.com\/index.php?rest_route=%2Fwp%2Fv2%2Fcategories&post=2570"},{"taxonomy":"post_tag","embeddable":true,"href":"https:\/\/www.sportingcanal.com\/index.php?rest_route=%2Fwp%2Fv2%2Ftags&post=2570"}],"curies":[{"name":"wp","href":"https:\/\/api.w.org\/{rel}","templated":true}]}}