{"id":2574,"date":"2026-02-20T08:00:18","date_gmt":"2026-02-20T07:00:18","guid":{"rendered":"http:\/\/www.sportingcanal.com\/?p=2574"},"modified":"2026-02-20T13:19:49","modified_gmt":"2026-02-20T12:19:49","slug":"ze-mario","status":"publish","type":"post","link":"https:\/\/www.sportingcanal.com\/?p=2574","title":{"rendered":"Z\u00e9 M\u00e1rio"},"content":{"rendered":"<p>Jos\u00e9 M\u00e1rio Soares nasceu a 20 de Fevereiro de 1940. Iniciou-se no Sporting no dia 1 de Janeiro de 1952, no campo do Passadi\u00e7o (sede do clube).<\/p>\n<p>A hist\u00f3ria da sua chegada ao clube \u00e9 curiosa. Jogava Voleibol no liceu e o seu pai, como sportinguista que era, inscreveu-o em Alvalade. Quando se apresentou estranhou n\u00e3o ver a rede de Volei no campo e s\u00f3 soube que o treino era de Basquetebol quando entrou no vestu\u00e1rio. N\u00e3o recusou a sess\u00e3o, j\u00e1 que estava ali foi experimentar, gostou e ficou, vindo a tornar-se um dos melhores atletas da modalidade por muitos anos na posi\u00e7\u00e3o de ala ou extremo (e pontualmente como poste). Destacava-se por ser excelente nos ressaltos, sobretudo nos defensivos. Distinguia-se ainda pela sua conduta sempre correta e pelo grande esp\u00edrito desportivo.<\/p>\n<p>Segundo as suas pr\u00f3prias palavras, todo o seu percurso de jogador ficou marcado pelo prof. M\u00e1rio Lemos &#8211; pr\u00e1tica desportiva sim, mas com corre\u00e7\u00e3o e com muitas chamadas de aten\u00e7\u00e3o para a persist\u00eancia da aprendizagem dos movimentos t\u00e9cnicos. A repeti\u00e7\u00e3o dos movimentos t\u00e9cnicos era constantemente transportada para a pr\u00e1tica em situa\u00e7\u00f5es de jogo.<\/p>\n<p>Esteve no Sporting de 1952 a 1965 e depois em 1968 e 1969, o que totalizou 15 anos. Nesse per\u00edodo, para al\u00e9m de t\u00edtulos nas camadas jovens, foi por 3 vezes campe\u00e3o nacional, acumulando tamb\u00e9m v\u00e1rios outros t\u00edtulos regionais. Desportivamente, os colegas que mais o marcaram foram Herm\u00ednio Barreto e Ab\u00edlio Ascenso. Movimentos t\u00e9cnicos, atitudes e rea\u00e7\u00f5es foram objecto de fixa\u00e7\u00e3o e de corre\u00e7\u00e3o.<\/p>\n<p>Por motivos profissionais mudou-se mais tarde para Angola, pa\u00eds onde viria a acabar a sua magn\u00edfica carreira enquanto jogador depois de duas \u00e9pocas, uma no Clube Ferrovi\u00e1rio e outra no CDUA.<\/p>\n<p>Numa contagem n\u00e3o oficial, participou em 20 jogos com as cores da selec\u00e7\u00e3o nacional, 9 dos quais em encontros para provas oficiais.<\/p>\n<p>A sua carreira de treinador foi praticamente exclusiva no Sporting, como treinador das equipas jovens. Quando interrompeu a sua presen\u00e7a no clube aceitou um convite do Ateneu Comercial de Lisboa. Aceitou\u00a0 e nesse ano conquistou o Regional da 2\u00aa divis\u00e3o. Na \u00e9poca seguinte regressou ao Sporting.<\/p>\n<p>Foi o respons\u00e1vel pela cria\u00e7\u00e3o dos primeiros 3 centros de forma\u00e7\u00e3o no Sporting, pois no ano em que voltou ao clube como jogador (1968) \u00a0aceitou ficar como t\u00e9cnico coordenador das escolas de jogadores. Foram ent\u00e3o criados 3 centros de forma\u00e7\u00e3o. O objetivo foi aproveitar a disponibilidade dos gin\u00e1sios que o Sporting alugava para treinos do Basquetebol e fomentar a pr\u00e1tica da modalidade via escola ou bairro. A divulga\u00e7\u00e3o aos jovens e pais era feita por via do jornal &#8220;Sporting&#8221; e nos quadros de informativos das respetivas escolas. Curiosamente, um dos seus pupilos chegou a ser Pedro Santana Lopes, que mais tarde viria a ser presidente do Sporting.<\/p>\n<div class=\"tweetthis\" style=\"text-align:left;\"><p> <a target=\"_blank\" rel=\"nofollow\" class=\"tt\" href=\"http:\/\/twitter.com\/home\/?status=Z%C3%A9+M%C3%A1rio+https%3A%2F%2Fis.gd%2FQUgO2n\" title=\"Post to Twitter\"><img decoding=\"async\" class=\"nothumb\" src=\"http:\/\/www.sportingcanal.com\/wp-content\/plugins\/tweet-this\/icons\/en\/twitter\/tt-twitter6.png\" alt=\"Post to Twitter\" \/><\/a><\/p><\/div>","protected":false},"excerpt":{"rendered":"<p>Jos\u00e9 M\u00e1rio Soares nasceu a 20 de Fevereiro de 1940. Iniciou-se no Sporting no dia 1 de Janeiro de 1952, no campo do Passadi\u00e7o (sede do clube). A hist\u00f3ria da sua chegada ao clube \u00e9 curiosa. Jogava Voleibol no liceu e o seu pai, como sportinguista que era, inscreveu-o em Alvalade. Quando se apresentou estranhou [&hellip;]<\/p>\n","protected":false},"author":1,"featured_media":2575,"comment_status":"open","ping_status":"open","sticky":false,"template":"","format":"standard","meta":{"_et_pb_use_builder":"","_et_pb_old_content":"","_et_gb_content_width":"","footnotes":""},"categories":[13],"tags":[54],"_links":{"self":[{"href":"https:\/\/www.sportingcanal.com\/index.php?rest_route=\/wp\/v2\/posts\/2574"}],"collection":[{"href":"https:\/\/www.sportingcanal.com\/index.php?rest_route=\/wp\/v2\/posts"}],"about":[{"href":"https:\/\/www.sportingcanal.com\/index.php?rest_route=\/wp\/v2\/types\/post"}],"author":[{"embeddable":true,"href":"https:\/\/www.sportingcanal.com\/index.php?rest_route=\/wp\/v2\/users\/1"}],"replies":[{"embeddable":true,"href":"https:\/\/www.sportingcanal.com\/index.php?rest_route=%2Fwp%2Fv2%2Fcomments&post=2574"}],"version-history":[{"count":21,"href":"https:\/\/www.sportingcanal.com\/index.php?rest_route=\/wp\/v2\/posts\/2574\/revisions"}],"predecessor-version":[{"id":39681,"href":"https:\/\/www.sportingcanal.com\/index.php?rest_route=\/wp\/v2\/posts\/2574\/revisions\/39681"}],"wp:featuredmedia":[{"embeddable":true,"href":"https:\/\/www.sportingcanal.com\/index.php?rest_route=\/wp\/v2\/media\/2575"}],"wp:attachment":[{"href":"https:\/\/www.sportingcanal.com\/index.php?rest_route=%2Fwp%2Fv2%2Fmedia&parent=2574"}],"wp:term":[{"taxonomy":"category","embeddable":true,"href":"https:\/\/www.sportingcanal.com\/index.php?rest_route=%2Fwp%2Fv2%2Fcategories&post=2574"},{"taxonomy":"post_tag","embeddable":true,"href":"https:\/\/www.sportingcanal.com\/index.php?rest_route=%2Fwp%2Fv2%2Ftags&post=2574"}],"curies":[{"name":"wp","href":"https:\/\/api.w.org\/{rel}","templated":true}]}}