{"id":2603,"date":"2025-05-03T08:30:57","date_gmt":"2025-05-03T07:30:57","guid":{"rendered":"http:\/\/www.sportingcanal.com\/?p=2603"},"modified":"2025-11-25T17:17:48","modified_gmt":"2025-11-25T16:17:48","slug":"beto","status":"publish","type":"post","link":"https:\/\/www.sportingcanal.com\/?p=2603","title":{"rendered":"Beto"},"content":{"rendered":"<p>Roberto Lu\u00eds Gaspar de Deus Severo nasceu a 3 de Maio de 1976 em Lisboa.\u00a0Produto das escolas sportinguistas, &#8220;rodou&#8221; no Un\u00e3o de Lamas e Campomaiorense quando atingiu o escal\u00e3o s\u00e9nior, chegando \u00e0 equipa principal verde e branca no Ver\u00e3o de 1996.<\/p>\n<p>Estreou-se oficialmente a 15 de Outubro (com Robert Waseige) numa desloca\u00e7\u00e3o a Metz (0-2) para a Ta\u00e7a UEFA, marcando o 1\u00ba golo 11 dias depois, e que valeu o triunfo na rece\u00e7\u00e3o ao Benfica (1-0) para o Campeonato. Logo nessa 1\u00aa \u00e9poca transformou-se na grande revela\u00e7\u00e3o da equipa, sendo alvo de aposta forte pelo treinador Oct\u00e1vio Machado (que entretanto substituira Waseige) e fazendo um dupla de sucesso com Marco Aur\u00e9lio (o seu grande mentor e conselheiro nos primeiros tempos em Alvalade).<\/p>\n<p>Fixou-se ent\u00e3o a titular nos anos seguintes, atingindo um ponto de grande destaque na equipa que conquistou o t\u00edtulo em 2000. Nessa temporada Beto esteve a um n\u00edvel alt\u00edssimo fazendo parelha com Andr\u00e9 Cruz. Em 2001\/02 voltou a ser campe\u00e3o, mas Laszlo B\u00f6l\u00f6ni preferia a dupla Babb-Andr\u00e9 Cruz para o centro da defesa, pelo que jogou com mais frequ\u00eancia no lado direito. Na temporada seguinte viveu tempos dif\u00edceis, com muitas les\u00f5es, mas em 2003\/04 voltou ao seu lugar de defesa-central &#8211; agora ao lado de Anderson Polga, o mesmo acontecendo com o t\u00e9cnico Peseiro, em 2004\/05, temporada em que os le\u00f5es estiveram perto de conseguir feitos gloriosos e acabaram por nada ganhar\u2026<\/p>\n<p>A sua \u00faltima \u00e9poca no Alvalade foi a de 2005\/06. Paulo Bento n\u00e3o era grande admirador do seu futebol e acabou saindo em Janeiro para o Bord\u00e9us (por 1 milh\u00e3o de euros). O seu \u00faltimo jogo pelo le\u00f5es aconteceu a 4 de Novembro de 2005 num Sporting-Uni\u00e3o de Leiria (2-1) para o Campeonato (e marcou a\u00ed, tamb\u00e9m, o seu \u00faltimo golo).<\/p>\n<p>Totalizou 10 temporadas, 313 jogos e 26 golos na equipa leonina, pela qual ganhou 2 Campeonatos Nacionais, uma Ta\u00e7a de Portugal e duas Superta\u00e7as. Tornou-se um \u201cs\u00edmbolo\u201d do clube, cuja equipa capitaneou in\u00fameras vezes &#8211; um defesa-central com bom jogo de cabe\u00e7a e dotado de boa t\u00e9cnica, aliando uma razo\u00e1vel pujan\u00e7a f\u00edsica (fundamental para o seu posto) com capacidade para sair a jogar (e por isso chegou, tamb\u00e9m, a alinhar no meio campo defensivo). Para al\u00e9m de tudo isto tinha um certo dom para fazer golos. Ali\u00e1s, na Hist\u00f3ria do Futebol leonino, e no que diz respeito aos defesas, s\u00f3 o uruguaio Coates e o brasileiro L\u00facio (depois naturalizado portugu\u00eas) conseguiram fazer mais golos.<\/p>\n<p>Depois de Bord\u00e9us, passou ainda pelo Recreativo Huelva e Belenenses. No in\u00edcio de 2011 juntou-se ao UD Alzira da 2\u00aa divis\u00e3o espanhola e ap\u00f3s a elei\u00e7\u00e3o de Godinho Lopes para a presid\u00eancia do Sporting assumiu um cargo na estrutura do Futebol leonino relacionado com as rela\u00e7\u00f5es exteriores &#8211; posto que abandonou em 2013 na presid\u00eancia de Bruno de Carvalho. Em 2018 voltou ao staff leonino com a elei\u00e7\u00e3o de Frederico Varandas.<\/p>\n<p>Foi internacional A (esteve nos Europeus de 2000 e 2004 e no Mundial de 2002) por 31 vezes (2 golos), para al\u00e9m de ter representado Portugal nos escal\u00f5es mais jovens (4\u00ba nos Jogos Ol\u00edmpicos de Atlanta 96 e 3\u00ba no Mundial de sub-20 em 1995).<\/p>\n<p><a href=\"http:\/\/www.youtube.com\/watch?v=qK0kdx1siEE\">video<\/a><\/p>\n<div class=\"tweetthis\" style=\"text-align:left;\"><p> <a target=\"_blank\" rel=\"nofollow\" class=\"tt\" href=\"http:\/\/twitter.com\/home\/?status=Beto+https%3A%2F%2Fis.gd%2FN95C3f\" title=\"Post to Twitter\"><img decoding=\"async\" class=\"nothumb\" src=\"http:\/\/www.sportingcanal.com\/wp-content\/plugins\/tweet-this\/icons\/en\/twitter\/tt-twitter6.png\" alt=\"Post to Twitter\" \/><\/a><\/p><\/div>","protected":false},"excerpt":{"rendered":"<p>Roberto Lu\u00eds Gaspar de Deus Severo nasceu a 3 de Maio de 1976 em Lisboa.\u00a0Produto das escolas sportinguistas, &#8220;rodou&#8221; no Un\u00e3o de Lamas e Campomaiorense quando atingiu o escal\u00e3o s\u00e9nior, chegando \u00e0 equipa principal verde e branca no Ver\u00e3o de 1996. Estreou-se oficialmente a 15 de Outubro (com Robert Waseige) numa desloca\u00e7\u00e3o a Metz (0-2) [&hellip;]<\/p>\n","protected":false},"author":1,"featured_media":4044,"comment_status":"open","ping_status":"open","sticky":false,"template":"","format":"standard","meta":{"_et_pb_use_builder":"","_et_pb_old_content":"","_et_gb_content_width":"","footnotes":""},"categories":[13],"tags":[358,359,361,360,65,8],"_links":{"self":[{"href":"https:\/\/www.sportingcanal.com\/index.php?rest_route=\/wp\/v2\/posts\/2603"}],"collection":[{"href":"https:\/\/www.sportingcanal.com\/index.php?rest_route=\/wp\/v2\/posts"}],"about":[{"href":"https:\/\/www.sportingcanal.com\/index.php?rest_route=\/wp\/v2\/types\/post"}],"author":[{"embeddable":true,"href":"https:\/\/www.sportingcanal.com\/index.php?rest_route=\/wp\/v2\/users\/1"}],"replies":[{"embeddable":true,"href":"https:\/\/www.sportingcanal.com\/index.php?rest_route=%2Fwp%2Fv2%2Fcomments&post=2603"}],"version-history":[{"count":27,"href":"https:\/\/www.sportingcanal.com\/index.php?rest_route=\/wp\/v2\/posts\/2603\/revisions"}],"predecessor-version":[{"id":40261,"href":"https:\/\/www.sportingcanal.com\/index.php?rest_route=\/wp\/v2\/posts\/2603\/revisions\/40261"}],"wp:featuredmedia":[{"embeddable":true,"href":"https:\/\/www.sportingcanal.com\/index.php?rest_route=\/wp\/v2\/media\/4044"}],"wp:attachment":[{"href":"https:\/\/www.sportingcanal.com\/index.php?rest_route=%2Fwp%2Fv2%2Fmedia&parent=2603"}],"wp:term":[{"taxonomy":"category","embeddable":true,"href":"https:\/\/www.sportingcanal.com\/index.php?rest_route=%2Fwp%2Fv2%2Fcategories&post=2603"},{"taxonomy":"post_tag","embeddable":true,"href":"https:\/\/www.sportingcanal.com\/index.php?rest_route=%2Fwp%2Fv2%2Ftags&post=2603"}],"curies":[{"name":"wp","href":"https:\/\/api.w.org\/{rel}","templated":true}]}}