{"id":2612,"date":"2025-08-06T10:50:37","date_gmt":"2025-08-06T09:50:37","guid":{"rendered":"http:\/\/www.sportingcanal.com\/?p=2612"},"modified":"2025-08-06T17:56:58","modified_gmt":"2025-08-06T16:56:58","slug":"pedro-barbosa","status":"publish","type":"post","link":"https:\/\/www.sportingcanal.com\/?p=2612","title":{"rendered":"Pedro Barbosa"},"content":{"rendered":"<p>Pedro Alexandre Santos Barbosa nasceu a 6 de Agosto de 1970\u00a0em Gondomar.\u00a0Come\u00e7ou no Atl\u00e9tico de Rio Tinto de onde transitou para as camadas jovens do FC Porto come\u00e7ando nessa altura a evidenciar-se. Passou depois pelo Freamunde, mas foi no Vit\u00f3ria de Guimar\u00e3es que o mundo futebol\u00edstico nacional come\u00e7ou a reparar num jogador diferente, que fazia lembrar um pouco os \u201cartistas da bola\u201d de tempos passados pela subtileza com que a tratava, pela t\u00e9cnica t\u00e3o refinada, pela imprevisibilidade das suas a\u00e7\u00f5es.<\/p>\n<p>Com a sa\u00edda de Figo para Barcelona, a dire\u00e7\u00e3o de Pedro Santana Lopes encontrou nele o substituto ideal. Estreou-se oficialmente pelos le\u00f5es no dia 6 de Agosto de 1995, em Alvalade, na 1\u00aa m\u00e3o da Superta\u00e7a frente ao FC Porto (0-0), apontando os seus primeiros golos oficiais (e foram logo 3) a 14 de Setembro, no Sporting-Maccabi Haifa (4-0) para a Ta\u00e7a das Ta\u00e7as. Logo nessa temporada foi o melhor marcador da equipa (a par de S\u00e1 Pinto e Paulo Alves) com 14 golos.<\/p>\n<p>Nunca conseguiu ser consensual no Sporting. Tanto era capaz de fazer coisas mirabolantes como de ter pormenores que levavam ao desespero os seus adeptos, mas pode ser considerado, em termos de habilidade e t\u00e9cnica, o melhor futebolista portugu\u00eas da sua gera\u00e7\u00e3o, mesmo \u00e0 frente de Figo ou Rui Costa, mas sem a consist\u00eancia nem a visibilidade internacional (preferiu fazer toda a carreira no nosso pa\u00eds) destes dois.<\/p>\n<p>Foi o principal s\u00edmbolo do Sporting na viragem do s\u00e9culo, chegando a capit\u00e3o da equipa e contribuindo de forma muito importante para que o clube regressasse aos t\u00edtulos nacionais 18 anos depois.\u00a0Num total de 10 \u00e9pocas em Alvalade ganhou 2 Campeonatos Nacionais, uma Ta\u00e7a de Portugal e 3 Superta\u00e7as. Somou 342 presen\u00e7as (8\u00ba de sempre) marcando 52 golos.\u00a0Foi internacional A por 22 vezes (5 golos).<\/p>\n<p>Acabou a carreira de forma algo estranha, dispensado pelo t\u00e9cnico Jos\u00e9 Peseiro ap\u00f3s uma \u00e9poca em que foi uma das grandes figuras da equipa que chegou \u00e0 final da Ta\u00e7a UEFA disputada no seu pr\u00f3prio est\u00e1dio e que ingloriamente perdeu. Saiu magoado, afirmando que, no entanto, para sempre seria s\u00f3cio e acionista do clube.\u00a0Marcara pela \u00faltima vez a 17 de Mar\u00e7o de 2005 na rece\u00e7\u00e3o ao Middlesbrough (1-0) para a Ta\u00e7a UEFA. O seu \u00faltimo jogo foi realizado a 22 de Maio frente ao Nacional da Madeira (2-4) e terminou a carreira expulso\u2026<\/p>\n<p>Pouco tempo depois, ap\u00f3s a sa\u00edda de Dias da Cunha da presid\u00eancia e Jos\u00e9 Peseiro do comando t\u00e9cnico, Pedro Barbosa regressou ao departamento de Futebol leonino (onde se manteve perto de 4 anos), chegando mesmo a diretor desportivo (muitos acusavam-no de ser excessivamente discreto), fun\u00e7\u00f5es de que abdicou simult\u00e2neamente \u00e0 sa\u00edda do treinador Paulo Bento.<\/p>\n<p>Da\u00ed para c\u00e1 \u00e9 frequente v\u00ea-lo na televis\u00e3o e na imprensa escrita emitindo coment\u00e1rios sobre futebol.<\/p>\n<div class=\"tweetthis\" style=\"text-align:left;\"><p> <a target=\"_blank\" rel=\"nofollow\" class=\"tt\" href=\"http:\/\/twitter.com\/home\/?status=Pedro+Barbosa+https%3A%2F%2Fis.gd%2FfwxTex\" title=\"Post to Twitter\"><img decoding=\"async\" class=\"nothumb\" src=\"http:\/\/www.sportingcanal.com\/wp-content\/plugins\/tweet-this\/icons\/en\/twitter\/tt-twitter6.png\" alt=\"Post to Twitter\" \/><\/a><\/p><\/div>","protected":false},"excerpt":{"rendered":"<p>Pedro Alexandre Santos Barbosa nasceu a 6 de Agosto de 1970\u00a0em Gondomar.\u00a0Come\u00e7ou no Atl\u00e9tico de Rio Tinto de onde transitou para as camadas jovens do FC Porto come\u00e7ando nessa altura a evidenciar-se. Passou depois pelo Freamunde, mas foi no Vit\u00f3ria de Guimar\u00e3es que o mundo futebol\u00edstico nacional come\u00e7ou a reparar num jogador diferente, que fazia [&hellip;]<\/p>\n","protected":false},"author":1,"featured_media":38414,"comment_status":"open","ping_status":"open","sticky":false,"template":"","format":"standard","meta":{"_et_pb_use_builder":"","_et_pb_old_content":"","_et_gb_content_width":"","footnotes":""},"categories":[63],"tags":[8,64],"_links":{"self":[{"href":"https:\/\/www.sportingcanal.com\/index.php?rest_route=\/wp\/v2\/posts\/2612"}],"collection":[{"href":"https:\/\/www.sportingcanal.com\/index.php?rest_route=\/wp\/v2\/posts"}],"about":[{"href":"https:\/\/www.sportingcanal.com\/index.php?rest_route=\/wp\/v2\/types\/post"}],"author":[{"embeddable":true,"href":"https:\/\/www.sportingcanal.com\/index.php?rest_route=\/wp\/v2\/users\/1"}],"replies":[{"embeddable":true,"href":"https:\/\/www.sportingcanal.com\/index.php?rest_route=%2Fwp%2Fv2%2Fcomments&post=2612"}],"version-history":[{"count":24,"href":"https:\/\/www.sportingcanal.com\/index.php?rest_route=\/wp\/v2\/posts\/2612\/revisions"}],"predecessor-version":[{"id":38415,"href":"https:\/\/www.sportingcanal.com\/index.php?rest_route=\/wp\/v2\/posts\/2612\/revisions\/38415"}],"wp:featuredmedia":[{"embeddable":true,"href":"https:\/\/www.sportingcanal.com\/index.php?rest_route=\/wp\/v2\/media\/38414"}],"wp:attachment":[{"href":"https:\/\/www.sportingcanal.com\/index.php?rest_route=%2Fwp%2Fv2%2Fmedia&parent=2612"}],"wp:term":[{"taxonomy":"category","embeddable":true,"href":"https:\/\/www.sportingcanal.com\/index.php?rest_route=%2Fwp%2Fv2%2Fcategories&post=2612"},{"taxonomy":"post_tag","embeddable":true,"href":"https:\/\/www.sportingcanal.com\/index.php?rest_route=%2Fwp%2Fv2%2Ftags&post=2612"}],"curies":[{"name":"wp","href":"https:\/\/api.w.org\/{rel}","templated":true}]}}