{"id":2617,"date":"2025-07-29T08:30:15","date_gmt":"2025-07-29T07:30:15","guid":{"rendered":"http:\/\/www.sportingcanal.com\/?p=2617"},"modified":"2025-07-29T11:27:53","modified_gmt":"2025-07-29T10:27:53","slug":"oceano","status":"publish","type":"post","link":"https:\/\/www.sportingcanal.com\/?p=2617","title":{"rendered":"Oceano"},"content":{"rendered":"<p>Oceano Andrade Cruz nasceu a 29 de Julho de 1962 em S. Vicente &#8211; Cabo Verde. Come\u00e7ou muito novo no Almada, passando depois pelo Odivelas at\u00e9 chegar ao Nacional da Madeira onde foi \u201cdescoberto\u201d por Pedro Gomes (adjunto de John Toshack na sua 1\u00aa \u00e9poca no Sporting).<\/p>\n<p>\u201cPegou de estaca\u201d logo quando chegou a Alvalade. O t\u00e9cnico gal\u00eas apreciava muito as suas qualidades e n\u00e3o hesitou em utiliz\u00e1-lo regularmente como m\u00e9dio defensivo ou mesmo no centro da defesa.\u00a0Estreou-se a 2 de Setembro de 1984 numa vit\u00f3ria em Coimbra por 3-2, marcando o 1\u00ba golo a 3 de Outubro em Auxerre (2-2) para a Ta\u00e7a UEFA. Fez 36 jogos nessa 1\u00aa temporada e rapidamente chegou \u00e0 Sele\u00e7\u00e3o Nacional.<\/p>\n<p>Ao longo dos anos, num per\u00edodo conturbado do futebol sportinguista (em que os treinadores entravam e sa\u00edam com inusitada frequ\u00eancia) foi sempre dos jogadores mais utilizados e destacados do plantel, at\u00e9 que, ap\u00f3s uma \u00e9poca de grande n\u00edvel (com Marinho Peres) em 1990\/91, saiu para a Real Sociedad. Nesse per\u00edodo passado em Alvalade ganhou apenas a Superta\u00e7a de 1987\/88.<\/p>\n<p>Ap\u00f3s 3 bons anos em Espanha regressou a \u201ccasa\u201d. Com 32 anos estava ainda melhor jogador e os anos pareciam n\u00e3o passar por ele. Nessa temporada de regresso contribuiu para o triunfo na Ta\u00e7a de Portugal e tornou-se o verdadeiro l\u00edder da equipa, estatuto que manteve nos anos seguintes, sempre em \u201calta rota\u00e7\u00e3o\u201d. Em 1995\/96 conquistou a Superta\u00e7a.<\/p>\n<p>A sua \u00faltima temporada no Sporting foi a de 1997\/98 (uma das mais conturbadas de sempre do clube) na qual se manteve muito bem (2\u00ba melhor marcador da equipa com 12 golos!), constituindo a verdadeira \u201calma\u201d da equipa. Ainda assim, a chegada de Carlos Manuel ao comando t\u00e9cnico n\u00e3o o beneficiou. Criaram-se problemas internos e, apesar da sa\u00edda do treinador, n\u00e3o lhe foi (estranhamente) renovado o contrato\u2026<\/p>\n<p>A 3 de Maio de 1998 jogou pela \u00faltima vez de verde e branco (acabou como capit\u00e3o) numa rece\u00e7\u00e3o ao Rio Ave (2-2) para o Campeonato. Menos de 1 m\u00eas antes (10 de Abril) tinha marcado o \u00faltimo golo numa memor\u00e1vel reviravolta em Campomaior (5-3).<\/p>\n<p>No total esteve 11 \u00e9pocas no Sporting marcando presen\u00e7a em 401 jogos oficiais (o 6\u00ba de sempre) e marcando 47 golos. Ganhou uma Ta\u00e7a de Portugal e duas Superta\u00e7as.<\/p>\n<p>Em Alvalade ficou para sempre a mem\u00f3ria dum centrocampista com uma for\u00e7a, resist\u00eancia e abnega\u00e7\u00e3o inesgot\u00e1veis e que ao longo da carreira se foi aprimorando em termos t\u00e9cnicos. Era tamb\u00e9m um l\u00edder, tendo capitaneado a turma leonina por v\u00e1rios anos. Foi Pr\u00e9mio Stromp em 1995 na categoria &#8220;Futebolista&#8221;.<\/p>\n<p>Ap\u00f3s sair de Alvalade fez uma \u00e9poca em Fran\u00e7a, no Toulouse (mais uma vez em grande plano).<\/p>\n<p>Foi 54 vezes internacional A, tendo marcado 8 golos.<\/p>\n<p>Depois de terminar a carreira foi recorrentemente falado para cargos t\u00e9cnicos do Sporting. Em 2009 e 2010 teve uma presen\u00e7a discreta no comando da Sele\u00e7\u00e3o nacional de sub-21 e na parte final da temporada 2010\/11 voltou a Alvalade como membro da equipa t\u00e9cnica da equipa liderada por Jos\u00e9 Couceiro. Com a elei\u00e7\u00e3o de Godinho Lopes para a presid\u00eancia foi-lhe um proposto um cargo na estrutura do Futebol jovem leonino.<\/p>\n<p>A partir do in\u00edcio da temporada 2012\/13 assumiu o cargo de treinador de reavivada equipa B, e numa altura em que fazia um bom trabalho, com a jovem forma\u00e7\u00e3o leonina nos primeiros lugares da Liga de Honra, passou a treinar interinamente (a 5 de Outubro de 2012) a equipa principal ap\u00f3s a sa\u00edda de Ricardo S\u00e1 Pinto. Naquela que foi a pior \u00e9poca da Hist\u00f3ria do Futebol do Sporting, Oceano assumiu o comando t\u00e9cnico (com a sa\u00edda de S\u00e1 Pinto) a 7 de Outubro de 2012 com uma derrota no Porto por 2-0. Manteve-se apenas 4 jogos no posto (at\u00e9 29 de Outubro) somando 1 empate e 3 derrotas&#8230; Ficou depois como adjunto do belga Frank Vercauteren e mais tarde de Jesualdo Ferreira. Saiu do staff leonino no final da temporada.<\/p>\n<p>Atualmente \u00e9 treinador-adjunto de Carlos Queiroz da Sele\u00e7\u00e3o do Ir\u00e3o.<\/p>\n<table border=\"1\" width=\"366\" cellspacing=\"0\" cellpadding=\"0\">\n<tbody>\n<tr>\n<td colspan=\"8\" valign=\"top\" width=\"366\"><strong>OCEANO CRUZ como treinador do SPORTING<\/strong><\/td>\n<\/tr>\n<tr>\n<td valign=\"top\" width=\"73\">\u00c9POCA<\/td>\n<td valign=\"top\" width=\"42\">J<\/td>\n<td valign=\"top\" width=\"42\">V<\/td>\n<td valign=\"top\" width=\"42\">E<\/td>\n<td valign=\"top\" width=\"42\">D<\/td>\n<td valign=\"top\" width=\"42\">GM<\/td>\n<td valign=\"top\" width=\"42\">GS<\/td>\n<td valign=\"top\" width=\"43\">%<\/td>\n<\/tr>\n<tr>\n<td valign=\"top\" width=\"73\">2012\/13<\/td>\n<td valign=\"top\" width=\"42\">4<\/td>\n<td valign=\"top\" width=\"42\">0<\/td>\n<td valign=\"top\" width=\"42\">1<\/td>\n<td valign=\"top\" width=\"42\">3<\/td>\n<td valign=\"top\" width=\"42\">3<\/td>\n<td valign=\"top\" width=\"42\">7<\/td>\n<td valign=\"top\" width=\"43\">12,5<\/td>\n<\/tr>\n<\/tbody>\n<\/table>\n<div class=\"tweetthis\" style=\"text-align:left;\"><p> <a target=\"_blank\" rel=\"nofollow\" class=\"tt\" href=\"http:\/\/twitter.com\/home\/?status=Oceano+https%3A%2F%2Fis.gd%2F8diPQK\" title=\"Post to Twitter\"><img decoding=\"async\" class=\"nothumb\" src=\"http:\/\/www.sportingcanal.com\/wp-content\/plugins\/tweet-this\/icons\/en\/twitter\/tt-twitter6.png\" alt=\"Post to Twitter\" \/><\/a><\/p><\/div>","protected":false},"excerpt":{"rendered":"<p>Oceano Andrade Cruz nasceu a 29 de Julho de 1962 em S. Vicente &#8211; Cabo Verde. Come\u00e7ou muito novo no Almada, passando depois pelo Odivelas at\u00e9 chegar ao Nacional da Madeira onde foi \u201cdescoberto\u201d por Pedro Gomes (adjunto de John Toshack na sua 1\u00aa \u00e9poca no Sporting). \u201cPegou de estaca\u201d logo quando chegou a Alvalade. [&hellip;]<\/p>\n","protected":false},"author":1,"featured_media":38366,"comment_status":"open","ping_status":"open","sticky":false,"template":"","format":"standard","meta":{"_et_pb_use_builder":"","_et_pb_old_content":"","_et_gb_content_width":"","footnotes":""},"categories":[13],"tags":[8,64],"_links":{"self":[{"href":"https:\/\/www.sportingcanal.com\/index.php?rest_route=\/wp\/v2\/posts\/2617"}],"collection":[{"href":"https:\/\/www.sportingcanal.com\/index.php?rest_route=\/wp\/v2\/posts"}],"about":[{"href":"https:\/\/www.sportingcanal.com\/index.php?rest_route=\/wp\/v2\/types\/post"}],"author":[{"embeddable":true,"href":"https:\/\/www.sportingcanal.com\/index.php?rest_route=\/wp\/v2\/users\/1"}],"replies":[{"embeddable":true,"href":"https:\/\/www.sportingcanal.com\/index.php?rest_route=%2Fwp%2Fv2%2Fcomments&post=2617"}],"version-history":[{"count":28,"href":"https:\/\/www.sportingcanal.com\/index.php?rest_route=\/wp\/v2\/posts\/2617\/revisions"}],"predecessor-version":[{"id":38367,"href":"https:\/\/www.sportingcanal.com\/index.php?rest_route=\/wp\/v2\/posts\/2617\/revisions\/38367"}],"wp:featuredmedia":[{"embeddable":true,"href":"https:\/\/www.sportingcanal.com\/index.php?rest_route=\/wp\/v2\/media\/38366"}],"wp:attachment":[{"href":"https:\/\/www.sportingcanal.com\/index.php?rest_route=%2Fwp%2Fv2%2Fmedia&parent=2617"}],"wp:term":[{"taxonomy":"category","embeddable":true,"href":"https:\/\/www.sportingcanal.com\/index.php?rest_route=%2Fwp%2Fv2%2Fcategories&post=2617"},{"taxonomy":"post_tag","embeddable":true,"href":"https:\/\/www.sportingcanal.com\/index.php?rest_route=%2Fwp%2Fv2%2Ftags&post=2617"}],"curies":[{"name":"wp","href":"https:\/\/api.w.org\/{rel}","templated":true}]}}