{"id":26287,"date":"2025-06-02T10:00:06","date_gmt":"2025-06-02T09:00:06","guid":{"rendered":"http:\/\/www.sportingcanal.com\/?p=26287"},"modified":"2025-06-02T17:15:24","modified_gmt":"2025-06-02T16:15:24","slug":"hoquei-em-patins-sporting-4-fc-porto-3-somos-campeoes-30-anos-depois","status":"publish","type":"post","link":"https:\/\/www.sportingcanal.com\/?p=26287","title":{"rendered":"2018 \u2013 Campe\u00f5es nacionais de H\u00f3quei em Patins, 30 anos depois!"},"content":{"rendered":"<p>2 de Junho de 2018. Pen\u00faltima jornada do Campeonato Nacional de H\u00f3quei em Patins. Depois dum triunfo magn\u00edfico na Luz por 7-4 na semana anterior, o Sporting recebia o Porto com a possibilidade (em caso de triunfo) de garantir a conquista do t\u00edtulo (os portistas iam a 1 ponto de dist\u00e2ncia). Qualquer outro resultado daria grandes esperan\u00e7as aos nortenhos, pois na \u00faltima jornada o Sporting teria uma desloca\u00e7\u00e3o dific\u00edlima \u00e0 Oliveirense (uma equipa tamb\u00e9m de grande n\u00edvel).<\/p>\n<p>Os le\u00f5es alinharam com; \u00c2ngelo Gir\u00e3o e Z\u00e9 Diogo Macedo; Ferran Font, Caio, Matias Platero, Toni P\u00e9rez, Pedro Gil, Jo\u00e3o Pinto, V\u00edtor Hugo e Henrique Magalh\u00e3es.<\/p>\n<p>Num Pavilh\u00e3o Jo\u00e3oRocha com um ambiente extraordin\u00e1rio, o Sporting abriu o ativo aos 5 minutos por Caio. O jogo era disputad\u00edssimo a cada lance, tudo era feito \u00e0 flor da pele. H\u00e9lder Nunes conseguiu o empate aos 22 minutos e com a igualdade se chegou ao intervalo.<\/p>\n<p>Os le\u00f5es entraram bem fortes na 2\u00aa parte e Pedro Gil fez 2-1 aos 13 minutos com um potente remate. Ferran Font apontou o 3-1 de livre-direto aos 18 da 2\u00aa parte mostrando toda a sua enorme t\u00e9cnica. Gon\u00e7alo Alves (um ex-le\u00e3o) reduziu para 3-2 aos 21 e de novo o Jo\u00e3o Rocha ficou em suspenso, mas logo a seguir Pedro Gil marcou o 4-2. Rafa Costa estabeleceu o 4-3 a 36 segundos do fim e ainda se sofreu a bom sofrer na casa das modalidades do Sporting at\u00e9 ao final em apoteose!<\/p>\n<p>Depois foi a festa, com o presidente Bruno de Carvalho e invadir a quadra e abra\u00e7ar os seus jogadores e t\u00e9cnicos. As fam\u00edlias dos jogadores tamb\u00e9m estiveram presentes num momento lind\u00edssimo de comunh\u00e3o entre jogadores, fam\u00edlias e adeptos (de todas as idades). Precisamente 30 anos depois o Sporting CP voltou a ser campe\u00e3o nacional de H\u00f3quei em Patins (pela 8\u00aa vez)!<\/p>\n<p>O treinador Paulo Freitas afirmou no final: &#8220;A minha equipa t\u00e9cnica, a dire\u00e7\u00e3o, os jogadores&#8230; todos fizemos um grupo muito forte. Sou a parte menos importante de tudo isto. Na semana passada, o Tony P\u00e9rez n\u00e3o jogou 1 minuto e hoje entrou de in\u00edcio. Tem a ver com qualidade, estrat\u00e9gia e as necessidades da competi\u00e7\u00e3o. Nunca pens\u00e1mos no eu. \u00c9 essa a din\u00e2mica, n\u00e3o existem titulares. O Paulo Freitas \u00e9 uma parte \u00ednfima disto tudo (\u2026) Desde o in\u00edcio assumimos que n\u00e3o pod\u00edamos ter momentos de euforia e de depress\u00e3o, porque tudo era sustentado no trabalho. A \u00fanica coisa em causa era conquistar ou n\u00e3o 3 pontos. Hoje \u00e9 um momento de euforia e aqui, sim, podemos extravasar. Hoje conseguimos um t\u00edtulo que nos fugia h\u00e1 30 anos (\u2026) Tirando este \u00faltimo jogo no Drag\u00e3o [Liga europeia], os encontros foram muito equilibrados. Sab\u00edamos que t\u00ednhamos de controlar mais momentos de jogo, porque o FC Porto \u00e9 uma grande equipa. [O treinador do FC Porto] Ao dizer isso [que o FC Porto n\u00e3o fez a sua melhor exibi\u00e7\u00e3o] est\u00e1 a desvalorizar a vit\u00f3ria do Sporting. N\u00e3o, ele encontrou um Sporting a ganhar e a querer ser campe\u00e3o. N\u00e3o me esque\u00e7o do que me disseram aqui na Ta\u00e7a de Portugal: &#8216;n\u00e3o ganhas hoje, n\u00e3o ganhas nunca&#8217;. Valorizem o trabalho dos meus jogadores (\u2026) Uma alegria imensa por partilhar isto com o grupo e com a minha fam\u00edlia. Uma alegria por ter ajudado este enorme clube a ganhar. Estou nas nuvens, muito grato \u00e0 oportunidade que me deram de trabalhar aqui neste clube e a toda a gente que me acolheu de cora\u00e7\u00e3o aberto&#8221;.<\/p>\n<p><a href=\"https:\/\/www.youtube.com\/watch?v=giOz_d2j5co\">v\u00eddeo<\/a><\/p>\n<div class=\"tweetthis\" style=\"text-align:left;\"><p> <a target=\"_blank\" rel=\"nofollow\" class=\"tt\" href=\"http:\/\/twitter.com\/home\/?status=2018+%E2%80%93+Campe%C3%B5es+nacionais+de+H%C3%B3quei+em+Patins%2C+30+anos+depois%21+https%3A%2F%2Fis.gd%2Fs3VZxG\" title=\"Post to Twitter\"><img decoding=\"async\" class=\"nothumb\" src=\"http:\/\/www.sportingcanal.com\/wp-content\/plugins\/tweet-this\/icons\/en\/twitter\/tt-twitter6.png\" alt=\"Post to Twitter\" \/><\/a><\/p><\/div>","protected":false},"excerpt":{"rendered":"<p>2 de Junho de 2018. Pen\u00faltima jornada do Campeonato Nacional de H\u00f3quei em Patins. Depois dum triunfo magn\u00edfico na Luz por 7-4 na semana anterior, o Sporting recebia o Porto com a possibilidade (em caso de triunfo) de garantir a conquista do t\u00edtulo (os portistas iam a 1 ponto de dist\u00e2ncia). Qualquer outro resultado daria [&hellip;]<\/p>\n","protected":false},"author":1,"featured_media":37815,"comment_status":"open","ping_status":"closed","sticky":false,"template":"","format":"standard","meta":{"_et_pb_use_builder":"","_et_pb_old_content":"","_et_gb_content_width":"","footnotes":""},"categories":[17],"tags":[22,14,68],"_links":{"self":[{"href":"https:\/\/www.sportingcanal.com\/index.php?rest_route=\/wp\/v2\/posts\/26287"}],"collection":[{"href":"https:\/\/www.sportingcanal.com\/index.php?rest_route=\/wp\/v2\/posts"}],"about":[{"href":"https:\/\/www.sportingcanal.com\/index.php?rest_route=\/wp\/v2\/types\/post"}],"author":[{"embeddable":true,"href":"https:\/\/www.sportingcanal.com\/index.php?rest_route=\/wp\/v2\/users\/1"}],"replies":[{"embeddable":true,"href":"https:\/\/www.sportingcanal.com\/index.php?rest_route=%2Fwp%2Fv2%2Fcomments&post=26287"}],"version-history":[{"count":12,"href":"https:\/\/www.sportingcanal.com\/index.php?rest_route=\/wp\/v2\/posts\/26287\/revisions"}],"predecessor-version":[{"id":37816,"href":"https:\/\/www.sportingcanal.com\/index.php?rest_route=\/wp\/v2\/posts\/26287\/revisions\/37816"}],"wp:featuredmedia":[{"embeddable":true,"href":"https:\/\/www.sportingcanal.com\/index.php?rest_route=\/wp\/v2\/media\/37815"}],"wp:attachment":[{"href":"https:\/\/www.sportingcanal.com\/index.php?rest_route=%2Fwp%2Fv2%2Fmedia&parent=26287"}],"wp:term":[{"taxonomy":"category","embeddable":true,"href":"https:\/\/www.sportingcanal.com\/index.php?rest_route=%2Fwp%2Fv2%2Fcategories&post=26287"},{"taxonomy":"post_tag","embeddable":true,"href":"https:\/\/www.sportingcanal.com\/index.php?rest_route=%2Fwp%2Fv2%2Ftags&post=26287"}],"curies":[{"name":"wp","href":"https:\/\/api.w.org\/{rel}","templated":true}]}}