{"id":2638,"date":"2026-02-21T07:45:24","date_gmt":"2026-02-21T06:45:24","guid":{"rendered":"http:\/\/www.sportingcanal.com\/?p=2638"},"modified":"2026-02-22T00:10:31","modified_gmt":"2026-02-21T23:10:31","slug":"capucho-muita-habilidade-pelo-corredor-direito","status":"publish","type":"post","link":"https:\/\/www.sportingcanal.com\/?p=2638","title":{"rendered":"Capucho \u2013 Muita habilidade pelo corredor direito"},"content":{"rendered":"<p>Nuno Fernando Gon\u00e7alves Rocha (conhecido no mundo do futebol por Capucho) nasceu a 21 de Fevereiro de 1971 em Barcelos. Come\u00e7ou por dar nas vistas no clube da sua terra, o Gil Vicente. Chegou ao Sporting, pela m\u00e3o de Sousa Cintra, no Ver\u00e3o de 1992, um ano depois de se ter sagrado campe\u00e3o mundial de sub-20.<\/p>\n<p>Estreou-se (com Bobby Robson) a 12 de Setembro de 1992 num empate (0-0) em Braga para o Campeonato. O t\u00e9cnico ingl\u00eas apreciava o seu futebol sobre a ala direita e utilizou-o com grande frequ\u00eancia. Para se ter uma ideia da admira\u00e7\u00e3o que Robson lhe tinha basta dizer que em diversas ocasi\u00f5es Figo foi seu suplente. Acumulou 33 presen\u00e7as nesta temporada e fez 3 golos. Marcou pela 1\u00aa vez a 18 de Abril de 1993 frente ao Desp. Chaves (5-0).<\/p>\n<p>Jogador muito t\u00e9cnico, mas com algum d\u00e9fice de velocidade, era uma esp\u00e9cie de \u201csuplente de luxo\u201d quando aconteceu a fatalidade com Cherbakov na noite de Lisboa. A partir da\u00ed (j\u00e1 com Carlos Queiroz ao leme) o minhoto voltou a ser habitualmente titular, jogando Figo numa posi\u00e7\u00e3o mais interior e Balakov \u00e0 esquerda. A verdade \u00e9 que o Sporting dava espet\u00e1culo mas passou mais uma \u00e9poca em jejum\u2026 Entretanto Capucho jogou 36 vezes e marcou 8 golos numa temporada em que esteve em muito bom plano.<\/p>\n<p>1994\/95 foi a \u00faltima temporada de Capucho em Alvalade. A chegada de Amunike ao plantel fez Queiroz deslocar Balakov para o centro e Figo para a direita. Entretanto outras figuras chegaram como Carlos Xavier e S\u00e1 Pinto. Dani ia-se tentando afirmar e Filipe voltava a ter condi\u00e7\u00f5es f\u00edsicas. N\u00e3o sobrou espa\u00e7o para Capucho no meio-campo\u2026 Carlos Queiroz pensou ent\u00e3o que as suas carater\u00edsticas se adaptariam bem \u00e0 fun\u00e7\u00e3o de ponta-de-lan\u00e7a, mas nas raras apari\u00e7\u00f5es que teve na posi\u00e7\u00e3o n\u00e3o conseguiu convencer. Acabou por ser dispensado no final da temporada (apesar das sa\u00eddas de Figo e Balakov), fazendo parte do neg\u00f3cio que envolveu a contrata\u00e7\u00e3o de Pedro Barbosa e Pedro Martins ao Vit\u00f3ria de Guimar\u00e3es.<\/p>\n<p>Os seus \u00faltimos golos (3) foram marcados em Moscavide a 29 de Mar\u00e7o de 1995 em jogo a contar para a Ta\u00e7a de Portugal (6-1). A sua \u00faltima presen\u00e7a foi registada a 21 de Maio de 1995 numa rece\u00e7\u00e3o ao Desp. Chaves (1-0). Esteve um total de 3 \u00e9pocas no Sporting nas quais realizou 85 jogos oficiais e marcou 15 golos. Ganhou uma Ta\u00e7a de Portugal.\u00a0Deixou em Alvalade a imagem de um bom jogador com muita habilidade e excelente capacidade para cruzar.<\/p>\n<p>Na \u201ccidade ber\u00e7o\u201d (como m\u00e9dio ala direito) voltou a ser o grande Capucho dos 2 primeiros anos de Sporting. Chegou \u00e0 Sele\u00e7\u00e3o A (34 vezes internacional e 2 golos) e 2 anos depois rumou ao FC Porto onde acumulou t\u00edtulos. Em 2003 foi para o Glasgow Rangers e na \u00e9poca seguinte terminou a carreira no Celta de Vigo (2005). Atualmente faz parte do corpo t\u00e9cnico das camadas jovens do FC Porto.<\/p>\n<div class=\"tweetthis\" style=\"text-align:left;\"><p> <a target=\"_blank\" rel=\"nofollow\" class=\"tt\" href=\"http:\/\/twitter.com\/home\/?status=Capucho+%E2%80%93+Muita+habilidade+pelo+corredor+direito+https%3A%2F%2Fis.gd%2FCt0jiQ\" title=\"Post to Twitter\"><img decoding=\"async\" class=\"nothumb\" src=\"http:\/\/www.sportingcanal.com\/wp-content\/plugins\/tweet-this\/icons\/en\/twitter\/tt-twitter6.png\" alt=\"Post to Twitter\" \/><\/a><\/p><\/div>","protected":false},"excerpt":{"rendered":"<p>Nuno Fernando Gon\u00e7alves Rocha (conhecido no mundo do futebol por Capucho) nasceu a 21 de Fevereiro de 1971 em Barcelos. Come\u00e7ou por dar nas vistas no clube da sua terra, o Gil Vicente. Chegou ao Sporting, pela m\u00e3o de Sousa Cintra, no Ver\u00e3o de 1992, um ano depois de se ter sagrado campe\u00e3o mundial de [&hellip;]<\/p>\n","protected":false},"author":1,"featured_media":2639,"comment_status":"open","ping_status":"open","sticky":false,"template":"","format":"standard","meta":{"_et_pb_use_builder":"","_et_pb_old_content":"","_et_gb_content_width":"","footnotes":""},"categories":[63],"tags":[8,64],"_links":{"self":[{"href":"https:\/\/www.sportingcanal.com\/index.php?rest_route=\/wp\/v2\/posts\/2638"}],"collection":[{"href":"https:\/\/www.sportingcanal.com\/index.php?rest_route=\/wp\/v2\/posts"}],"about":[{"href":"https:\/\/www.sportingcanal.com\/index.php?rest_route=\/wp\/v2\/types\/post"}],"author":[{"embeddable":true,"href":"https:\/\/www.sportingcanal.com\/index.php?rest_route=\/wp\/v2\/users\/1"}],"replies":[{"embeddable":true,"href":"https:\/\/www.sportingcanal.com\/index.php?rest_route=%2Fwp%2Fv2%2Fcomments&post=2638"}],"version-history":[{"count":19,"href":"https:\/\/www.sportingcanal.com\/index.php?rest_route=\/wp\/v2\/posts\/2638\/revisions"}],"predecessor-version":[{"id":39690,"href":"https:\/\/www.sportingcanal.com\/index.php?rest_route=\/wp\/v2\/posts\/2638\/revisions\/39690"}],"wp:featuredmedia":[{"embeddable":true,"href":"https:\/\/www.sportingcanal.com\/index.php?rest_route=\/wp\/v2\/media\/2639"}],"wp:attachment":[{"href":"https:\/\/www.sportingcanal.com\/index.php?rest_route=%2Fwp%2Fv2%2Fmedia&parent=2638"}],"wp:term":[{"taxonomy":"category","embeddable":true,"href":"https:\/\/www.sportingcanal.com\/index.php?rest_route=%2Fwp%2Fv2%2Fcategories&post=2638"},{"taxonomy":"post_tag","embeddable":true,"href":"https:\/\/www.sportingcanal.com\/index.php?rest_route=%2Fwp%2Fv2%2Ftags&post=2638"}],"curies":[{"name":"wp","href":"https:\/\/api.w.org\/{rel}","templated":true}]}}