{"id":26515,"date":"2025-07-23T09:00:33","date_gmt":"2025-07-23T08:00:33","guid":{"rendered":"http:\/\/www.sportingcanal.com\/?p=26515"},"modified":"2025-07-23T10:15:20","modified_gmt":"2025-07-23T09:15:20","slug":"atletismo-octocampeas-nacionais-de-pista","status":"publish","type":"post","link":"https:\/\/www.sportingcanal.com\/?p=26515","title":{"rendered":"2018 \u2013 Octocampe\u00e3s nacionais de Atletismo em pista!"},"content":{"rendered":"<div id=\"_mcePaste\">\n<p class=\"MsoNormal\"><span lang=\"pt\">22 de Julho de 2018. Ap\u00f3s 2 dias de provas no Campeonato Nacional de Clubes de pista ao ar livre, que decorreu no Est\u00e1dio 1.\u00ba de Maio, em Braga, a equipa feminina do Sporting CP sagrou-se octocampe\u00e3 (48\u00ba t\u00edtulo no total), com acumulado de 156 pontos, mais 43 pontos do que o Benfica, 2\u00ba classificado, e da Juventude Vidigalense, 3\u00ba lugar (113 pontos).<\/span><\/p>\n<p class=\"MsoNormal\"><span lang=\"pt\">No total de 21 provas, as leoas venceram 17, provando que s\u00e3o, efetivamente, as maiores de Portugal. Os resultados:<\/span><\/p>\n<p class=\"MsoNormal\"><span lang=\"pt\">100m \u2013 1\u00aa Lorene Bazolo &#8211; 11,44s<\/span><\/p>\n<p class=\"MsoNormal\"><span lang=\"pt\">4x100m \u2013 1\u00aa Sporting CP &#8211; 45,49s<\/span><\/p>\n<p class=\"MsoNormal\"><span lang=\"pt\">100m barreiras \u2013 1\u00aa Ol\u00edmpia Barbosa &#8211; 13,80s<\/span><\/p>\n<p class=\"MsoNormal\"><span lang=\"pt\">200m \u2013 1\u00aa Lorene Bazolo &#8211; 23,60s<\/span><\/p>\n<p class=\"MsoNormal\"><span lang=\"pt\">400m \u2013 1\u00aa C\u00e1tia Azevedo &#8211; 52,72s<\/span><\/p>\n<p class=\"MsoNormal\"><span lang=\"pt\">4&#215;400 \u2013 1\u00aa Sporting CP &#8211; 3m35,95s<\/span><\/p>\n<p class=\"MsoNormal\"><span lang=\"pt\">400m barreiras \u2013 1\u00aa Andreia Crespo &#8211; 58,96s<\/span><\/p>\n<p class=\"MsoNormal\"><span lang=\"pt\">800m \u2013 1\u00aa Salom\u00e9 Afonso &#8211; 2m08,64s<\/span><\/p>\n<p class=\"MsoNormal\"><span lang=\"pt\">1.500m \u2013 2\u00aa Salom\u00e9 Afonso \u2013 4m26,61s<\/span><\/p>\n<p class=\"MsoNormal\"><span lang=\"pt\">3.000m \u2013 2\u00aa Carla Salom\u00e9 Rocha &#8211; 9m30,29s<\/span><\/p>\n<p class=\"MsoNormal\"><span lang=\"pt\">3.000m obst\u00e1culos \u2013 3\u00aa L\u00edlia Martins \u2013 11m16,14s<\/span><\/p>\n<p class=\"MsoNormal\"><span lang=\"pt\">3.000m marcha \u2013 1\u00aa Vit\u00f3ria Oliveira \u2013 13m32,25s<\/span><\/p>\n<p class=\"MsoNormal\"><span lang=\"pt\">5.000m \u2013 1\u00aa Sara Moreira \u2013 16m00,12s<\/span><\/p>\n<p class=\"MsoNormal\"><span lang=\"pt\">Altura \u2013 1\u00aa Anabela Neto \u2013 1m76cm<\/span><\/p>\n<p class=\"MsoNormal\"><span lang=\"pt\">Comprimento \u2013 1\u00aa Evelise Veiga \u2013 6m13cm<\/span><\/p>\n<p class=\"MsoNormal\"><span lang=\"pt\">Disco (1kg) \u2013 1\u00aa Irina Rodrigues \u2013 58m38cm<\/span><\/p>\n<p class=\"MsoNormal\"><span lang=\"pt\">Martelo \u2013 1\u00aa V\u00e2nia Silva \u2013 60m69cm<\/span><\/p>\n<p class=\"MsoNormal\"><span lang=\"pt\">Peso \u2013 1\u00aa J\u00e9ssica Inchude -16m45cm<\/span><\/p>\n<p class=\"MsoNormal\"><span lang=\"pt\">Triplo salto \u2013 1\u00aa Patr\u00edcia Mamona -14m19cm<\/span><\/p>\n<p class=\"MsoNormal\"><span lang=\"pt\">Vara &#8211; Marta Onofre n\u00e3o atingiu saltos v\u00e1lidos<\/span><\/p>\n<p class=\"MsoNormal\"><span lang=\"pt\">Dardo \u2013 1\u00aa J\u00e9ssica Barreira &#8211; 45m40cm<\/span><\/p>\n<p class=\"MsoNormal\"><span lang=\"pt\">Relativamente \u00e0 equipa masculina, ficou-se 2\u00ba lugar, com 145 pontos, a 10 do Benfica (155), e com uma vantagem de 41 pontos face ao 3\u00ba classificado, o Sp. Braga (104).<\/span><\/p>\n<p class=\"MsoNormal\"><span lang=\"pt\">No total de 21 provas, os atletas leoninos alcan\u00e7aram o 1\u00ba lugar do p\u00f3dio em 7. Os resultados:<\/span><\/p>\n<p class=\"MsoNormal\"><span lang=\"pt\">100m \u2013 1\u00ba Carlos Nascimento &#8211; 10,31s<\/span><\/p>\n<p class=\"MsoNormal\"><span lang=\"pt\">4x100m \u2013 1\u00ba Sporting CP \u2013 40,29s<\/span><\/p>\n<p class=\"MsoNormal\"><span lang=\"pt\">110m barreiras \u2013 2\u00ba Rasul Dab\u00f3 &#8211; 14,28s<\/span><\/p>\n<p class=\"MsoNormal\"><span lang=\"pt\">200m \u2013 1\u00ba Carlos Nascimento &#8211; 21,05s<\/span><\/p>\n<p class=\"MsoNormal\"><span lang=\"pt\">400m \u2013 2\u00ba Soufiane Bouhadda &#8211; 47,21s<\/span><\/p>\n<p class=\"MsoNormal\"><span lang=\"pt\">4x400m \u2013 1\u00ba Sporting CP \u2013 3m10,43s<\/span><\/p>\n<p class=\"MsoNormal\"><span lang=\"pt\">400m barreiras \u2013 1\u00ba Jordin Andrade &#8211; 50,95s<\/span><\/p>\n<p class=\"MsoNormal\"><span lang=\"pt\">800m \u2013 4\u00ba Sandy Martins \u2013 1m57,30s<\/span><\/p>\n<p class=\"MsoNormal\"><span lang=\"pt\">1.500m \u2013 1\u00ba Paulo Ros\u00e1rio \u2013 4m08,38s<\/span><\/p>\n<p class=\"MsoNormal\"><span lang=\"pt\">3.000m \u2013 2\u00ba Nuno Lopes \u2013 8m20,52s<\/span><\/p>\n<p class=\"MsoNormal\"><span lang=\"pt\">3.000m obst\u00e1culos \u2013 2\u00ba Fernando Serr\u00e3o \u2013 9m02,80s<\/span><\/p>\n<p class=\"MsoNormal\"><span lang=\"pt\">5.000m \u2013 2\u00ba Bruno Albuquerque \u2013 13m57,76s<\/span><\/p>\n<p class=\"MsoNormal\"><span lang=\"pt\">5.000m marcha \u2013 1\u00ba Jo\u00e3o Vieira \u2013 19m44,96s<\/span><\/p>\n<p class=\"MsoNormal\"><span lang=\"pt\">Altura \u2013 2\u00ba Nelson Pinto \u2013 2m07cm<\/span><\/p>\n<p class=\"MsoNormal\"><span lang=\"pt\">Comprimento &#8211; Miguel Paim Marques chegou \u00e0 final mas n\u00e3o obteve saltos v\u00e1lidos<\/span><\/p>\n<p class=\"MsoNormal\"><span lang=\"pt\">Dardo (800g) \u2013 2\u00ba Tiago Aperta \u2013 69m71cm<\/span><\/p>\n<p class=\"MsoNormal\"><span lang=\"pt\">Disco (2 kg) \u2013 2\u00ba Edujose Lima \u2013 53m70cm<\/span><\/p>\n<p class=\"MsoNormal\"><span lang=\"pt\">Martelo \u2013 2\u00ba Miguel Carreira &#8211; 70m95cm<\/span><\/p>\n<p class=\"MsoNormal\"><span lang=\"pt\">Peso \u2013 2\u00ba Marco Fortes \u2013 19m10cm<\/span><\/p>\n<p class=\"MsoNormal\"><span lang=\"pt\">Triplo salto \u2013 2\u00ba Carlos Veiga \u2013 16m31cm<\/span><\/p>\n<p class=\"MsoNormal\"><span lang=\"pt\">Vara \u2013 2\u00ba Edi Maia \u2013 5m00cm<\/span><\/p>\n<p class=\"MsoNormal\"><span lang=\"pt\">Carlos Silva, coordenador t\u00e9cnico da modalidade, demonstrou um sentimento \u2018agridoce\u2019 face \u00e0s classifica\u00e7\u00f5es: \u201cTemos de ser frios na an\u00e1lise. Em rela\u00e7\u00e3o ao desempenho da equipa masculina, n\u00e3o foi positivo. Ficou um pouco aqu\u00e9m das expectativas. N\u00e3o s\u00f3 das expectativas, mas de todo o trabalho desenvolvido. Vamos ter de mostrar mais compet\u00eancia neste campeonato. \u00c9 uma equipa jovem, com qualidade. Est\u00e3o a crescer\u201d.<\/span><\/p>\n<p class=\"MsoNormal\"><span lang=\"pt\">Relativamente \u00e0 equipa feminina: \u201cT\u00eam feito um percurso extremamente positivo. Bicampe\u00e3s da Europa e, acima de tudo, aquilo que apresentam s\u00e3o v\u00e1rios fatores que caraterizam os campe\u00f5es: respeitam os advers\u00e1rios, respeitam-se a si pr\u00f3prias, quando entram em competi\u00e7\u00e3o \u00e9 para ganhar e para fazer o seu melhor e arrasar a pista \u00e0 le\u00e3o. Mostraram o porqu\u00ea de serem uma equipa de alta competitividade\u201d.<\/span><\/p>\n<p class=\"MsoNormal\"><span lang=\"pt\">Em rela\u00e7\u00e3o \u00e0 temporada, Carlos Silva fez um balan\u00e7o positivo de todos os escal\u00f5es de forma\u00e7\u00e3o: \u201cTemos de fazer um balan\u00e7o muito positivo. Pelo trabalho que se tem desenvolvido nas v\u00e1rias vertentes. Em termos nacionais, o dom\u00ednio feminino \u00e9 total. Ganh\u00e1mos todos os campeonatos. Acrescentado que, mesmo nos escal\u00f5es de forma\u00e7\u00e3o, ganh\u00e1mos os campeonatos em juvenis e juniores. Conquist\u00e1mos o apuramento para o pr\u00f3ximo ano, na Ta\u00e7a dos campe\u00f5es Europeus de juniores\u201d, finalizou.<\/span><\/p>\n<p class=\"MsoNormal\">\n<\/div>\n<div class=\"tweetthis\" style=\"text-align:left;\"><p> <a target=\"_blank\" rel=\"nofollow\" class=\"tt\" href=\"http:\/\/twitter.com\/home\/?status=2018+%E2%80%93+Octocampe%C3%A3s+nacionais+de+Atletismo+em+pista%21+https%3A%2F%2Fis.gd%2FCVMvj6\" title=\"Post to Twitter\"><img decoding=\"async\" class=\"nothumb\" src=\"http:\/\/www.sportingcanal.com\/wp-content\/plugins\/tweet-this\/icons\/en\/twitter\/tt-twitter6.png\" alt=\"Post to Twitter\" \/><\/a><\/p><\/div>","protected":false},"excerpt":{"rendered":"<p>22 de Julho de 2018. Ap\u00f3s 2 dias de provas no Campeonato Nacional de Clubes de pista ao ar livre, que decorreu no Est\u00e1dio 1.\u00ba de Maio, em Braga, a equipa feminina do Sporting CP sagrou-se octocampe\u00e3 (48\u00ba t\u00edtulo no total), com acumulado de 156 pontos, mais 43 pontos do que o Benfica, 2\u00ba classificado, [&hellip;]<\/p>\n","protected":false},"author":1,"featured_media":38328,"comment_status":"open","ping_status":"closed","sticky":false,"template":"","format":"standard","meta":{"_et_pb_use_builder":"","_et_pb_old_content":"","_et_gb_content_width":"","footnotes":""},"categories":[17],"tags":[21,22],"_links":{"self":[{"href":"https:\/\/www.sportingcanal.com\/index.php?rest_route=\/wp\/v2\/posts\/26515"}],"collection":[{"href":"https:\/\/www.sportingcanal.com\/index.php?rest_route=\/wp\/v2\/posts"}],"about":[{"href":"https:\/\/www.sportingcanal.com\/index.php?rest_route=\/wp\/v2\/types\/post"}],"author":[{"embeddable":true,"href":"https:\/\/www.sportingcanal.com\/index.php?rest_route=\/wp\/v2\/users\/1"}],"replies":[{"embeddable":true,"href":"https:\/\/www.sportingcanal.com\/index.php?rest_route=%2Fwp%2Fv2%2Fcomments&post=26515"}],"version-history":[{"count":16,"href":"https:\/\/www.sportingcanal.com\/index.php?rest_route=\/wp\/v2\/posts\/26515\/revisions"}],"predecessor-version":[{"id":38329,"href":"https:\/\/www.sportingcanal.com\/index.php?rest_route=\/wp\/v2\/posts\/26515\/revisions\/38329"}],"wp:featuredmedia":[{"embeddable":true,"href":"https:\/\/www.sportingcanal.com\/index.php?rest_route=\/wp\/v2\/media\/38328"}],"wp:attachment":[{"href":"https:\/\/www.sportingcanal.com\/index.php?rest_route=%2Fwp%2Fv2%2Fmedia&parent=26515"}],"wp:term":[{"taxonomy":"category","embeddable":true,"href":"https:\/\/www.sportingcanal.com\/index.php?rest_route=%2Fwp%2Fv2%2Fcategories&post=26515"},{"taxonomy":"post_tag","embeddable":true,"href":"https:\/\/www.sportingcanal.com\/index.php?rest_route=%2Fwp%2Fv2%2Ftags&post=26515"}],"curies":[{"name":"wp","href":"https:\/\/api.w.org\/{rel}","templated":true}]}}