{"id":2673,"date":"2025-06-14T08:00:15","date_gmt":"2025-06-14T07:00:15","guid":{"rendered":"http:\/\/www.sportingcanal.com\/?p=2673"},"modified":"2025-06-16T15:42:52","modified_gmt":"2025-06-16T14:42:52","slug":"barao","status":"publish","type":"post","link":"https:\/\/www.sportingcanal.com\/?p=2673","title":{"rendered":"Bar\u00e3o"},"content":{"rendered":"<p>Francisco da Cruz Bar\u00e3o nasceu a 14 de Junho de 1957 em M\u00e9rtola. Come\u00e7ou por jogar no Prior Velho tendo chegado ainda no escal\u00e3o j\u00fanior ao Sporting.<\/p>\n<p>Estreou-se oficialmente (pela m\u00e3o do treinador Juca) a 24 de Abril de 1976 num Sporting-Sesimbra (5-0) para a Ta\u00e7a de Portugal, tendo sido essa a sua \u00fanica presen\u00e7a da temporada. Na \u00e9poca seguinte voltou a ser pouco utilizado (apenas 4 jogos) mas em 1977\/78 (com Paulo Em\u00edlio, primeiro, e Rodrigues Dias, depois) \u201cexplodiu\u201d jogando habitualmente como m\u00e9dio defensivo e realizando 33 jogos. A 13 de Novembro de 1977 marcou o 1\u00ba golo num Sporting-Sp. Espinho (3-1) para a Ta\u00e7a de Portugal. Tamb\u00e9m nessa \u00e9poca conquistou o seu 1\u00ba t\u00edtulo pelo clube &#8211; a Ta\u00e7a de Portugal.<\/p>\n<p>Paradoxalmente voltou a quase n\u00e3o jogar em 1977\/78 (apenas duas presen\u00e7as), mas em 1979\/80 chegou a Campe\u00e3o Nacional sendo um dos jogadores mais utilizados do plantel (36 jogos). No ano seguinte jogou regularmente, assim como em novo ano de t\u00edtulo (1981\/82 \u2013 com Malcolm Allison). Nos 2 anos seguintes a concorr\u00eancia aumentou e o abnegado defesa e m\u00e9dio n\u00e3o foi chamado com muita frequ\u00eancia. Acabou por sair do clube no final da temporada 1983\/84 para o Portimonense, onde se manteve at\u00e9 ao final da carreira.<\/p>\n<p>O seu \u00faltimo jogo de verde e branco vestido foi realizado em Bragan\u00e7a a 1 de Dezembro de 1983 (vit\u00f3ria por 5-1).<\/p>\n<p>No total esteve 9 \u00e9pocas no Sporting tendo acumulado 152 presen\u00e7as e 2 golos em jogos oficiais. Ganhou 2 Campeonatos Nacionais, duas Ta\u00e7as de Portugal e uma Superta\u00e7a. Deixou uma imagem de jogador ra\u00e7udo e polivalente. A sua utilidade foi indiscut\u00edvel na fase em que os le\u00f5es voltaram aos t\u00edtulos entre finais dos 70s e princ\u00edpios dos 80s. Em qualquer posi\u00e7\u00e3o da defesa ou do meio campo, Bar\u00e3o era sin\u00f3nimo de entrega total do 1\u00ba ao \u00faltimo minuto.<\/p>\n<p>Encetou bastante cedo a carreira de treinador com passagem por diversos clubes das divis\u00f5es secund\u00e1rias do futebol portugu\u00eas, destacando-se no seu percurso, sobretudo, as subidas de divis\u00e3o no Estrela de Portalegre e Sp. Espinho.<\/p>\n<p>Recentemente (at\u00e9 final da temporada 2018) esteve de novo no futebol do Sporting, fazendo parte do staff t\u00e9cnico da equipa B.<\/p>\n<div class=\"tweetthis\" style=\"text-align:left;\"><p> <a target=\"_blank\" rel=\"nofollow\" class=\"tt\" href=\"http:\/\/twitter.com\/home\/?status=Bar%C3%A3o+https%3A%2F%2Fis.gd%2FdLuFa8\" title=\"Post to Twitter\"><img decoding=\"async\" class=\"nothumb\" src=\"http:\/\/www.sportingcanal.com\/wp-content\/plugins\/tweet-this\/icons\/en\/twitter\/tt-twitter6.png\" alt=\"Post to Twitter\" \/><\/a><\/p><\/div>","protected":false},"excerpt":{"rendered":"<p>Francisco da Cruz Bar\u00e3o nasceu a 14 de Junho de 1957 em M\u00e9rtola. Come\u00e7ou por jogar no Prior Velho tendo chegado ainda no escal\u00e3o j\u00fanior ao Sporting. Estreou-se oficialmente (pela m\u00e3o do treinador Juca) a 24 de Abril de 1976 num Sporting-Sesimbra (5-0) para a Ta\u00e7a de Portugal, tendo sido essa a sua \u00fanica presen\u00e7a [&hellip;]<\/p>\n","protected":false},"author":1,"featured_media":37980,"comment_status":"open","ping_status":"open","sticky":false,"template":"","format":"standard","meta":{"_et_pb_use_builder":"","_et_pb_old_content":"","_et_gb_content_width":"","footnotes":""},"categories":[13],"tags":[65,8],"_links":{"self":[{"href":"https:\/\/www.sportingcanal.com\/index.php?rest_route=\/wp\/v2\/posts\/2673"}],"collection":[{"href":"https:\/\/www.sportingcanal.com\/index.php?rest_route=\/wp\/v2\/posts"}],"about":[{"href":"https:\/\/www.sportingcanal.com\/index.php?rest_route=\/wp\/v2\/types\/post"}],"author":[{"embeddable":true,"href":"https:\/\/www.sportingcanal.com\/index.php?rest_route=\/wp\/v2\/users\/1"}],"replies":[{"embeddable":true,"href":"https:\/\/www.sportingcanal.com\/index.php?rest_route=%2Fwp%2Fv2%2Fcomments&post=2673"}],"version-history":[{"count":24,"href":"https:\/\/www.sportingcanal.com\/index.php?rest_route=\/wp\/v2\/posts\/2673\/revisions"}],"predecessor-version":[{"id":37981,"href":"https:\/\/www.sportingcanal.com\/index.php?rest_route=\/wp\/v2\/posts\/2673\/revisions\/37981"}],"wp:featuredmedia":[{"embeddable":true,"href":"https:\/\/www.sportingcanal.com\/index.php?rest_route=\/wp\/v2\/media\/37980"}],"wp:attachment":[{"href":"https:\/\/www.sportingcanal.com\/index.php?rest_route=%2Fwp%2Fv2%2Fmedia&parent=2673"}],"wp:term":[{"taxonomy":"category","embeddable":true,"href":"https:\/\/www.sportingcanal.com\/index.php?rest_route=%2Fwp%2Fv2%2Fcategories&post=2673"},{"taxonomy":"post_tag","embeddable":true,"href":"https:\/\/www.sportingcanal.com\/index.php?rest_route=%2Fwp%2Fv2%2Ftags&post=2673"}],"curies":[{"name":"wp","href":"https:\/\/api.w.org\/{rel}","templated":true}]}}