{"id":2677,"date":"2025-09-08T08:30:02","date_gmt":"2025-09-08T07:30:02","guid":{"rendered":"http:\/\/www.sportingcanal.com\/?p=2677"},"modified":"2025-09-08T18:12:11","modified_gmt":"2025-09-08T17:12:11","slug":"fraguito","status":"publish","type":"post","link":"https:\/\/www.sportingcanal.com\/?p=2677","title":{"rendered":"Fraguito \u2013 Um centrocampista muito talentoso"},"content":{"rendered":"<p>Samuel Ferreira Fraguito nasceu a 8 de Setembro de 1951 em Vila Real. Muito pouco tempo depois os pais emigraram para o Brasil e foi l\u00e1 que se iniciou nas lides futebol\u00edsticas, nos escal\u00f5es jovens do Fluminense. Na adolesc\u00eancia regressou a Portugal, tendo alinhado no clube da sua terra (Vila Real). A\u00ed o seu talento come\u00e7ou a despertar interesse, acabando por assinar pelo Boavista. No Bessa confirmou credenciais, tendo chegado ao Sporting no Ver\u00e3o de 1972.<\/p>\n<p>Estreou-se oficialmente (sob a \u201cbatuta\u201d de Ronnie Allen) com uma vit\u00f3ria nas Antas na 1\u00aa jornada do Campeonato Nacional a 10 de Setembro de 1972, marcando o 1\u00ba golo 3 dias depois na rece\u00e7\u00e3o ao Hibernian (2-1) para a Ta\u00e7a das Ta\u00e7as. Logo nessa 1\u00aa \u00e9poca foi muito utilizado (no meio-campo), dando o seu contributo para a vit\u00f3ria na Ta\u00e7a de Portugal.<\/p>\n<p>No ano seguinte o Sporting realizou uma temporada espantosa mas Fraguito lesionou-se com gravidade (viria a ser recorrente na sua carreira), tendo, ainda assim, realizado 16 jogos e marcado 6 golos. 13 meses depois regressou, em 1974\/75, ainda a tempo de deixar a sua marca no conjunto verde e branco.<\/p>\n<p>Em 1975\/76 foi o jogador mais utilizado no plantel (38 presen\u00e7as) e na \u00e9poca seguinte voltou a alinhar com grande regularidade, funcionando como \u201cpatr\u00e3o\u201d da equipa como consequ\u00eancia da sua boa t\u00e9cnica, capacidade de passe e vis\u00e3o de jogo. Em 1978 ajudou a ganhar a Ta\u00e7a de Portugal e 2 anos depois foi pela 2\u00aa vez campe\u00e3o numa equipa (de Rodrigues Dias e depois Fernando Mendes) onde era um dos protagonistas. A temporada seguinte (1980\/81) foi a sua \u00faltima em Alvalade. Jogou com alguma regularidade mas sem grande fulgor.<\/p>\n<p>Marcou o \u00faltimo golo pelo Sporting a 4 de Dezembro de 1979 frente ao Amarante para a Ta\u00e7a de Portugal (5-0). Jogou pela \u00faltima vez a 17 de Maio de 1981, em Alvalade, perante o Portimonense (2-0). Nessa altura terminou a carreira.<\/p>\n<p>Totalizou 9 \u00e9pocas, 201 jogos oficiais e 21 golos pela equipa principal do Sporting, tendo ganho 2 Campeonatos Nacionais e 3 Ta\u00e7as de Portugal.<\/p>\n<p>Foi um dos melhores jogadores do clube na d\u00e9cada de 70, um centrocampista completo que deixou saudades. As v\u00e1rias les\u00f5es que sofreu ao longo da carreira foram o \u201ccalcanhar de Aquiles\u201d dum percurso, ainda assim, magn\u00edfico.<\/p>\n<p>Foi 6 vezes internacional A e ap\u00f3s abandonar os campos de Futebol nunca mais a ele voltou.<\/p>\n<div class=\"tweetthis\" style=\"text-align:left;\"><p> <a target=\"_blank\" rel=\"nofollow\" class=\"tt\" href=\"http:\/\/twitter.com\/home\/?status=Fraguito+%E2%80%93+Um+centrocampista+muito+talentoso+https%3A%2F%2Fis.gd%2FnQE0Bb\" title=\"Post to Twitter\"><img decoding=\"async\" class=\"nothumb\" src=\"http:\/\/www.sportingcanal.com\/wp-content\/plugins\/tweet-this\/icons\/en\/twitter\/tt-twitter6.png\" alt=\"Post to Twitter\" \/><\/a><\/p><\/div>","protected":false},"excerpt":{"rendered":"<p>Samuel Ferreira Fraguito nasceu a 8 de Setembro de 1951 em Vila Real. Muito pouco tempo depois os pais emigraram para o Brasil e foi l\u00e1 que se iniciou nas lides futebol\u00edsticas, nos escal\u00f5es jovens do Fluminense. Na adolesc\u00eancia regressou a Portugal, tendo alinhado no clube da sua terra (Vila Real). A\u00ed o seu talento [&hellip;]<\/p>\n","protected":false},"author":1,"featured_media":38728,"comment_status":"open","ping_status":"open","sticky":false,"template":"","format":"standard","meta":{"_et_pb_use_builder":"","_et_pb_old_content":"","_et_gb_content_width":"","footnotes":""},"categories":[63],"tags":[8,64],"_links":{"self":[{"href":"https:\/\/www.sportingcanal.com\/index.php?rest_route=\/wp\/v2\/posts\/2677"}],"collection":[{"href":"https:\/\/www.sportingcanal.com\/index.php?rest_route=\/wp\/v2\/posts"}],"about":[{"href":"https:\/\/www.sportingcanal.com\/index.php?rest_route=\/wp\/v2\/types\/post"}],"author":[{"embeddable":true,"href":"https:\/\/www.sportingcanal.com\/index.php?rest_route=\/wp\/v2\/users\/1"}],"replies":[{"embeddable":true,"href":"https:\/\/www.sportingcanal.com\/index.php?rest_route=%2Fwp%2Fv2%2Fcomments&post=2677"}],"version-history":[{"count":28,"href":"https:\/\/www.sportingcanal.com\/index.php?rest_route=\/wp\/v2\/posts\/2677\/revisions"}],"predecessor-version":[{"id":38729,"href":"https:\/\/www.sportingcanal.com\/index.php?rest_route=\/wp\/v2\/posts\/2677\/revisions\/38729"}],"wp:featuredmedia":[{"embeddable":true,"href":"https:\/\/www.sportingcanal.com\/index.php?rest_route=\/wp\/v2\/media\/38728"}],"wp:attachment":[{"href":"https:\/\/www.sportingcanal.com\/index.php?rest_route=%2Fwp%2Fv2%2Fmedia&parent=2677"}],"wp:term":[{"taxonomy":"category","embeddable":true,"href":"https:\/\/www.sportingcanal.com\/index.php?rest_route=%2Fwp%2Fv2%2Fcategories&post=2677"},{"taxonomy":"post_tag","embeddable":true,"href":"https:\/\/www.sportingcanal.com\/index.php?rest_route=%2Fwp%2Fv2%2Ftags&post=2677"}],"curies":[{"name":"wp","href":"https:\/\/api.w.org\/{rel}","templated":true}]}}