{"id":26773,"date":"2025-09-08T11:00:03","date_gmt":"2025-09-08T10:00:03","guid":{"rendered":"http:\/\/www.sportingcanal.com\/?p=26773"},"modified":"2025-09-08T18:12:45","modified_gmt":"2025-09-08T17:12:45","slug":"futsal-sporting-11-fabril-0-conquistamos-pela-8%c2%aa-vez-a-supertaca","status":"publish","type":"post","link":"https:\/\/www.sportingcanal.com\/?p=26773","title":{"rendered":"2018 \u2013 8\u00aa Superta\u00e7a para o Futsal com goleada ao Fabril"},"content":{"rendered":"<div id=\"_mcePaste\">8 de Setembro de 2018. Loul\u00e9, Superta\u00e7a de Futsal. Perante o Fabril do Barreiro, o Sporting esteve em grande n\u00edvel, vencendo por 11-0 e conquistando pela 8\u00aa vez este trof\u00e9u.<\/div>\n<div>O Sporting alinhou com: Gon\u00e7alo Portugal; Leo, Pedro Cary, Cavinato e Melim. Contou ainda com Andr\u00e9 Sousa, Bernardo Pa\u00e7\u00f3, Erick Mendon\u00e7a, Jo\u00e3o Matos, Varela, Pany Varela, Dani, Cardinal e Dieguinho.<\/div>\n<div>Os comandados de Nuno Dias entraram com vontade de resolver cedo a quest\u00e3o. Cavinato inaugurou o marcador logo aos 3 minutos, depois de uma assist\u00eancia de L\u00e9o. O 2\u00ba foi uma &#8220;bomba&#8221; de Dieguinho aos 5 minutos. Logo a seguir Pany Varela (assistido por Varela) fez 3-0. Aos 7 Dieguinho bisou.<\/div>\n<div id=\"_mcePaste\">O \u201cmago\u201d Merlim marcou aos 9 e 10 minutos, ao intervalo j\u00e1 eram 6-0!<\/div>\n<div>Cavinato voltou a fazer das dele e apontou, novamente, o primeiro tento da etapa complementar (28 minutos). Especial aten\u00e7\u00e3o tamb\u00e9m para o 8\u00ba golo da tarde, que teve como marcador Dani (30), neste que foi o seu 1\u00ba golo numa competi\u00e7\u00e3o oficial pela equipa s\u00e9nior leonina. O 9\u00ba foi de Merlim, que fechou as contas pessoais ao assinar um total de 3 tentos.<\/div>\n<div>Para terminar em beleza, Pany bisou (39) e Pedro Cary foi \u00faltimo a gritar &#8220;golo&#8221; com todos os sportinguistas que se deslocaram at\u00e9 Loul\u00e9.<\/div>\n<div>No final Nuno Dias estava obviamente satisfeito: \u201cMais importante \u00e9 continuarmos a engradecer e a enriquecer o nosso Museu com t\u00edtulos&#8221;.<\/div>\n<div id=\"_mcePaste\">S\u00e3o 35 t\u00edtulos leoninos, 18 com o &#8220;dedo&#8221; do atual treinador. 8 Superta\u00e7as, metade tamb\u00e9m do m\u00edster, o que faz com que seja o comandante de mais de metade das conquistas do Futsal verde e branco. Satisfeito e consciente, Nuno Dias sublinhou que &#8220;os n\u00fameros apenas foram conseguidos gra\u00e7as ao trabalho de muita gente que passou pela modalidade. S\u00e3o de muita gente que trabalha comigo e que conseguiu este trof\u00e9u, assim como eu. V\u00e1rios foram os lotes de jogadores e de pessoas que tornaram poss\u00edveis estes registos. Hoje foi mais um e \u00e9 sempre importante come\u00e7ar da melhor maneira, sobretudo quando a Superta\u00e7a \u00e9 um dos nossos objectivos (&#8230;) Foi dentro do que perspetiv\u00e1mos. A hist\u00f3ria das falsas mod\u00e9stias, do 50\/50 e de que tudo pode acontecer, toda a gente sabe que \u00e9 assim, mas a probabilidade de isso acontecer \u00e9 pequena. Os nossos jogadores s\u00e3o claramente de um n\u00edvel e de um patamar superior (&#8230;) O nosso papel passa por encarar todos os jogos da mesma forma. O resultado espelha isso e que apesar do aglomerar do resultado fizemos sempre as coisas certas. N\u00e3o deix\u00e1mos o jogo fluir para o contra-ataque nem relax\u00e1mos no marcador. Os jogadores est\u00e3o de parab\u00e9ns pelo t\u00edtulo e pelo profissionalismo que demonstraram\u201d.<\/div>\n<div>Este \u00e9 press\u00e1gio para uma temporada em que o Futsal do Sporting CP tem tudo para muitas conquistas!<\/div>\n<div class=\"tweetthis\" style=\"text-align:left;\"><p> <a target=\"_blank\" rel=\"nofollow\" class=\"tt\" href=\"http:\/\/twitter.com\/home\/?status=2018+%E2%80%93+8%C2%AA+Superta%C3%A7a+para+o+Futsal+com+goleada+ao+Fabril+https%3A%2F%2Fis.gd%2FCOYnJJ\" title=\"Post to Twitter\"><img decoding=\"async\" class=\"nothumb\" src=\"http:\/\/www.sportingcanal.com\/wp-content\/plugins\/tweet-this\/icons\/en\/twitter\/tt-twitter6.png\" alt=\"Post to Twitter\" \/><\/a><\/p><\/div>","protected":false},"excerpt":{"rendered":"<p>8 de Setembro de 2018. Loul\u00e9, Superta\u00e7a de Futsal. Perante o Fabril do Barreiro, o Sporting esteve em grande n\u00edvel, vencendo por 11-0 e conquistando pela 8\u00aa vez este trof\u00e9u. O Sporting alinhou com: Gon\u00e7alo Portugal; Leo, Pedro Cary, Cavinato e Melim. Contou ainda com Andr\u00e9 Sousa, Bernardo Pa\u00e7\u00f3, Erick Mendon\u00e7a, Jo\u00e3o Matos, Varela, Pany [&hellip;]<\/p>\n","protected":false},"author":1,"featured_media":38722,"comment_status":"open","ping_status":"closed","sticky":false,"template":"","format":"standard","meta":{"_et_pb_use_builder":"","_et_pb_old_content":"","_et_gb_content_width":"","footnotes":""},"categories":[17],"tags":[],"_links":{"self":[{"href":"https:\/\/www.sportingcanal.com\/index.php?rest_route=\/wp\/v2\/posts\/26773"}],"collection":[{"href":"https:\/\/www.sportingcanal.com\/index.php?rest_route=\/wp\/v2\/posts"}],"about":[{"href":"https:\/\/www.sportingcanal.com\/index.php?rest_route=\/wp\/v2\/types\/post"}],"author":[{"embeddable":true,"href":"https:\/\/www.sportingcanal.com\/index.php?rest_route=\/wp\/v2\/users\/1"}],"replies":[{"embeddable":true,"href":"https:\/\/www.sportingcanal.com\/index.php?rest_route=%2Fwp%2Fv2%2Fcomments&post=26773"}],"version-history":[{"count":11,"href":"https:\/\/www.sportingcanal.com\/index.php?rest_route=\/wp\/v2\/posts\/26773\/revisions"}],"predecessor-version":[{"id":38724,"href":"https:\/\/www.sportingcanal.com\/index.php?rest_route=\/wp\/v2\/posts\/26773\/revisions\/38724"}],"wp:featuredmedia":[{"embeddable":true,"href":"https:\/\/www.sportingcanal.com\/index.php?rest_route=\/wp\/v2\/media\/38722"}],"wp:attachment":[{"href":"https:\/\/www.sportingcanal.com\/index.php?rest_route=%2Fwp%2Fv2%2Fmedia&parent=26773"}],"wp:term":[{"taxonomy":"category","embeddable":true,"href":"https:\/\/www.sportingcanal.com\/index.php?rest_route=%2Fwp%2Fv2%2Fcategories&post=26773"},{"taxonomy":"post_tag","embeddable":true,"href":"https:\/\/www.sportingcanal.com\/index.php?rest_route=%2Fwp%2Fv2%2Ftags&post=26773"}],"curies":[{"name":"wp","href":"https:\/\/api.w.org\/{rel}","templated":true}]}}