{"id":2682,"date":"2025-06-15T08:00:00","date_gmt":"2025-06-15T07:00:00","guid":{"rendered":"http:\/\/www.sportingcanal.com\/?p=2682"},"modified":"2025-06-16T15:43:15","modified_gmt":"2025-06-16T14:43:15","slug":"fernando-mendes","status":"publish","type":"post","link":"https:\/\/www.sportingcanal.com\/?p=2682","title":{"rendered":"Fernando Mendes"},"content":{"rendered":"<p>Fernando Mamede Mendes nasceu a 15 de Junho de 1937 em Terrozelo &#8211; Seia. Apaixonado pelo Futebol desde tenra idade, foi aos 10 anos para Lisboa, onde entre os 11 e os 15 estudou na escola Veiga Beir\u00e3o, onde praticava Voleibol. Com os colegas, organizava, no entanto, campeonatos de Futebol no campo do Lisbonenses e j\u00e1 nessa altura era a \u201cestrela da companhia\u201d. O seu irm\u00e3o mais velho, Ant\u00f3nio, falou no Sporting (onde era junior) da grande habilidade de Fernando para o \u201cdesporto rei\u201d e n\u00e3o tardou muito para que ele fosse aceite em Alvalade &#8211; corria o ano de 1953.<\/p>\n<p>Estreou-se oficialmente (com o t\u00e9cnico Abel Picab\u00eaa) na equipa principal a 10 de Fevereiro de 1957 num Sporting-Atl\u00e9tico CP (3-0) para o Campeonato Nacional, iniciando a\u00ed um percurso de 12 \u00e9pocas no clube com presen\u00e7a em 225 jogos e 2 golos marcados. Conquistou uma Ta\u00e7a das Ta\u00e7as, 3 Campeonatos Nacionais e uma Ta\u00e7a de Portugal.<\/p>\n<p>Em 1958\/59 (com Enrique Fern\u00e1ndez e M\u00e1rio Imbelloni) assumiu a titularidade, e nessa mesma \u00e9poca, a 29 de Outubro frente ao Standard Li\u00e8ge (2-3 para a Ta\u00e7a dos Campe\u00f5es Europeus), marcou o 1\u00ba golo.<\/p>\n<p>A vit\u00f3ria na competi\u00e7\u00e3o europeia, em 1964, foi o seu maior marco de gl\u00f3ria, at\u00e9 porque capitaneava a equipa e foi totalista nessa verdadeira epopeia.<\/p>\n<p>Possu\u00eda verdadeiras qualidades de l\u00edder, a sua presen\u00e7a em campo sempre foi um valor acrescido para a equipa. Jogou no Sporting at\u00e9 67\/68, altura na qual muito fustigado por les\u00f5es e j\u00e1 sem o rendimento de outros tempos se transferiu para o Atl\u00e9tico CP. Fez o \u00faltimo jogo a 21 de Abril de 1968 frente ao Barreirense (3-0). Construiu uma carreira de grande notabilidade como m\u00e9dio direito, sendo 21 vezes internacional A.<\/p>\n<p>Mais tarde tornou-se treinador, e chegou a t\u00e9cnico principal da equipa do Sporting pela 1\u00aa vez \u00e0 11\u00aa jornada do Campeonato da temporada 1979\/80 em substitui\u00e7\u00e3o de Rodrigues Dias. A\u00ed mostrou boas capacidades, conseguindo formar um conjunto muito coeso e solid\u00e1rio que se viria a tornar Campe\u00e3o Nacional. A meio da \u00e9poca seguinte, e quando as coisas corriam mal, foi substitu\u00eddo. Andou ent\u00e3o pelas camadas jovens, mas voltaria como t\u00e9cnico principal em 1995\/96 e 2000\/01 (sempre como solu\u00e7\u00e3o interina de curto prazo), para al\u00e9m de ter sido adjunto do ingl\u00eas Keith Burkinshaw em 1987\/88.<\/p>\n<p>Para sempre ser\u00e1 algu\u00e9m muito respeitado no Sporting, em cujo departamento de Futebol assumiu variadas fun\u00e7\u00f5es.<\/p>\n<p>Morreu a 31 de Mar\u00e7o de 2016.<\/p>\n<table border=\"1\" width=\"442\" cellspacing=\"0\" cellpadding=\"0\">\n<tbody>\n<tr>\n<td colspan=\"9\" valign=\"top\" width=\"442\"><strong>FERNANDO MENDES como treinador do SPORTING<\/strong><\/td>\n<\/tr>\n<tr>\n<td valign=\"top\" width=\"73\">\u00c9POCA<\/td>\n<td valign=\"top\" width=\"38\">J<\/td>\n<td valign=\"top\" width=\"38\">V<\/td>\n<td valign=\"top\" width=\"38\">E<\/td>\n<td valign=\"top\" width=\"38\">D<\/td>\n<td valign=\"top\" width=\"42\">GM<\/td>\n<td valign=\"top\" width=\"42\">GS<\/td>\n<td valign=\"top\" width=\"68\">%<\/td>\n<td valign=\"top\" width=\"66\">T\u00cdTULOS<\/td>\n<\/tr>\n<tr>\n<td valign=\"top\" width=\"73\">1979\/80<\/td>\n<td valign=\"top\" width=\"38\">27<\/td>\n<td valign=\"top\" width=\"38\">21<\/td>\n<td valign=\"top\" width=\"38\">5<\/td>\n<td valign=\"top\" width=\"38\">1<\/td>\n<td valign=\"top\" width=\"42\">60<\/td>\n<td valign=\"top\" width=\"42\">13<\/td>\n<td valign=\"top\" width=\"68\">87%<\/td>\n<td valign=\"top\" width=\"66\">CN<\/td>\n<\/tr>\n<tr>\n<td valign=\"top\" width=\"73\">1980\/81<\/td>\n<td valign=\"top\" width=\"38\">17<\/td>\n<td valign=\"top\" width=\"38\">5<\/td>\n<td valign=\"top\" width=\"38\">6<\/td>\n<td valign=\"top\" width=\"38\">6<\/td>\n<td valign=\"top\" width=\"42\">25<\/td>\n<td valign=\"top\" width=\"42\">21<\/td>\n<td valign=\"top\" width=\"68\">47,1%<\/td>\n<td valign=\"top\" width=\"66\"><\/td>\n<\/tr>\n<tr>\n<td valign=\"top\" width=\"73\">1995\/96<\/td>\n<td valign=\"top\" width=\"38\">6<\/td>\n<td valign=\"top\" width=\"38\">2<\/td>\n<td valign=\"top\" width=\"38\">3<\/td>\n<td valign=\"top\" width=\"38\">1<\/td>\n<td valign=\"top\" width=\"42\">12<\/td>\n<td valign=\"top\" width=\"42\">7<\/td>\n<td valign=\"top\" width=\"68\">58,3%<\/td>\n<td valign=\"top\" width=\"66\"><\/td>\n<\/tr>\n<tr>\n<td valign=\"top\" width=\"73\">2000\/01<\/td>\n<td valign=\"top\" width=\"38\">7<\/td>\n<td valign=\"top\" width=\"38\">4<\/td>\n<td valign=\"top\" width=\"38\">2<\/td>\n<td valign=\"top\" width=\"38\">1<\/td>\n<td valign=\"top\" width=\"42\">14<\/td>\n<td valign=\"top\" width=\"42\">8<\/td>\n<td valign=\"top\" width=\"68\">71,4%<\/td>\n<td valign=\"top\" width=\"66\"><\/td>\n<\/tr>\n<tr>\n<td valign=\"top\" width=\"73\"><strong>TOTAL<\/strong><\/td>\n<td valign=\"top\" width=\"38\"><strong>57<\/strong><\/td>\n<td valign=\"top\" width=\"38\"><strong>32<\/strong><\/td>\n<td valign=\"top\" width=\"38\"><strong>16<\/strong><\/td>\n<td valign=\"top\" width=\"38\"><strong>9<\/strong><\/td>\n<td valign=\"top\" width=\"42\"><strong>111<\/strong><\/td>\n<td valign=\"top\" width=\"42\"><strong>49<\/strong><\/td>\n<td valign=\"top\" width=\"68\"><strong>70,2%<\/strong><\/td>\n<td valign=\"top\" width=\"66\"><strong>CN<\/strong><\/td>\n<\/tr>\n<\/tbody>\n<\/table>\n<div class=\"tweetthis\" style=\"text-align:left;\"><p> <a target=\"_blank\" rel=\"nofollow\" class=\"tt\" href=\"http:\/\/twitter.com\/home\/?status=Fernando+Mendes+https%3A%2F%2Fis.gd%2F6gIc1m\" title=\"Post to Twitter\"><img decoding=\"async\" class=\"nothumb\" src=\"http:\/\/www.sportingcanal.com\/wp-content\/plugins\/tweet-this\/icons\/en\/twitter\/tt-twitter6.png\" alt=\"Post to Twitter\" \/><\/a><\/p><\/div>","protected":false},"excerpt":{"rendered":"<p>Fernando Mamede Mendes nasceu a 15 de Junho de 1937 em Terrozelo &#8211; Seia. Apaixonado pelo Futebol desde tenra idade, foi aos 10 anos para Lisboa, onde entre os 11 e os 15 estudou na escola Veiga Beir\u00e3o, onde praticava Voleibol. Com os colegas, organizava, no entanto, campeonatos de Futebol no campo do Lisbonenses e [&hellip;]<\/p>\n","protected":false},"author":1,"featured_media":37992,"comment_status":"open","ping_status":"open","sticky":false,"template":"","format":"standard","meta":{"_et_pb_use_builder":"","_et_pb_old_content":"","_et_gb_content_width":"","footnotes":""},"categories":[13],"tags":[8,64,27],"_links":{"self":[{"href":"https:\/\/www.sportingcanal.com\/index.php?rest_route=\/wp\/v2\/posts\/2682"}],"collection":[{"href":"https:\/\/www.sportingcanal.com\/index.php?rest_route=\/wp\/v2\/posts"}],"about":[{"href":"https:\/\/www.sportingcanal.com\/index.php?rest_route=\/wp\/v2\/types\/post"}],"author":[{"embeddable":true,"href":"https:\/\/www.sportingcanal.com\/index.php?rest_route=\/wp\/v2\/users\/1"}],"replies":[{"embeddable":true,"href":"https:\/\/www.sportingcanal.com\/index.php?rest_route=%2Fwp%2Fv2%2Fcomments&post=2682"}],"version-history":[{"count":26,"href":"https:\/\/www.sportingcanal.com\/index.php?rest_route=\/wp\/v2\/posts\/2682\/revisions"}],"predecessor-version":[{"id":37993,"href":"https:\/\/www.sportingcanal.com\/index.php?rest_route=\/wp\/v2\/posts\/2682\/revisions\/37993"}],"wp:featuredmedia":[{"embeddable":true,"href":"https:\/\/www.sportingcanal.com\/index.php?rest_route=\/wp\/v2\/media\/37992"}],"wp:attachment":[{"href":"https:\/\/www.sportingcanal.com\/index.php?rest_route=%2Fwp%2Fv2%2Fmedia&parent=2682"}],"wp:term":[{"taxonomy":"category","embeddable":true,"href":"https:\/\/www.sportingcanal.com\/index.php?rest_route=%2Fwp%2Fv2%2Fcategories&post=2682"},{"taxonomy":"post_tag","embeddable":true,"href":"https:\/\/www.sportingcanal.com\/index.php?rest_route=%2Fwp%2Fv2%2Ftags&post=2682"}],"curies":[{"name":"wp","href":"https:\/\/api.w.org\/{rel}","templated":true}]}}