{"id":2690,"date":"2026-04-27T08:30:12","date_gmt":"2026-04-27T07:30:12","guid":{"rendered":"http:\/\/www.sportingcanal.com\/?p=2690"},"modified":"2026-04-28T11:31:33","modified_gmt":"2026-04-28T10:31:33","slug":"ana-marta-resendes","status":"publish","type":"post","link":"https:\/\/www.sportingcanal.com\/?p=2690","title":{"rendered":"Ana Marta Resendes"},"content":{"rendered":"<p>Ana Marta Resendes nasceu a 27 de Abril de 1980. Ingressou nas escolas de Nata\u00e7\u00e3o do Sporting com apenas 4 anos, nas velhas piscinas do Campo Grande.<\/p>\n<p>Fez toda a sua forma\u00e7\u00e3o como atleta no seu clube do cora\u00e7\u00e3o, construindo uma carreira repleta de \u00eaxitos pessoais e coletivos, representando um modelo de dedica\u00e7\u00e3o, compet\u00eancia e perseveran\u00e7a. A \u201cpulga\u201d, como era conhecida entre os companheiros, ficou como exemplo para todos os jovens nadadores que quiserem atingir n\u00e3o s\u00f3 patamares de presta\u00e7\u00e3o desportiva elevada como tamb\u00e9m realiza\u00e7\u00e3o e reconhecimento no seu trabalho di\u00e1rio honesto, alegre e dedicado.<\/p>\n<p>Em cerca de 10 anos ao mais alto n\u00edvel nunca referiu crises de motiva\u00e7\u00e3o nem se queixou de faltas de incentivo. Atingiu os resultados que atingiu com esfor\u00e7o, dedica\u00e7\u00e3o, devo\u00e7\u00e3o e talento.\u00a0Foi grande nos sucessos e enorme nos insucessos. Respeitadora de companheiros e advers\u00e1rios foi estimada por todos pela sua simplicidade, simpatia, humildade e solidariedade.<\/p>\n<p>L\u00edder incontestada e capit\u00e3 duma equipa que dominou a Nata\u00e7\u00e3o nacional de 2001 a 2005, e que alcan\u00e7ou na modalidade os primeiros t\u00edtulos coletivos para os le\u00f5es, Ana Marta Resendes abandonou a Nata\u00e7\u00e3o sportinguista por quest\u00f5es da sua vida profissional e pessoal, com a necessidade de abra\u00e7ar uma carreira na sua \u00e1rea de forma\u00e7\u00e3o acad\u00e9mica, saindo pela porta grande dum projeto onde teve um sucesso tremendo.<\/p>\n<p>Os seus momentos gloriosos foram muitos. Atleta de alta competi\u00e7\u00e3o, pr\u00e9-ol\u00edmpica em Sydney, com cerca de 20 internacionaliza\u00e7\u00f5es, alcan\u00e7ou quase duas dezenas de t\u00edtulos individuais, e os j\u00e1 referidos 5 t\u00edtulos nacionais coletivos.<br \/>\nNa Ta\u00e7a Cidade de Lisboa, em 2005, fez a sua \u00faltima presta\u00e7\u00e3o como nadadora leonina, tendo sido na altura merecedora duma just\u00edssima homenagem por parte do departamento de Nata\u00e7\u00e3o do Sporting cujo face mais vis\u00edvel era o seu treinador Carlos Cruchinho.<\/p>\n<div class=\"tweetthis\" style=\"text-align:left;\"><p> <a target=\"_blank\" rel=\"nofollow\" class=\"tt\" href=\"http:\/\/twitter.com\/home\/?status=Ana+Marta+Resendes+https%3A%2F%2Fis.gd%2Fw54hjm\" title=\"Post to Twitter\"><img decoding=\"async\" class=\"nothumb\" src=\"http:\/\/www.sportingcanal.com\/wp-content\/plugins\/tweet-this\/icons\/en\/twitter\/tt-twitter6.png\" alt=\"Post to Twitter\" \/><\/a><\/p><\/div>","protected":false},"excerpt":{"rendered":"<p>Ana Marta Resendes nasceu a 27 de Abril de 1980. Ingressou nas escolas de Nata\u00e7\u00e3o do Sporting com apenas 4 anos, nas velhas piscinas do Campo Grande. Fez toda a sua forma\u00e7\u00e3o como atleta no seu clube do cora\u00e7\u00e3o, construindo uma carreira repleta de \u00eaxitos pessoais e coletivos, representando um modelo de dedica\u00e7\u00e3o, compet\u00eancia e [&hellip;]<\/p>\n","protected":false},"author":1,"featured_media":4591,"comment_status":"open","ping_status":"open","sticky":false,"template":"","format":"standard","meta":{"_et_pb_use_builder":"","_et_pb_old_content":"","_et_gb_content_width":"","footnotes":""},"categories":[13],"tags":[336,33],"_links":{"self":[{"href":"https:\/\/www.sportingcanal.com\/index.php?rest_route=\/wp\/v2\/posts\/2690"}],"collection":[{"href":"https:\/\/www.sportingcanal.com\/index.php?rest_route=\/wp\/v2\/posts"}],"about":[{"href":"https:\/\/www.sportingcanal.com\/index.php?rest_route=\/wp\/v2\/types\/post"}],"author":[{"embeddable":true,"href":"https:\/\/www.sportingcanal.com\/index.php?rest_route=\/wp\/v2\/users\/1"}],"replies":[{"embeddable":true,"href":"https:\/\/www.sportingcanal.com\/index.php?rest_route=%2Fwp%2Fv2%2Fcomments&post=2690"}],"version-history":[{"count":27,"href":"https:\/\/www.sportingcanal.com\/index.php?rest_route=\/wp\/v2\/posts\/2690\/revisions"}],"predecessor-version":[{"id":40059,"href":"https:\/\/www.sportingcanal.com\/index.php?rest_route=\/wp\/v2\/posts\/2690\/revisions\/40059"}],"wp:featuredmedia":[{"embeddable":true,"href":"https:\/\/www.sportingcanal.com\/index.php?rest_route=\/wp\/v2\/media\/4591"}],"wp:attachment":[{"href":"https:\/\/www.sportingcanal.com\/index.php?rest_route=%2Fwp%2Fv2%2Fmedia&parent=2690"}],"wp:term":[{"taxonomy":"category","embeddable":true,"href":"https:\/\/www.sportingcanal.com\/index.php?rest_route=%2Fwp%2Fv2%2Fcategories&post=2690"},{"taxonomy":"post_tag","embeddable":true,"href":"https:\/\/www.sportingcanal.com\/index.php?rest_route=%2Fwp%2Fv2%2Ftags&post=2690"}],"curies":[{"name":"wp","href":"https:\/\/api.w.org\/{rel}","templated":true}]}}