{"id":2698,"date":"2025-11-22T09:01:54","date_gmt":"2025-11-22T08:01:54","guid":{"rendered":"http:\/\/www.sportingcanal.com\/?p=2698"},"modified":"2025-11-22T12:52:47","modified_gmt":"2025-11-22T11:52:47","slug":"dionisio-castro","status":"publish","type":"post","link":"https:\/\/www.sportingcanal.com\/?p=2698","title":{"rendered":"Dion\u00edsio Castro"},"content":{"rendered":"<p>Dion\u00edsio da Silva Castro nasceu a 22 de Novembro de 1963 em Ferment\u00f5es &#8211; Guimar\u00e3es. Tal como Domingos, o seu irm\u00e3o g\u00e9meo, deu os primeiros passos no Atletismo ao servi\u00e7o do Lameirinho. Em 1984 passou para a equipa da Grundig e no ano seguinte ingressou no Sporting trazido por Moniz Pereira, que assim o juntou ao irm\u00e3o.<\/p>\n<p>Deparou-se desde o in\u00edcio da sua estada em Alvalade com o problema de n\u00e3o ser t\u00e3o talentoso como Domingos, mas manteve sempre uma excelente rela\u00e7\u00e3o com o irm\u00e3o, aproveitando todas as oportunidades (e foram muitas) para se afirmar como um atleta de elei\u00e7\u00e3o, dos melhores que alguma vez passou pelo Sporting.<\/p>\n<p>Ajudou a turma leonina a conquistar 7 t\u00edtulos de Campe\u00e3o Europeu de Crosse, chegando inclusivamente \u00e0 vit\u00f3ria individual em 1990 e a\u00ed as suas afirma\u00e7\u00f5es foram elucidativas: \u201c\u00c9 uma vit\u00f3ria com um significado muito especial. Tenho sido marginalizado porque tenho ficado sempre em 2\u00ba lugar, s\u00f3 que sempre atr\u00e1s de um dos melhores atletas do mundo. Provei aqui que tenho muito valor. Com esta vit\u00f3ria tenho de perder os meus complexos de inferioridade, e ver o Domingos mais como advers\u00e1rio que como irm\u00e3o.\u201d<\/p>\n<p>Nesse mesmo ano,a 31 de Mar\u00e7o, atingiu um dos pontos m\u00e1ximos da sua carreira ao bater o recorde do mundo dos 20.000 metros em pista, com 57m18,4s, ficando, na mesma prova, a 1 metro do recorde do mundo da hora&#8230; Acrescente-se que Dion\u00edsio Castro foi convidado para a corrida para servir de &#8220;lebre&#8221; (at\u00e9 aos 15kms), s\u00f3 que o sportinguista prosseguiu em prova, aos 18kms isolou-se e nunca mais ningu\u00e9m o apanhou!\u00a0O m\u00e1ximo mundial de Dion\u00edsio s\u00f3 durou 1 ano, mas em termos europeus foi por v\u00e1rios anos recorde. Ainda em 1990, nos Europeus de Split, falhou a medalha com a meta \u00e0 vista e por 48 cent\u00e9simos de segundo&#8230; Esteve presente em 2 Jogos Ol\u00edmpicos, 3 Campeonatos do Mundo e 2 Campeonatos da Europa.<\/p>\n<p>A n\u00edvel nacional conquistou 2 t\u00edtulos nacionais de Crosse, em 1987 e 1991. Neste mesmo ano foi campe\u00e3o ib\u00e9rico dos 10.000 metros, tendo alcan\u00e7ado ainda 1 t\u00edtulo nacional nos 5.000 metros dos campeonatos individuais (1990), e triunfado nos 10.000 metros da Ta\u00e7a dos Campe\u00f5es de pista em 1988. \u00a0Abandonou o Sporting em 1998, ingressando na equipa do P\u00e3o de A\u00e7\u00facar Brasil. Em 1999 acabou a carreira devido a uma les\u00e3o.<\/p>\n<p>Continua ligado ao desporto, tal como o seu irm\u00e3o, numa empresa que se dedica a eventos desportivos e representa\u00e7\u00e3o de desportistas.<\/p>\n<div class=\"tweetthis\" style=\"text-align:left;\"><p> <a target=\"_blank\" rel=\"nofollow\" class=\"tt\" href=\"http:\/\/twitter.com\/home\/?status=Dion%C3%ADsio+Castro+https%3A%2F%2Fis.gd%2FmkQZ3I\" title=\"Post to Twitter\"><img decoding=\"async\" class=\"nothumb\" src=\"http:\/\/www.sportingcanal.com\/wp-content\/plugins\/tweet-this\/icons\/en\/twitter\/tt-twitter6.png\" alt=\"Post to Twitter\" \/><\/a><\/p><\/div>","protected":false},"excerpt":{"rendered":"<p>Dion\u00edsio da Silva Castro nasceu a 22 de Novembro de 1963 em Ferment\u00f5es &#8211; Guimar\u00e3es. Tal como Domingos, o seu irm\u00e3o g\u00e9meo, deu os primeiros passos no Atletismo ao servi\u00e7o do Lameirinho. Em 1984 passou para a equipa da Grundig e no ano seguinte ingressou no Sporting trazido por Moniz Pereira, que assim o juntou [&hellip;]<\/p>\n","protected":false},"author":1,"featured_media":2699,"comment_status":"open","ping_status":"open","sticky":false,"template":"","format":"standard","meta":{"_et_pb_use_builder":"","_et_pb_old_content":"","_et_gb_content_width":"","footnotes":""},"categories":[13],"tags":[21,48],"_links":{"self":[{"href":"https:\/\/www.sportingcanal.com\/index.php?rest_route=\/wp\/v2\/posts\/2698"}],"collection":[{"href":"https:\/\/www.sportingcanal.com\/index.php?rest_route=\/wp\/v2\/posts"}],"about":[{"href":"https:\/\/www.sportingcanal.com\/index.php?rest_route=\/wp\/v2\/types\/post"}],"author":[{"embeddable":true,"href":"https:\/\/www.sportingcanal.com\/index.php?rest_route=\/wp\/v2\/users\/1"}],"replies":[{"embeddable":true,"href":"https:\/\/www.sportingcanal.com\/index.php?rest_route=%2Fwp%2Fv2%2Fcomments&post=2698"}],"version-history":[{"count":24,"href":"https:\/\/www.sportingcanal.com\/index.php?rest_route=\/wp\/v2\/posts\/2698\/revisions"}],"predecessor-version":[{"id":39295,"href":"https:\/\/www.sportingcanal.com\/index.php?rest_route=\/wp\/v2\/posts\/2698\/revisions\/39295"}],"wp:featuredmedia":[{"embeddable":true,"href":"https:\/\/www.sportingcanal.com\/index.php?rest_route=\/wp\/v2\/media\/2699"}],"wp:attachment":[{"href":"https:\/\/www.sportingcanal.com\/index.php?rest_route=%2Fwp%2Fv2%2Fmedia&parent=2698"}],"wp:term":[{"taxonomy":"category","embeddable":true,"href":"https:\/\/www.sportingcanal.com\/index.php?rest_route=%2Fwp%2Fv2%2Fcategories&post=2698"},{"taxonomy":"post_tag","embeddable":true,"href":"https:\/\/www.sportingcanal.com\/index.php?rest_route=%2Fwp%2Fv2%2Ftags&post=2698"}],"curies":[{"name":"wp","href":"https:\/\/api.w.org\/{rel}","templated":true}]}}