{"id":27030,"date":"2025-08-28T08:00:13","date_gmt":"2025-08-28T07:00:13","guid":{"rendered":"http:\/\/www.sportingcanal.com\/?p=27030"},"modified":"2025-08-28T20:36:57","modified_gmt":"2025-08-28T19:36:57","slug":"angelo-girao-posicionamento-rapidez-e-um-dom-para-as-bolas-paradas","status":"publish","type":"post","link":"https:\/\/www.sportingcanal.com\/?p=27030","title":{"rendered":"\u00c2ngelo Gir\u00e3o \u2013 Posicionamento, rapidez e um dom para as bolas paradas"},"content":{"rendered":"<p><img loading=\"lazy\" decoding=\"async\" class=\"alignleft size-full wp-image-27031\" title=\"h\u00f3quei em patins - angelo gir\u00e3o\" src=\"http:\/\/www.sportingcanal.com\/wp-content\/uploads\/2018\/10\/h\u00f3quei-em-patins-angelo-gir\u00e3o.png\" alt=\"\" width=\"300\" height=\"300\" srcset=\"https:\/\/www.sportingcanal.com\/wp-content\/uploads\/2018\/10\/h\u00f3quei-em-patins-angelo-gir\u00e3o.png 300w, https:\/\/www.sportingcanal.com\/wp-content\/uploads\/2018\/10\/h\u00f3quei-em-patins-angelo-gir\u00e3o-150x150.png 150w\" sizes=\"(max-width: 300px) 100vw, 300px\" \/>\u00c2ngelo Andr\u00e9 Ferreira Gir\u00e3o nasceu a 28 de Agosto de 1989 no Porto. Come\u00e7ou a praticar H\u00f3quei em Patins a n\u00edvel federado muito menino, nos escal\u00f5es de forma\u00e7\u00e3o do Estrela Vigorosa Sport (1996\/97), passando depois pelo FC Porto (1997\/98 a 2006\/07) e Gulpilhares (2007\/08).<\/p>\n<p>Na Acad\u00e9mica de Espinho fez o seu primeiro ano como s\u00e9nior, subindo nessa mesma temporada \u00e0 1\u00aa divis\u00e3o. Saiu dos espinhenses para Valongo em 2012, ficando duas \u00e9pocas no clube verde rubro (em 2014 foi campe\u00e3o nacional) at\u00e9 chegar ao Sporting CP, onde ficou at\u00e9 2025.<\/p>\n<p>O seu 1\u00ba t\u00edtulo internacional de clubes foi j\u00e1 no Sporting, com a conquista da Ta\u00e7a CERS em 2015. A\u00ed foi figura em grande destaque, defendendo 3 penaltis no desempate na final frente ao R\u00e9us. A n\u00edvel nacional j\u00e1 conquistou v\u00e1rios t\u00edtulos de verde e branco \u2013 Superta\u00e7a em 2015, Elite Cup em 2016 e 2018 e o Campeonato Nacional em 2018 (30 anos depois!). Em 2019 sagrou-se campe\u00e3o europeu de verde e branco, depois triunfou na Ta\u00e7a Continental e no mesmo ano foi campe\u00e3o do mundo de sele\u00e7\u00f5es como a grande figura da equipa portuguesa! Em 2021 voltou a ser campe\u00e3o nacional e campe\u00e3o europeu pelo Sporting CP. Em 2024 repetiu o t\u00edtulo europeu de verde e branco!<\/p>\n<p>Em 11 temporadas ao servi\u00e7o do Sportong conquistou 2 Ta\u00e7as Continentais, 3 Ligas Europeias, 1 Ta\u00e7a CERS, 2 Campeonatos Nacionais, 1 Ta\u00e7a de Portugal e 1 Superta\u00e7a!<\/p>\n<p>Na baliza, o posicionamento e a velocidade de movimentos s\u00e3o os seus pontos fortes. Especialista na defesa de bolas paradas, \u00e9 claramente um atleta com um grande esp\u00edrito de sacrif\u00edcio, o que lhe trouxe resultados assinal\u00e1veis em termos de performance.<\/p>\n<p>Passou pelas equipas nacionais de juvenis e juniores onde venceu 2 Campeonatos da Europa &#8211; juvenis em 2005 e juniores em 2008, tendo triunfado ainda nesse ano na Ta\u00e7a Latina em sub-23. Estreou-se pela selec\u00e7\u00e3o principal em 2009, ano em que conquistou o Torneio das Na\u00e7\u00f5es, prova que viria igualmente a vencer em 2013 e 2015. Em 2016 foi campe\u00e3o europeu pela nossa Sele\u00e7\u00e3o. Foi 122 internacional A.<\/p>\n<p>No dia 1 de Julho de 2015 recebeu o pr\u00e9mio\u00a0Le\u00f5es Honoris Sporting\u00a0na categoria Atleta Masculino do Ano, durante a II Gala Honoris Sporting.<\/p>\n<p>Foi distinguido com o\u00a0Pr\u00e9mio Stromp\u00a0na categoria Europeu em 2016 e na categoria Mundial em 2017.<\/p>\n<p>No dia 10 de Junho de 2025 realizou o seu \u00faltimo jogo no Pavilh\u00e3o Jo\u00e3o Rocha, no jogo 5 da meia-final do Campeonato Nacional frente ao FC Porto (4-4, derrota por penaltis).<\/p>\n<div class=\"tweetthis\" style=\"text-align:left;\"><p> <a target=\"_blank\" rel=\"nofollow\" class=\"tt\" href=\"http:\/\/twitter.com\/home\/?status=%C3%82ngelo+Gir%C3%A3o+%E2%80%93+Posicionamento%2C+rapidez+e+um+dom+para+as+bolas+paradas+https%3A%2F%2Fis.gd%2FjHqmR7\" title=\"Post to Twitter\"><img decoding=\"async\" class=\"nothumb\" src=\"http:\/\/www.sportingcanal.com\/wp-content\/plugins\/tweet-this\/icons\/en\/twitter\/tt-twitter6.png\" alt=\"Post to Twitter\" \/><\/a><\/p><\/div>","protected":false},"excerpt":{"rendered":"<p>\u00c2ngelo Andr\u00e9 Ferreira Gir\u00e3o nasceu a 28 de Agosto de 1989 no Porto. Come\u00e7ou a praticar H\u00f3quei em Patins a n\u00edvel federado muito menino, nos escal\u00f5es de forma\u00e7\u00e3o do Estrela Vigorosa Sport (1996\/97), passando depois pelo FC Porto (1997\/98 a 2006\/07) e Gulpilhares (2007\/08). Na Acad\u00e9mica de Espinho fez o seu primeiro ano como s\u00e9nior, [&hellip;]<\/p>\n","protected":false},"author":1,"featured_media":38615,"comment_status":"open","ping_status":"closed","sticky":false,"template":"","format":"standard","meta":{"_et_pb_use_builder":"","_et_pb_old_content":"","_et_gb_content_width":"","footnotes":""},"categories":[63],"tags":[52,14],"_links":{"self":[{"href":"https:\/\/www.sportingcanal.com\/index.php?rest_route=\/wp\/v2\/posts\/27030"}],"collection":[{"href":"https:\/\/www.sportingcanal.com\/index.php?rest_route=\/wp\/v2\/posts"}],"about":[{"href":"https:\/\/www.sportingcanal.com\/index.php?rest_route=\/wp\/v2\/types\/post"}],"author":[{"embeddable":true,"href":"https:\/\/www.sportingcanal.com\/index.php?rest_route=\/wp\/v2\/users\/1"}],"replies":[{"embeddable":true,"href":"https:\/\/www.sportingcanal.com\/index.php?rest_route=%2Fwp%2Fv2%2Fcomments&post=27030"}],"version-history":[{"count":15,"href":"https:\/\/www.sportingcanal.com\/index.php?rest_route=\/wp\/v2\/posts\/27030\/revisions"}],"predecessor-version":[{"id":40177,"href":"https:\/\/www.sportingcanal.com\/index.php?rest_route=\/wp\/v2\/posts\/27030\/revisions\/40177"}],"wp:featuredmedia":[{"embeddable":true,"href":"https:\/\/www.sportingcanal.com\/index.php?rest_route=\/wp\/v2\/media\/38615"}],"wp:attachment":[{"href":"https:\/\/www.sportingcanal.com\/index.php?rest_route=%2Fwp%2Fv2%2Fmedia&parent=27030"}],"wp:term":[{"taxonomy":"category","embeddable":true,"href":"https:\/\/www.sportingcanal.com\/index.php?rest_route=%2Fwp%2Fv2%2Fcategories&post=27030"},{"taxonomy":"post_tag","embeddable":true,"href":"https:\/\/www.sportingcanal.com\/index.php?rest_route=%2Fwp%2Fv2%2Ftags&post=27030"}],"curies":[{"name":"wp","href":"https:\/\/api.w.org\/{rel}","templated":true}]}}