{"id":2704,"date":"2025-05-15T08:00:29","date_gmt":"2025-05-15T07:00:29","guid":{"rendered":"http:\/\/www.sportingcanal.com\/?p=2704"},"modified":"2025-05-15T09:35:31","modified_gmt":"2025-05-15T08:35:31","slug":"carlos-silva","status":"publish","type":"post","link":"https:\/\/www.sportingcanal.com\/?p=2704","title":{"rendered":"Carlos Silva"},"content":{"rendered":"<p>Nasceu a 15 de Maio de 1951 em Lisboa. Praticou Gin\u00e1stica no Sporting dos 3 aos 11 anos. Tentou iniciar-se no Andebol no &#8220;clube do seu cora\u00e7\u00e3o&#8221; com 16 anos, mas disseram-lhe que o escal\u00e3o era destinado apenas a filhos de dirigentes(!) pelo que rumou ao Encarna\u00e7\u00e3o. No ano seguinte j\u00e1 o Sporting o tentava recuperar, mas o pai n\u00e3o deixou pelo fato de o terem mal tratado no ano anterior. 1 ano depois, finalmente, o apelo sportinguista foi mais forte e chegou (em boa hora) a Alvalade.<\/p>\n<p>Esteve presente em 3 dos 5 hist\u00f3ricos t\u00edtulos nacionais consecutivos que os le\u00f5es conquistaram entre 1969 e 1973. Depois de vencer 3 Campeonatos Nacionais e 3 Ta\u00e7as de Portugal de &#8220;le\u00e3o ao peito&#8221; passou 1 ano pelo Benfica &#8211; e segue-se o motivo pelo qual rumou ao rival:\u00a0Naquela altura\u00a0era comum os clubes arranjarem bons empregos aos atletas. No entanto Carlos Silva via os colegas serem colocados em bancos e escrit\u00f3rios de empresas e para ele&#8230; nada. Ficou magoado e ent\u00e3o decidiu permanecer a trabalhar no Instituto Nacional de Estat\u00edstica e continuar a jogar Andebol num clube mais modesto como o Encarna\u00e7\u00e3o ou Campo de Ourique. No entanto esse era ano de Mundial, em Lisboa, e\u00a0a Federa\u00e7\u00e3o n\u00e3o queria que o\u00a0guarda-redes da Sele\u00e7\u00e3o jogasse na 2\u00aa divis\u00e3o pelo que o pressionou a aceitar o convite do Benfica&#8230;<\/p>\n<p>Esteve depois 1 ano no Belenenses para regressar ao Sporting em 1978\/79 (rejeitando para isso uma proposta do Atl\u00e9tico de Madrid). A partir da\u00ed ganhou mais 5 Campeonatos Nacionais e 4 Ta\u00e7as de Portugal em Alvalade, tendo terminado a sua carreira com 40 anos no Clube TAP. Foi 5 vezes internacional esperan\u00e7a e 97 vezes internacional A (chegou tamb\u00e9m a ser treinador dos guarda-redes da Sele\u00e7\u00e3o), e em 25 anos de carreira nunca sofreu qualquer puni\u00e7\u00e3o disciplinar!<\/p>\n<p>Como jogador esteve 20 anos no Sporting (onde foi capit\u00e3o ap\u00f3s a sa\u00edda de Manuel Brito), tendo vencido no total 8 Campeonatos Nacionais e 7 Ta\u00e7as de Portugal &#8211; n\u00fameros verdadeiramente impressionantes. Era claramente \u201cgordo\u201d para os padr\u00f5es normais de um desportista, mas compensava esse \u201chandicap\u201d com agilidade e reflexos extraordin\u00e1rios.<\/p>\n<p>Obteve louvores da Federa\u00e7\u00e3o Portuguesa de Andebol em 1973 e 1976 e do Minist\u00e9rio da Educa\u00e7\u00e3o em 1986. Em 1992 recebeu do Governo a Medalha de M\u00e9rito Desportivo. Passou anos mais tarde pela equipa t\u00e9cnica leonina na companhia de outro &#8220;hist\u00f3rico&#8221; &#8211; Lu\u00eds Hernani, tendo ganho uma Superta\u00e7a em 1998.<\/p>\n<p>Um belo dia, quando lhe pediram para descrever o que era para si o Sporting, respondeu com a express\u00e3o \u201cAmor de Perdi\u00e7\u00e3o\u201d, afirmando que nasceu sportinguista e assim haveria de morrer.<\/p>\n<p>Nota: A elabora\u00e7\u00e3o deste texto teve a preciosa colabora\u00e7\u00e3o de Hugo Malcato.<\/p>\n<div class=\"tweetthis\" style=\"text-align:left;\"><p> <a target=\"_blank\" rel=\"nofollow\" class=\"tt\" href=\"http:\/\/twitter.com\/home\/?status=Carlos+Silva+https%3A%2F%2Fis.gd%2FIQplfD\" title=\"Post to Twitter\"><img decoding=\"async\" class=\"nothumb\" src=\"http:\/\/www.sportingcanal.com\/wp-content\/plugins\/tweet-this\/icons\/en\/twitter\/tt-twitter6.png\" alt=\"Post to Twitter\" \/><\/a><\/p><\/div>","protected":false},"excerpt":{"rendered":"<p>Nasceu a 15 de Maio de 1951 em Lisboa. Praticou Gin\u00e1stica no Sporting dos 3 aos 11 anos. Tentou iniciar-se no Andebol no &#8220;clube do seu cora\u00e7\u00e3o&#8221; com 16 anos, mas disseram-lhe que o escal\u00e3o era destinado apenas a filhos de dirigentes(!) pelo que rumou ao Encarna\u00e7\u00e3o. No ano seguinte j\u00e1 o Sporting o tentava [&hellip;]<\/p>\n","protected":false},"author":1,"featured_media":37596,"comment_status":"open","ping_status":"open","sticky":false,"template":"","format":"standard","meta":{"_et_pb_use_builder":"","_et_pb_old_content":"","_et_gb_content_width":"","footnotes":""},"categories":[13],"tags":[19,52],"_links":{"self":[{"href":"https:\/\/www.sportingcanal.com\/index.php?rest_route=\/wp\/v2\/posts\/2704"}],"collection":[{"href":"https:\/\/www.sportingcanal.com\/index.php?rest_route=\/wp\/v2\/posts"}],"about":[{"href":"https:\/\/www.sportingcanal.com\/index.php?rest_route=\/wp\/v2\/types\/post"}],"author":[{"embeddable":true,"href":"https:\/\/www.sportingcanal.com\/index.php?rest_route=\/wp\/v2\/users\/1"}],"replies":[{"embeddable":true,"href":"https:\/\/www.sportingcanal.com\/index.php?rest_route=%2Fwp%2Fv2%2Fcomments&post=2704"}],"version-history":[{"count":31,"href":"https:\/\/www.sportingcanal.com\/index.php?rest_route=\/wp\/v2\/posts\/2704\/revisions"}],"predecessor-version":[{"id":37597,"href":"https:\/\/www.sportingcanal.com\/index.php?rest_route=\/wp\/v2\/posts\/2704\/revisions\/37597"}],"wp:featuredmedia":[{"embeddable":true,"href":"https:\/\/www.sportingcanal.com\/index.php?rest_route=\/wp\/v2\/media\/37596"}],"wp:attachment":[{"href":"https:\/\/www.sportingcanal.com\/index.php?rest_route=%2Fwp%2Fv2%2Fmedia&parent=2704"}],"wp:term":[{"taxonomy":"category","embeddable":true,"href":"https:\/\/www.sportingcanal.com\/index.php?rest_route=%2Fwp%2Fv2%2Fcategories&post=2704"},{"taxonomy":"post_tag","embeddable":true,"href":"https:\/\/www.sportingcanal.com\/index.php?rest_route=%2Fwp%2Fv2%2Ftags&post=2704"}],"curies":[{"name":"wp","href":"https:\/\/api.w.org\/{rel}","templated":true}]}}