{"id":2712,"date":"2025-11-21T08:00:13","date_gmt":"2025-11-21T07:00:13","guid":{"rendered":"http:\/\/www.sportingcanal.com\/?p=2712"},"modified":"2025-11-21T16:14:40","modified_gmt":"2025-11-21T15:14:40","slug":"venancio","status":"publish","type":"post","link":"https:\/\/www.sportingcanal.com\/?p=2712","title":{"rendered":"Ven\u00e2ncio"},"content":{"rendered":"<p>Pedro Manuel Regateiro Ven\u00e2ncio nasceu a 21 de Novembro de 1963 em Set\u00fabal. Foi no Vit\u00f3ria que come\u00e7ou a jogar futebol, mas ainda j\u00fanior chegou ao Sporting.<\/p>\n<p>Estreou-se oficialmente a 22 de Agosto de 1982 (com o t\u00e9cnico Ant\u00f3nio Oliveira) num Sporting-Mar\u00edtimo (1-0) para a 1\u00aa jornada do Campeonato Nacional. Logo nessa 1\u00aa temporada assumiu-se como grande promessa sportinguista e do futebol portugu\u00eas (20 presen\u00e7as) e n\u00e3o viria a dececionar.<\/p>\n<p>Na temporada seguinte voltou a jogar com alguma regularidade, mas foi com John Toshack, em 1984\/85, que se come\u00e7ou a tornar uma refer\u00eancia no setor defensivo do Sporting (24 jogos e 5 golos). Marcou o 1\u00ba golo em partidas oficiais a 26 de Agosto de 1984 numa rece\u00e7\u00e3o ao Vit\u00f3ria de Guimar\u00e3es (3-0) para o Campeonato.<\/p>\n<p>Os t\u00e9cnicos foram passando por Alvalade, os parceiros de setor tamb\u00e9m, mas Ven\u00e2ncio mantinha ano ap\u00f3s ano o seu posto como central de marca\u00e7\u00e3o no \u201conze\u201d leonino. Praticamente, s\u00f3 por les\u00e3o n\u00e3o alinhava, e a verdade \u00e9 que neste particular n\u00e3o se pode dizer que fosse um homem de sorte (somou 6 opera\u00e7\u00f5es aos joelhos devido a um problema cong\u00e9nito tardiamente detetado).<\/p>\n<p>Marcou o seu \u00faltimo golo pelos le\u00f5es em Penafiel, a 26 de Agosto de 1990 num triunfo por 5-2. A sua \u00e9poca derradeira na equipa sportinguista foi a de 1991\/92 (com Marinho Peres e Ant\u00f3nio Dominguez) e mesmo nessa altura era habitualmente titular. Jogou pela \u00faltima vez a 3 de Maio de 1992 na Madeira frente ao Mar\u00edtimo (0-1).<\/p>\n<p>Totalizou 10 \u00e9pocas nas equipa principal do Sporting tendo realizado 268 jogos e marcado 14 golos. Ganhou duas Superta\u00e7as. Deixou a imagem dum excelente defesa central, muito forte no jogo de cabe\u00e7a e na marca\u00e7\u00e3o. Para al\u00e9m disso tinha alguma facilidade em fazer golos. Foi capit\u00e3o de equipa em in\u00fameras ocasi\u00f5es.<\/p>\n<p>Em 1987 ganhou o Pr\u00e9mio Stromp na categoria Atleta Profissional.<\/p>\n<p>Ap\u00f3s a sa\u00edda de Alvalade ainda fez duas \u00e9pocas no Boavista. Acabada a carreira de futebolista (com 21 internacionaliza\u00e7\u00f5es A), regressou ao Sporting para treinador dos juvenis e depois para fazer parte das equipas t\u00e9cnicas de Mirko Jozic, Giuseppe Materazzi e Augusto In\u00e1cio. Na temporada 2013\/14 assumiu o comando t\u00e9cnico do escal\u00e3o de Iniciados do clube leonino (foi campe\u00e3o nacional de 2015). Em 2018 regressou para treinar os juniores.<\/p>\n<div class=\"tweetthis\" style=\"text-align:left;\"><p> <a target=\"_blank\" rel=\"nofollow\" class=\"tt\" href=\"http:\/\/twitter.com\/home\/?status=Ven%C3%A2ncio+https%3A%2F%2Fis.gd%2FNTZmKi\" title=\"Post to Twitter\"><img decoding=\"async\" class=\"nothumb\" src=\"http:\/\/www.sportingcanal.com\/wp-content\/plugins\/tweet-this\/icons\/en\/twitter\/tt-twitter6.png\" alt=\"Post to Twitter\" \/><\/a><\/p><\/div>","protected":false},"excerpt":{"rendered":"<p>Pedro Manuel Regateiro Ven\u00e2ncio nasceu a 21 de Novembro de 1963 em Set\u00fabal. Foi no Vit\u00f3ria que come\u00e7ou a jogar futebol, mas ainda j\u00fanior chegou ao Sporting. Estreou-se oficialmente a 22 de Agosto de 1982 (com o t\u00e9cnico Ant\u00f3nio Oliveira) num Sporting-Mar\u00edtimo (1-0) para a 1\u00aa jornada do Campeonato Nacional. Logo nessa 1\u00aa temporada assumiu-se [&hellip;]<\/p>\n","protected":false},"author":1,"featured_media":39285,"comment_status":"open","ping_status":"open","sticky":false,"template":"","format":"standard","meta":{"_et_pb_use_builder":"","_et_pb_old_content":"","_et_gb_content_width":"","footnotes":""},"categories":[13],"tags":[65,8],"_links":{"self":[{"href":"https:\/\/www.sportingcanal.com\/index.php?rest_route=\/wp\/v2\/posts\/2712"}],"collection":[{"href":"https:\/\/www.sportingcanal.com\/index.php?rest_route=\/wp\/v2\/posts"}],"about":[{"href":"https:\/\/www.sportingcanal.com\/index.php?rest_route=\/wp\/v2\/types\/post"}],"author":[{"embeddable":true,"href":"https:\/\/www.sportingcanal.com\/index.php?rest_route=\/wp\/v2\/users\/1"}],"replies":[{"embeddable":true,"href":"https:\/\/www.sportingcanal.com\/index.php?rest_route=%2Fwp%2Fv2%2Fcomments&post=2712"}],"version-history":[{"count":23,"href":"https:\/\/www.sportingcanal.com\/index.php?rest_route=\/wp\/v2\/posts\/2712\/revisions"}],"predecessor-version":[{"id":39286,"href":"https:\/\/www.sportingcanal.com\/index.php?rest_route=\/wp\/v2\/posts\/2712\/revisions\/39286"}],"wp:featuredmedia":[{"embeddable":true,"href":"https:\/\/www.sportingcanal.com\/index.php?rest_route=\/wp\/v2\/media\/39285"}],"wp:attachment":[{"href":"https:\/\/www.sportingcanal.com\/index.php?rest_route=%2Fwp%2Fv2%2Fmedia&parent=2712"}],"wp:term":[{"taxonomy":"category","embeddable":true,"href":"https:\/\/www.sportingcanal.com\/index.php?rest_route=%2Fwp%2Fv2%2Fcategories&post=2712"},{"taxonomy":"post_tag","embeddable":true,"href":"https:\/\/www.sportingcanal.com\/index.php?rest_route=%2Fwp%2Fv2%2Ftags&post=2712"}],"curies":[{"name":"wp","href":"https:\/\/api.w.org\/{rel}","templated":true}]}}