{"id":2717,"date":"2025-08-10T10:00:12","date_gmt":"2025-08-10T09:00:12","guid":{"rendered":"http:\/\/www.sportingcanal.com\/?p=2717"},"modified":"2025-08-10T22:30:58","modified_gmt":"2025-08-10T21:30:58","slug":"lito-medio-ofensivo-de-muito-bom-nivel","status":"publish","type":"post","link":"https:\/\/www.sportingcanal.com\/?p=2717","title":{"rendered":"Lito \u2013 M\u00e9dio ofensivo de bom n\u00edvel"},"content":{"rendered":"<p>Jos\u00e9 Elden de Ara\u00fajo Lobo J\u00fanior nasceu a 10 de Agosto de 1956 em Luanda \u2013 Angola. Come\u00e7ou bem cedo a mostrar qualidades com internacionaliza\u00e7\u00f5es nos escal\u00f5es jovens portugueses. &#8211; estava na altura no Vit\u00f3ria de Set\u00fabal, clube pelo qual subiu a s\u00e9nior.<\/p>\n<p>Ap\u00f3s 3 anos no Bonfim foi para Braga onde realizou duas magn\u00edficas temporadas despertando interesse dos principais clubes portugueses. Em 1979 o Sporting contratou-o aos bracarenses mas emprestou-o aos brasileiros do Vasco da Gama. S\u00f3 no final desse ano civil chegou a Alvalade.<\/p>\n<p>Estreou-se oficialmente a 13 de Janeiro de 1980 no terreno do Nazarenos para a Ta\u00e7a de Portugal (1-1) e marcou o 1\u00ba golo frente ao mesmo advers\u00e1rio (no jogo de desempate) a 30 de Janeiro (3-0). Fernando Mendes utilizou-o com assiduidade nessa 2\u00aa metade da temporada 1979\/80 na qual deu o seu contributo para a conquista do t\u00edtulo.<\/p>\n<p>A \u00e9poca seguinte n\u00e3o foi feliz a n\u00edvel coletivo mas o angolano voltou a ser bastante utilizado, normalmente sobre a ala direita do meio-campo, posi\u00e7\u00e3o onde mais se destacava. Em 1981\/82, com Malcolm Allison, o Campeonato regressou a Alvalade. Sem ser sempre titular, Lito voltou a deixar a sua marca com 18 presen\u00e7as e 2 golos.<\/p>\n<p>1982\/83, sob o comando de Ant\u00f3nio Oliveira, foi a sua temporada mais consistente. Com 41 presen\u00e7as foi o futebolista mais utilizado do plantel, tendo apontado 11 golos (o seu melhor registo de sempre no Sporting). Ganhou a Superta\u00e7a, contribuindo com 1 golo no jogo decisivo. Nessa \u00e9poca chegou \u00e0 Sele\u00e7\u00e3o Nacional.<\/p>\n<p>Voltou a estar muito bem no ano seguinte (com Jozef Venglos) mas na temporada 1984\/85 perdeu espa\u00e7o na equipa, sobretudo devido \u00e0 ascen\u00e7\u00e3o de Litos e \u00e0s contrata\u00e7\u00f5es de Jaime Pacheco e Sousa. John Toshack utilizou-o 17 vezes em toda a temporada. A 15 de Setembro de 1984 marcou o \u00faltimo golo de \u201cle\u00e3o ao peito\u201d frente ao Sp. Farense (2-0). Alinhou pela \u00faltima vez a 2 de Junho de 1985 no Sporting-V. Set\u00fabal (4-0) que fechou o Campeonato.<\/p>\n<p>Esteve um total de 5 \u00e9pocas no Sporting realizando 149 jogos e marcando 23 golos. Ganhou 2 Campeonatos Nacionais, uma Ta\u00e7a de Portugal e uma Superta\u00e7a. Foi um elemento de muito bom n\u00edvel numa fase de sucesso na equipa sportinguista. Tinha boa t\u00e9cnica, habilidade e engodo pela baliza. Foi duas vezes internacional A.<\/p>\n<p>Depois de sair do Sporting voltou a Braga (onde reside atualmente) tendo terminado a carreira relativamente cedo (com apenas 31 anos) no final da \u00e9poca 1986\/87.<\/p>\n<div class=\"tweetthis\" style=\"text-align:left;\"><p> <a target=\"_blank\" rel=\"nofollow\" class=\"tt\" href=\"http:\/\/twitter.com\/home\/?status=Lito+%E2%80%93+M%C3%A9dio+ofensivo+de+bom+n%C3%ADvel+https%3A%2F%2Fis.gd%2FiC2y8I\" title=\"Post to Twitter\"><img decoding=\"async\" class=\"nothumb\" src=\"http:\/\/www.sportingcanal.com\/wp-content\/plugins\/tweet-this\/icons\/en\/twitter\/tt-twitter6.png\" alt=\"Post to Twitter\" \/><\/a><\/p><\/div>","protected":false},"excerpt":{"rendered":"<p>Jos\u00e9 Elden de Ara\u00fajo Lobo J\u00fanior nasceu a 10 de Agosto de 1956 em Luanda \u2013 Angola. Come\u00e7ou bem cedo a mostrar qualidades com internacionaliza\u00e7\u00f5es nos escal\u00f5es jovens portugueses. &#8211; estava na altura no Vit\u00f3ria de Set\u00fabal, clube pelo qual subiu a s\u00e9nior. Ap\u00f3s 3 anos no Bonfim foi para Braga onde realizou duas magn\u00edficas [&hellip;]<\/p>\n","protected":false},"author":1,"featured_media":38442,"comment_status":"open","ping_status":"open","sticky":false,"template":"","format":"standard","meta":{"_et_pb_use_builder":"","_et_pb_old_content":"","_et_gb_content_width":"","footnotes":""},"categories":[63],"tags":[8,64],"_links":{"self":[{"href":"https:\/\/www.sportingcanal.com\/index.php?rest_route=\/wp\/v2\/posts\/2717"}],"collection":[{"href":"https:\/\/www.sportingcanal.com\/index.php?rest_route=\/wp\/v2\/posts"}],"about":[{"href":"https:\/\/www.sportingcanal.com\/index.php?rest_route=\/wp\/v2\/types\/post"}],"author":[{"embeddable":true,"href":"https:\/\/www.sportingcanal.com\/index.php?rest_route=\/wp\/v2\/users\/1"}],"replies":[{"embeddable":true,"href":"https:\/\/www.sportingcanal.com\/index.php?rest_route=%2Fwp%2Fv2%2Fcomments&post=2717"}],"version-history":[{"count":25,"href":"https:\/\/www.sportingcanal.com\/index.php?rest_route=\/wp\/v2\/posts\/2717\/revisions"}],"predecessor-version":[{"id":38443,"href":"https:\/\/www.sportingcanal.com\/index.php?rest_route=\/wp\/v2\/posts\/2717\/revisions\/38443"}],"wp:featuredmedia":[{"embeddable":true,"href":"https:\/\/www.sportingcanal.com\/index.php?rest_route=\/wp\/v2\/media\/38442"}],"wp:attachment":[{"href":"https:\/\/www.sportingcanal.com\/index.php?rest_route=%2Fwp%2Fv2%2Fmedia&parent=2717"}],"wp:term":[{"taxonomy":"category","embeddable":true,"href":"https:\/\/www.sportingcanal.com\/index.php?rest_route=%2Fwp%2Fv2%2Fcategories&post=2717"},{"taxonomy":"post_tag","embeddable":true,"href":"https:\/\/www.sportingcanal.com\/index.php?rest_route=%2Fwp%2Fv2%2Ftags&post=2717"}],"curies":[{"name":"wp","href":"https:\/\/api.w.org\/{rel}","templated":true}]}}