{"id":2741,"date":"2025-11-22T08:00:51","date_gmt":"2025-11-22T07:00:51","guid":{"rendered":"http:\/\/www.sportingcanal.com\/?p=2741"},"modified":"2025-11-22T12:51:55","modified_gmt":"2025-11-22T11:51:55","slug":"gomes-marcante-final-de-carreira-a-verde-e-branco","status":"publish","type":"post","link":"https:\/\/www.sportingcanal.com\/?p=2741","title":{"rendered":"Gomes \u2013 Marcante final de carreira a verde e branco"},"content":{"rendered":"<p>Fernando Gomes nasceu a 22 de Novembro de 1956 no Porto. Come\u00e7ou nos Salesianos de Pinto Bessa, mas foi no Futebol de Sal\u00e3o (ao servi\u00e7o do Sport Clube da Lomba) que despertou o interesse do FC Porto.<\/p>\n<p>Esteve no clube da \u201cinvicta\u201d desde as camadas jovens (1970\/71) at\u00e9 1989 (com 2 anos, entretanto, passados em Gijon). Pelos portistas ganhou tudo o que havia para ganhar a n\u00edvel individual e coletivo, mas desentendimentos internos fizeram-no abandonar o \u201cclube do seu cora\u00e7\u00e3o\u201d. Perante este desfecho Sousa Cintra n\u00e3o perdeu tempo e contratou-o.<\/p>\n<p>Chegou ao Sporting no Ver\u00e3o de 1989 estreando-se oficialmente (com o t\u00e9cnico Manuel Jos\u00e9) no 1\u00ba jogo oficial da temporada, frente ao Vit\u00f3ria de Guimar\u00e3es (3-2) a 20 de Agosto. Marcou o 1\u00ba golo a 10 de Setembro numa rece\u00e7\u00e3o ao Nacional da Madeira (2-0).\u00a0Logo nessa 1\u00aa temporada assumiu lugar de destaque na equipa fazendo uma dupla interessante com Cadete no ataque (remeteram Paulinho Cascavel para o banco de suplentes), uma simbiose entre a experi\u00eancia e a juventude. Numa \u00e9poca que correu muito mal em termos coletivos foi, ainda assim, o melhor marcador da equipa &#8211; mas com apenas 8 golos.<\/p>\n<p>No ano seguinte, com Marinho Peres, os sportinguistas fizeram uma temporada bem mais produtiva (apesar de terem terminado sem t\u00edtulos) sobretudo fruto da boa campanha na Ta\u00e7a UEFA. Apesar de ter sido essa a sua \u00faltima \u00e9poca como futebolista profissional, Gomes foi (a par de Leal) o jogador com mais presen\u00e7as na equipa (50) apontando 29 golos.\u00a0Despediu-se a 26 de Maio de 1991 com 1 golo no triunfo sobre o Gil Vicente (2-0).<\/p>\n<p>Totalizou duas \u00e9pocas, 79 jogos e 37 golos pelo Sporting. Foi em ambas as temporadas o melhor marcador da equipa. Apesar de ser uma figura incontornavelmente ligada ao FC Porto, deixou no Alvalade uma imagem de excelente profissional e goleador (o seu &#8220;ADN&#8221; ao longo de toda a carreira). Era possuidor dum excelente jogo de cabe\u00e7a e \u201ccheirava\u201d o golo como ningu\u00e9m.<\/p>\n<p>Foi 48 vezes internacional A (13 golos marcados) e um dos melhores atacantes da Hist\u00f3ria do Futebol portugu\u00eas. O Sporting orgulha-se de ter contado com ele nas suas fileiras, por um per\u00edodo curto mas significativo.<\/p>\n<p>Morreu a 26 de Novembro de 2022 v\u00edtima de doen\u00e7a prolongada numa altura em que era o l\u00edder da forma\u00e7\u00e3o do FC Porto. Deixou a imagem de um Homem correto, cordial e respeitado por todos os agentes do Futebol.<\/p>\n<table border=\"1\" width=\"281\" cellspacing=\"0\" cellpadding=\"0\">\n<tbody>\n<tr>\n<td colspan=\"5\" valign=\"top\" width=\"281\"><strong>GOLOS de GOMES no SPORTING<\/strong><\/td>\n<\/tr>\n<tr>\n<td valign=\"top\" width=\"73\">\u00c9POCA<\/td>\n<td valign=\"top\" width=\"45\">TU<\/td>\n<td valign=\"top\" width=\"45\">CN<\/td>\n<td valign=\"top\" width=\"45\">TP<\/td>\n<td valign=\"top\" width=\"72\">TOTAL<\/td>\n<\/tr>\n<tr>\n<td valign=\"top\" width=\"73\">1989\/90<\/td>\n<td valign=\"top\" width=\"45\">0<\/td>\n<td valign=\"top\" width=\"45\">8<\/td>\n<td valign=\"top\" width=\"45\">0<\/td>\n<td valign=\"top\" width=\"72\">8<\/td>\n<\/tr>\n<tr>\n<td valign=\"top\" width=\"73\">1990\/91<\/td>\n<td valign=\"top\" width=\"45\">5<\/td>\n<td valign=\"top\" width=\"45\">22<\/td>\n<td valign=\"top\" width=\"45\">2<\/td>\n<td valign=\"top\" width=\"72\">29<\/td>\n<\/tr>\n<tr>\n<td valign=\"top\" width=\"73\"><strong>Total<\/strong><\/td>\n<td valign=\"top\" width=\"45\"><strong>5<\/strong><\/td>\n<td valign=\"top\" width=\"45\"><strong>30<\/strong><\/td>\n<td valign=\"top\" width=\"45\"><strong>2<\/strong><\/td>\n<td valign=\"top\" width=\"72\"><strong>37<\/strong><\/td>\n<\/tr>\n<\/tbody>\n<\/table>\n<div class=\"tweetthis\" style=\"text-align:left;\"><p> <a target=\"_blank\" rel=\"nofollow\" class=\"tt\" href=\"http:\/\/twitter.com\/home\/?status=Gomes+%E2%80%93+Marcante+final+de+carreira+a+verde+e+branco+https%3A%2F%2Fis.gd%2FPPdeUH\" title=\"Post to Twitter\"><img decoding=\"async\" class=\"nothumb\" src=\"http:\/\/www.sportingcanal.com\/wp-content\/plugins\/tweet-this\/icons\/en\/twitter\/tt-twitter6.png\" alt=\"Post to Twitter\" \/><\/a><\/p><\/div>","protected":false},"excerpt":{"rendered":"<p>Fernando Gomes nasceu a 22 de Novembro de 1956 no Porto. Come\u00e7ou nos Salesianos de Pinto Bessa, mas foi no Futebol de Sal\u00e3o (ao servi\u00e7o do Sport Clube da Lomba) que despertou o interesse do FC Porto. Esteve no clube da \u201cinvicta\u201d desde as camadas jovens (1970\/71) at\u00e9 1989 (com 2 anos, entretanto, passados em [&hellip;]<\/p>\n","protected":false},"author":1,"featured_media":2742,"comment_status":"open","ping_status":"open","sticky":false,"template":"","format":"standard","meta":{"_et_pb_use_builder":"","_et_pb_old_content":"","_et_gb_content_width":"","footnotes":""},"categories":[63],"tags":[66,8],"_links":{"self":[{"href":"https:\/\/www.sportingcanal.com\/index.php?rest_route=\/wp\/v2\/posts\/2741"}],"collection":[{"href":"https:\/\/www.sportingcanal.com\/index.php?rest_route=\/wp\/v2\/posts"}],"about":[{"href":"https:\/\/www.sportingcanal.com\/index.php?rest_route=\/wp\/v2\/types\/post"}],"author":[{"embeddable":true,"href":"https:\/\/www.sportingcanal.com\/index.php?rest_route=\/wp\/v2\/users\/1"}],"replies":[{"embeddable":true,"href":"https:\/\/www.sportingcanal.com\/index.php?rest_route=%2Fwp%2Fv2%2Fcomments&post=2741"}],"version-history":[{"count":26,"href":"https:\/\/www.sportingcanal.com\/index.php?rest_route=\/wp\/v2\/posts\/2741\/revisions"}],"predecessor-version":[{"id":39296,"href":"https:\/\/www.sportingcanal.com\/index.php?rest_route=\/wp\/v2\/posts\/2741\/revisions\/39296"}],"wp:featuredmedia":[{"embeddable":true,"href":"https:\/\/www.sportingcanal.com\/index.php?rest_route=\/wp\/v2\/media\/2742"}],"wp:attachment":[{"href":"https:\/\/www.sportingcanal.com\/index.php?rest_route=%2Fwp%2Fv2%2Fmedia&parent=2741"}],"wp:term":[{"taxonomy":"category","embeddable":true,"href":"https:\/\/www.sportingcanal.com\/index.php?rest_route=%2Fwp%2Fv2%2Fcategories&post=2741"},{"taxonomy":"post_tag","embeddable":true,"href":"https:\/\/www.sportingcanal.com\/index.php?rest_route=%2Fwp%2Fv2%2Ftags&post=2741"}],"curies":[{"name":"wp","href":"https:\/\/api.w.org\/{rel}","templated":true}]}}