{"id":27502,"date":"2019-01-31T23:14:21","date_gmt":"2019-01-31T22:14:21","guid":{"rendered":"http:\/\/www.sportingcanal.com\/?p=27502"},"modified":"2019-02-04T01:16:06","modified_gmt":"2019-02-04T00:16:06","slug":"futebolista-do-mes-de-janeiro-de-2019-wendel","status":"publish","type":"post","link":"https:\/\/www.sportingcanal.com\/?p=27502","title":{"rendered":"Futebolista do m\u00eas de Janeiro de 2019 &#8211; Wendel"},"content":{"rendered":"<p><img loading=\"lazy\" decoding=\"async\" class=\"alignleft size-full wp-image-27504\" title=\"futebol - 2018-19 wendel\" src=\"http:\/\/www.sportingcanal.com\/wp-content\/uploads\/2019\/02\/futebol-2018-19-wendel.png\" alt=\"\" width=\"300\" height=\"300\" srcset=\"https:\/\/www.sportingcanal.com\/wp-content\/uploads\/2019\/02\/futebol-2018-19-wendel.png 300w, https:\/\/www.sportingcanal.com\/wp-content\/uploads\/2019\/02\/futebol-2018-19-wendel-150x150.png 150w\" sizes=\"(max-width: 300px) 100vw, 300px\" \/>A equipa principal do Sporting realizou 8 partidas oficiais no intenso m\u00eas de Janeiro.<\/p>\n<p>De acordo com as vota\u00e7\u00f5es de desempenho jogo a jogo atribu\u00eddas pelo site Sporting Canal, Wendel foi o melhor classificado do m\u00eas ao somar 50 pontos, seguido de Renan com 49 e Coates, tamb\u00e9m com 49.<\/p>\n<p>No que respeita \u00e0 corrida pelo t\u00edtulo de Futebolista da Temporada, Bruno Fernandes lidera com 221 pontos, seguido por Coates com 186 e Nani com 173.<\/p>\n<p>Em rela\u00e7\u00e3o ao melhor sportinguista em campo, Renan foi-o em Tondela e em Braga perante a equipa local. Bruno Fernandes foi o melhor na Feira para a Ta\u00e7a e em Set\u00fabal. Bruno Gaspar destacou-se na rece\u00e7\u00e3o ao Belenenses, Mathieu no Alvalade frente ao Porto, Acu\u00f1a perante o Moreirense e Wendel na final da Ta\u00e7a da Liga.<\/p>\n<p>Bas Dost e Bruno Fernandes, ambos com 2 golos, foram os goleadores do m\u00eas.<\/p>\n<table border=\"1\" cellspacing=\"0\" cellpadding=\"0\" width=\"432\">\n<tbody>\n<tr>\n<td colspan=\"4\" width=\"432\" valign=\"top\"><strong>JANEIRO DE 2019<\/strong><\/td>\n<\/tr>\n<tr>\n<td width=\"36\" valign=\"top\"><\/td>\n<td width=\"274\" valign=\"top\">FUTEBOLISTA<\/td>\n<td width=\"57\" valign=\"top\">Jogos<\/td>\n<td width=\"66\" valign=\"top\">PONTOS<\/td>\n<\/tr>\n<tr>\n<td width=\"36\" valign=\"top\">1<\/td>\n<td width=\"274\" valign=\"top\">Wendel<\/td>\n<td width=\"57\" valign=\"top\">8<\/td>\n<td width=\"66\" valign=\"top\">50<\/td>\n<\/tr>\n<tr>\n<td width=\"36\" valign=\"top\">2<\/td>\n<td width=\"274\" valign=\"top\">Renan<\/td>\n<td width=\"57\" valign=\"top\">7<\/td>\n<td width=\"66\" valign=\"top\">49<\/td>\n<\/tr>\n<tr>\n<td width=\"36\" valign=\"top\">3<\/td>\n<td width=\"274\" valign=\"top\">Coates<\/td>\n<td width=\"57\" valign=\"top\">8<\/td>\n<td width=\"66\" valign=\"top\">49<\/td>\n<\/tr>\n<tr>\n<td width=\"36\" valign=\"top\">4<\/td>\n<td width=\"274\" valign=\"top\">Bruno Fernandes<\/td>\n<td width=\"57\" valign=\"top\">7<\/td>\n<td width=\"66\" valign=\"top\">46<\/td>\n<\/tr>\n<tr>\n<td width=\"36\" valign=\"top\">5<\/td>\n<td width=\"274\" valign=\"top\">Nani<\/td>\n<td width=\"57\" valign=\"top\">8<\/td>\n<td width=\"66\" valign=\"top\">44<\/td>\n<\/tr>\n<tr>\n<td width=\"36\" valign=\"top\">6<\/td>\n<td width=\"274\" valign=\"top\">Mathieu<\/td>\n<td width=\"57\" valign=\"top\">6<\/td>\n<td width=\"66\" valign=\"top\">39<\/td>\n<\/tr>\n<tr>\n<td width=\"36\" valign=\"top\">7<\/td>\n<td width=\"274\" valign=\"top\">Bas Dost<\/td>\n<td width=\"57\" valign=\"top\">7<\/td>\n<td width=\"66\" valign=\"top\">39<\/td>\n<\/tr>\n<tr>\n<td width=\"36\" valign=\"top\">8<\/td>\n<td width=\"274\" valign=\"top\">Raphinha<\/td>\n<td width=\"57\" valign=\"top\">8<\/td>\n<td width=\"66\" valign=\"top\">39<\/td>\n<\/tr>\n<tr>\n<td width=\"36\" valign=\"top\">9<\/td>\n<td width=\"274\" valign=\"top\">Gudelj<\/td>\n<td width=\"57\" valign=\"top\">7<\/td>\n<td width=\"66\" valign=\"top\">36<\/td>\n<\/tr>\n<tr>\n<td width=\"36\" valign=\"top\">10<\/td>\n<td width=\"274\" valign=\"top\">Acu\u00f1a<\/td>\n<td width=\"57\" valign=\"top\">6<\/td>\n<td width=\"66\" valign=\"top\">35<\/td>\n<\/tr>\n<\/tbody>\n<\/table>\n<div class=\"tweetthis\" style=\"text-align:left;\"><p> <a target=\"_blank\" rel=\"nofollow\" class=\"tt\" href=\"http:\/\/twitter.com\/home\/?status=Futebolista+do+m%C3%AAs+de+Janeiro+de+2019+%E2%80%93+Wendel+https%3A%2F%2Fis.gd%2Fa4kL1p\" title=\"Post to Twitter\"><img decoding=\"async\" class=\"nothumb\" src=\"http:\/\/www.sportingcanal.com\/wp-content\/plugins\/tweet-this\/icons\/en\/twitter\/tt-twitter6.png\" alt=\"Post to Twitter\" \/><\/a><\/p><\/div>","protected":false},"excerpt":{"rendered":"<p>A equipa principal do Sporting realizou 8 partidas oficiais no intenso m\u00eas de Janeiro. De acordo com as vota\u00e7\u00f5es de desempenho jogo a jogo atribu\u00eddas pelo site Sporting Canal, Wendel foi o melhor classificado do m\u00eas ao somar 50 pontos, seguido de Renan com 49 e Coates, tamb\u00e9m com 49. No que respeita \u00e0 corrida [&hellip;]<\/p>\n","protected":false},"author":1,"featured_media":0,"comment_status":"open","ping_status":"closed","sticky":false,"template":"","format":"standard","meta":{"_et_pb_use_builder":"","_et_pb_old_content":"","_et_gb_content_width":"","footnotes":""},"categories":[6],"tags":[8,91],"_links":{"self":[{"href":"https:\/\/www.sportingcanal.com\/index.php?rest_route=\/wp\/v2\/posts\/27502"}],"collection":[{"href":"https:\/\/www.sportingcanal.com\/index.php?rest_route=\/wp\/v2\/posts"}],"about":[{"href":"https:\/\/www.sportingcanal.com\/index.php?rest_route=\/wp\/v2\/types\/post"}],"author":[{"embeddable":true,"href":"https:\/\/www.sportingcanal.com\/index.php?rest_route=\/wp\/v2\/users\/1"}],"replies":[{"embeddable":true,"href":"https:\/\/www.sportingcanal.com\/index.php?rest_route=%2Fwp%2Fv2%2Fcomments&post=27502"}],"version-history":[{"count":2,"href":"https:\/\/www.sportingcanal.com\/index.php?rest_route=\/wp\/v2\/posts\/27502\/revisions"}],"predecessor-version":[{"id":27505,"href":"https:\/\/www.sportingcanal.com\/index.php?rest_route=\/wp\/v2\/posts\/27502\/revisions\/27505"}],"wp:attachment":[{"href":"https:\/\/www.sportingcanal.com\/index.php?rest_route=%2Fwp%2Fv2%2Fmedia&parent=27502"}],"wp:term":[{"taxonomy":"category","embeddable":true,"href":"https:\/\/www.sportingcanal.com\/index.php?rest_route=%2Fwp%2Fv2%2Fcategories&post=27502"},{"taxonomy":"post_tag","embeddable":true,"href":"https:\/\/www.sportingcanal.com\/index.php?rest_route=%2Fwp%2Fv2%2Ftags&post=27502"}],"curies":[{"name":"wp","href":"https:\/\/api.w.org\/{rel}","templated":true}]}}