{"id":27600,"date":"2026-02-17T08:30:59","date_gmt":"2026-02-17T07:30:59","guid":{"rendered":"http:\/\/www.sportingcanal.com\/?p=27600"},"modified":"2026-02-18T14:52:19","modified_gmt":"2026-02-18T13:52:19","slug":"campeas-nacionais-de-atletismo-pista-coberta","status":"publish","type":"post","link":"https:\/\/www.sportingcanal.com\/?p=27600","title":{"rendered":"2019 \u2013 Campe\u00e3s nacionais de Atletismo em pista coberta pela 24\u00aa vez!"},"content":{"rendered":"<div id=\"_mcePaste\">17 de Fevereiro de 2019. As equipas de Atletismo do Sporting CP estiveram neste dia e na v\u00e9spera em a\u00e7\u00e3o no Campeonato Nacional de Clubes de Pista Coberta, que decorreram em Braga.<\/div>\n<div><\/div>\n<div id=\"_mcePaste\">Esteve em destaque a forma\u00e7\u00e3o feminina, que competiu em 6 provas, menos uma do que as disputadas pelo conjunto masculino.<\/div>\n<div><\/div>\n<div id=\"_mcePaste\">As atletas do Clube verde e branco evidenciaram-se com 5 vit\u00f3rias &#8211; salto em comprimento, 60 metros, 400 metros, 1500 metros e 3000 metros marcha.<\/div>\n<div id=\"_mcePaste\">No salto em altura foi conseguido o 2\u00ba posto, totalizando-se, desta forma, 47 pontos, mais 12 que o rival SL Benfica.<\/div>\n<div id=\"_mcePaste\"><\/div>\n<div>Por outro lado, a sorte n\u00e3o sorriu aos rapazes: apesar de terem come\u00e7ado o dia com vit\u00f3rias nos 60 metros, 1500 metros e 5000 metros marcha, nas disciplinas de salto em comprimento, 400 metros e salto em altura foi apenas alcan\u00e7ada a 2\u00aa posi\u00e7\u00e3o. J\u00e1 no salto com vara, Edi Maia n\u00e3o conseguiu qualquer pontua\u00e7\u00e3o.<\/div>\n<div><\/div>\n<div id=\"_mcePaste\">Contas feitas, no final do primeiro dia, a equipa masculina conseguiu 45 pontos, menos 8 do que o Clube da Luz.<\/div>\n<div><\/div>\n<div>FEMININOS<\/div>\n<div id=\"_mcePaste\">Altura &#8211; Anabela Neto \u2013 1m74cm \u2013 2.\u00ba lugar<\/div>\n<div id=\"_mcePaste\">Comprimento &#8211; Evelise Veiga 6m15cm &#8211;\u00a0 lugar<\/div>\n<div id=\"_mcePaste\">60m &#8211; Lorene Bazolo \u2013 7,30s \u2013 1.\u00ba lugar<\/div>\n<div id=\"_mcePaste\">400m &#8211; C\u00e1tia Azevedo \u2013 54,16s \u2013 1.\u00ba lugar<\/div>\n<div id=\"_mcePaste\">1500m &#8211; Salom\u00e9 Afonso \u2013 4m27,97s \u2013 1.\u00ba lugar<\/div>\n<div id=\"_mcePaste\">3000m marcha &#8211; Vit\u00f3ria Oliveira \u2013 13m28,26s \u2013 1.\u00ba lugar<\/div>\n<div><\/div>\n<div>MASCULINOS<\/div>\n<div id=\"_mcePaste\">Altura &#8211; Tiago Lu\u00eds Pereira \u2013 2m10cm m \u2013 2.\u00ba lugar<\/div>\n<div id=\"_mcePaste\">Comprimento &#8211; Miguel Paim Marques \u2013 7m13cm \u2013 2.\u00ba lugar<\/div>\n<div id=\"_mcePaste\">Vara &#8211; Edi Maia \u2013 nenhum salto v\u00e1lido<\/div>\n<div id=\"_mcePaste\">60m &#8211; Carlos Nascimento \u2013 6,69s \u2013 1.\u00ba lugar<\/div>\n<div id=\"_mcePaste\">400m &#8211; Andr\u00e9 Marques \u2013 48,96s \u2013 2.\u00ba lugar<\/div>\n<div id=\"_mcePaste\">1500m &#8211; Paulo Ros\u00e1rio \u2013 3m48,15s \u2013 1.\u00ba lugar<\/div>\n<div id=\"_mcePaste\">5000m marcha &#8211; Jo\u00e3o Vieira \u2013 20m19,15s \u2013 1.\u00ba lugar<\/div>\n<div><\/div>\n<div>No segundo dia as leoas conseguiram manter o ritmo vitorioso e assim ganhar por uma larga vantagem mais um t\u00edtulo (o 24\u00ba).<\/div>\n<div id=\"_mcePaste\">Desta feita o nosso clube alcan\u00e7ou mais 4 primeiros lugares, 2 segundos e 1 terceiro, totalizando 52 pontos. Estes, somados com os 47 conseguidos na v\u00e9spera, perfizeram os 99 pontos que deram a 1\u00aa posi\u00e7\u00e3o \u00e0s leoas. No 2\u00ba posto ficou o SL Benfica com 85 pontos.<\/div>\n<div id=\"_mcePaste\"><\/div>\n<div>Os pap\u00e9is inverteram-se na vertente masculina, que n\u00e3o conseguiu dar a volta ao resultado menos positivo do dia anterior, terminando assim a sua presta\u00e7\u00e3o na 2\u00aa posi\u00e7\u00e3o.<\/div>\n<div id=\"_mcePaste\">Apesar de Nuno Pereira ter sido o primeiro na disciplina dos 800 metros, os seus colegas n\u00e3o foram al\u00e9m do 2\u00ba posto. Contas feitas, os le\u00f5es fizeram 88 pontos, menos 12 do que o advers\u00e1rio que ficou em 1\u00ba lugar, o SL Benfica.<\/div>\n<div><\/div>\n<div>FEMININOS<\/div>\n<div id=\"_mcePaste\">Peso &#8211; J\u00e9ssica Inchude \u2013 16m13cm \u2013 2.\u00ba lugar<\/div>\n<div id=\"_mcePaste\">Triplo Salto &#8211; Patr\u00edcia Mamona \u2013 14m01cm \u2013 1.\u00ba lugar<\/div>\n<div id=\"_mcePaste\">Vara &#8211; Maria Leonor Tavares \u2013 4m10cm \u2013 1.\u00ba lugar<\/div>\n<div id=\"_mcePaste\">800m &#8211; Salom\u00e9 Afonso \u2013 2m08,77s \u2013 2.\u00ba lugar<\/div>\n<div id=\"_mcePaste\">3000m &#8211; Ana Mafalda Ferreira \u2013 9m39,60s \u2013 3.\u00ba lugar<\/div>\n<div id=\"_mcePaste\">60m barreiras &#8211; Ol\u00edmpia Barbosa \u2013 8,24s \u2013 1.\u00ba lugar<\/div>\n<div id=\"_mcePaste\">4 x 400m &#8211; 3m48,60s \u2013 1.\u00ba lugar<\/div>\n<div><\/div>\n<div>MASCULINOS<\/div>\n<div id=\"_mcePaste\">800m &#8211; Nuno Pereira \u2013 1m53,41s \u2013 1.\u00balugar<\/div>\n<div id=\"_mcePaste\">Peso: Marco Fortes \u2013 18m58cm \u2013 2.\u00ba lugar<\/div>\n<div id=\"_mcePaste\">3000m &#8211; Eduardo Mbengani \u2013 8m20,85s \u2013 2.\u00ba lugar<\/div>\n<div id=\"_mcePaste\">Triplo Salto &#8211; N\u00e9lson \u00c9vora \u2013 16m77cm \u2013 2.\u00ba lugar<\/div>\n<div id=\"_mcePaste\">60m barreiras &#8211; Rasul Dabo \u2013 7,97s \u2013 2.\u00ba lugar<\/div>\n<div id=\"_mcePaste\">4 x 400m &#8211; 3m17,45s \u2013 2.\u00ba lugar<\/div>\n<div class=\"tweetthis\" style=\"text-align:left;\"><p> <a target=\"_blank\" rel=\"nofollow\" class=\"tt\" href=\"http:\/\/twitter.com\/home\/?status=2019+%E2%80%93+Campe%C3%A3s+nacionais+de+Atletismo+em+pista+coberta+pela+24%C2%AA+vez%21+https%3A%2F%2Fis.gd%2FhEtueJ\" title=\"Post to Twitter\"><img decoding=\"async\" class=\"nothumb\" src=\"http:\/\/www.sportingcanal.com\/wp-content\/plugins\/tweet-this\/icons\/en\/twitter\/tt-twitter6.png\" alt=\"Post to Twitter\" \/><\/a><\/p><\/div>","protected":false},"excerpt":{"rendered":"<p>17 de Fevereiro de 2019. As equipas de Atletismo do Sporting CP estiveram neste dia e na v\u00e9spera em a\u00e7\u00e3o no Campeonato Nacional de Clubes de Pista Coberta, que decorreram em Braga. Esteve em destaque a forma\u00e7\u00e3o feminina, que competiu em 6 provas, menos uma do que as disputadas pelo conjunto masculino. As atletas do [&hellip;]<\/p>\n","protected":false},"author":1,"featured_media":39665,"comment_status":"open","ping_status":"closed","sticky":false,"template":"","format":"standard","meta":{"_et_pb_use_builder":"","_et_pb_old_content":"","_et_gb_content_width":"","footnotes":""},"categories":[17],"tags":[],"_links":{"self":[{"href":"https:\/\/www.sportingcanal.com\/index.php?rest_route=\/wp\/v2\/posts\/27600"}],"collection":[{"href":"https:\/\/www.sportingcanal.com\/index.php?rest_route=\/wp\/v2\/posts"}],"about":[{"href":"https:\/\/www.sportingcanal.com\/index.php?rest_route=\/wp\/v2\/types\/post"}],"author":[{"embeddable":true,"href":"https:\/\/www.sportingcanal.com\/index.php?rest_route=\/wp\/v2\/users\/1"}],"replies":[{"embeddable":true,"href":"https:\/\/www.sportingcanal.com\/index.php?rest_route=%2Fwp%2Fv2%2Fcomments&post=27600"}],"version-history":[{"count":10,"href":"https:\/\/www.sportingcanal.com\/index.php?rest_route=\/wp\/v2\/posts\/27600\/revisions"}],"predecessor-version":[{"id":39666,"href":"https:\/\/www.sportingcanal.com\/index.php?rest_route=\/wp\/v2\/posts\/27600\/revisions\/39666"}],"wp:featuredmedia":[{"embeddable":true,"href":"https:\/\/www.sportingcanal.com\/index.php?rest_route=\/wp\/v2\/media\/39665"}],"wp:attachment":[{"href":"https:\/\/www.sportingcanal.com\/index.php?rest_route=%2Fwp%2Fv2%2Fmedia&parent=27600"}],"wp:term":[{"taxonomy":"category","embeddable":true,"href":"https:\/\/www.sportingcanal.com\/index.php?rest_route=%2Fwp%2Fv2%2Fcategories&post=27600"},{"taxonomy":"post_tag","embeddable":true,"href":"https:\/\/www.sportingcanal.com\/index.php?rest_route=%2Fwp%2Fv2%2Ftags&post=27600"}],"curies":[{"name":"wp","href":"https:\/\/api.w.org\/{rel}","templated":true}]}}