{"id":27721,"date":"2026-03-10T09:30:05","date_gmt":"2026-03-10T08:30:05","guid":{"rendered":"http:\/\/www.sportingcanal.com\/?p=27721"},"modified":"2026-03-14T14:22:26","modified_gmt":"2026-03-14T13:22:26","slug":"atletismo-campeoes-nacionais-de-corta-mato-em-ambos-os-sexos","status":"publish","type":"post","link":"https:\/\/www.sportingcanal.com\/?p=27721","title":{"rendered":"2019 \u2013 Campe\u00f5es Nacionais de corta-mato em ambos os sexos!"},"content":{"rendered":"<div id=\"_mcePaste\">\n<p class=\"MsoNormal\" style=\"margin-bottom: .0001pt;\">10 de Mar\u00e7o de 2019. Decorreu neste domingo, no Parque da Bela Vista, em Lisboa, o Campeonato Nacional de Corta-mato, onde o Sporting Clube de Portugal foi o grande vencedor ao somar os t\u00edtulos colectivos de ambos os sexos.<\/p>\n<p class=\"MsoNormal\" style=\"margin-bottom: .0001pt;\">Na prova masculina, o benfiquista Rui Pinto, campe\u00e3o nacional h\u00e1 2 anos, e que este ano impressionara no nacional de dist\u00e2ncia curta, ainda andou na frente, mas acabou por desistir antes da \u00faltima volta, cedendo aos ataques de Lic\u00ednio Pimentel (40 anos) e Rui Teixeira (37 anos), ambos do Sporting.<\/p>\n<p class=\"MsoNormal\" style=\"margin-bottom: .0001pt;\">Na \u00faltima volta, as posi\u00e7\u00f5es ficaram bem vincadas, com Rui Teixeira, campe\u00e3o em 2018, a conseguir ser mais forte no sprint, obtendo o seu 2\u00ba triunfo consecutivo, 7 segundos \u00e0 frente de Lic\u00ednio Pimentel, atleta que desde 2006 se classifica sempre no \u2018top 9\u2019, repetindo o t\u00edtulo de vice-campe\u00e3o obtido em 2015 e 2017. No 3\u00ba lugar, chegou o mais jovem &#8211; Miguel Marques, a 21 segundos do vencedor.<\/p>\n<p class=\"MsoNormal\" style=\"margin-bottom: .0001pt;\">Nuno Costa, do Maia, ficou na 4\u00aa posi\u00e7\u00e3o, enquanto Ant\u00f3nio Silva fechou a contagem para a classifica\u00e7\u00e3o leonina por equipas (conquista do t\u00edtulo \u2013 4\u00ba consecutivo), alcan\u00e7ando o 5\u00ba lugar individual.<\/p>\n<p class=\"MsoNormal\" style=\"margin-bottom: .0001pt;\">Na vertente feminina o Sporting foi tamb\u00e9m o vencedor por equipas.<\/p>\n<p class=\"MsoNormal\" style=\"margin-bottom: .0001pt;\">Dulce F\u00e9lix, que depois de ter sido 2\u00aa em 2016 e de ter estado ausente em 2017 e 2018, por ter sido m\u00e3e, obteve o seu 7\u00ba t\u00edtulo de campe\u00e3 nacional, ficando a 1 t\u00edtulo apenas da mais campe\u00e3 &#8211; Rosa Mota. A benfiquista foi paciente, jogou a sua cartada na hora certa, isolou-se e cortou a meta 5 segundos antes da nossa Catarina Ribeiro (campe\u00e3 em 2018) que estava em 3\u00ba lugar \u00e0 entrada da \u00faltima volta, mas que foi recuperando e na descida final passou mesmo para o 2\u00ba lugar, \u00e0 custa de Salom\u00e9 Rocha (outra leoa), que regressou ap\u00f3s longa paragem, ficando a 11 segundos da campe\u00e3.<\/p>\n<p class=\"MsoNormal\" style=\"margin-bottom: .0001pt;\">Sara Moreira (que j\u00e1 foi vice-campe\u00e3 por 5 vezes!) ficou no 4\u00ba lugar e Ana Mafalda Ferreira fechou a equipa na 6\u00aa posi\u00e7\u00e3o, o que permitiu ao coletivo totalizar 15 pontos, menos 28 do que o 2\u00ba classificado, o Recreio Desportivo de \u00c1gueda.<\/p>\n<p class=\"MsoNormal\" style=\"margin-bottom: .0001pt;\">MASCULINOS<\/p>\n<p class=\"MsoNormal\" style=\"margin-bottom: .0001pt;\">1.\u00ba Rui Teixeira &#8211; 32m25s<\/p>\n<p class=\"MsoNormal\" style=\"margin-bottom: .0001pt;\">2.\u00ba Lic\u00ednio Pimentel &#8211; 32m33s<\/p>\n<p class=\"MsoNormal\" style=\"margin-bottom: .0001pt;\">3.\u00ba Miguel Marques &#8211; 32m47s<\/p>\n<p class=\"MsoNormal\" style=\"margin-bottom: .0001pt;\">5.\u00ba Ant\u00f3nio Silva &#8211; 33m07s<\/p>\n<p class=\"MsoNormal\" style=\"margin-bottom: .0001pt;\">1.\u00ba Sporting CP &#8211; 11 pontos<\/p>\n<p class=\"MsoNormal\" style=\"margin-bottom: .0001pt;\">FEMININOS<\/p>\n<p class=\"MsoNormal\" style=\"margin-bottom: .0001pt;\">2.\u00ba Sara Catarina Ribeiro &#8211; 29m07s<\/p>\n<p class=\"MsoNormal\" style=\"margin-bottom: .0001pt;\">3.\u00ba Carla Salom\u00e9 Rocha &#8211; 29m14s<\/p>\n<p class=\"MsoNormal\" style=\"margin-bottom: .0001pt;\">4.\u00ba Sara Moreira &#8211; 29m26s<\/p>\n<p class=\"MsoNormal\" style=\"margin-bottom: .0001pt;\">6.\u00ba Ana Mafalda Ferreira &#8211; 30m08s<\/p>\n<p class=\"MsoNormal\" style=\"margin-bottom: .0001pt; line-height: normal; mso-layout-grid-align: none; text-autospace: none;\"><span style=\"font-size: 11.0pt; line-height: 115%; font-family: &amp;quot; calibri&amp;quot;,&amp;quot;sans-serif&amp;quot;; mso-ascii-theme-font: minor-latin; mso-fareast-font-family: Calibri; mso-fareast-theme-font: minor-latin; mso-hansi-theme-font: minor-latin; mso-bidi-theme-font: minor-latin; mso-ansi-language: PT; mso-fareast-language: EN-US; mso-bidi-language: AR-SA;\">1.\u00ba &#8211; Sporting CP &#8211; 15 pontos<\/span><\/p>\n<\/div>\n<div class=\"tweetthis\" style=\"text-align:left;\"><p> <a target=\"_blank\" rel=\"nofollow\" class=\"tt\" href=\"http:\/\/twitter.com\/home\/?status=2019+%E2%80%93+Campe%C3%B5es+Nacionais+de+corta-mato+em+ambos+os+sexos%21+https%3A%2F%2Fis.gd%2Fre04gm\" title=\"Post to Twitter\"><img decoding=\"async\" class=\"nothumb\" src=\"http:\/\/www.sportingcanal.com\/wp-content\/plugins\/tweet-this\/icons\/en\/twitter\/tt-twitter6.png\" alt=\"Post to Twitter\" \/><\/a><\/p><\/div>","protected":false},"excerpt":{"rendered":"<p>10 de Mar\u00e7o de 2019. Decorreu neste domingo, no Parque da Bela Vista, em Lisboa, o Campeonato Nacional de Corta-mato, onde o Sporting Clube de Portugal foi o grande vencedor ao somar os t\u00edtulos colectivos de ambos os sexos. Na prova masculina, o benfiquista Rui Pinto, campe\u00e3o nacional h\u00e1 2 anos, e que este ano [&hellip;]<\/p>\n","protected":false},"author":1,"featured_media":39802,"comment_status":"open","ping_status":"closed","sticky":false,"template":"","format":"standard","meta":{"_et_pb_use_builder":"","_et_pb_old_content":"","_et_gb_content_width":"","footnotes":""},"categories":[17],"tags":[21,48,104],"_links":{"self":[{"href":"https:\/\/www.sportingcanal.com\/index.php?rest_route=\/wp\/v2\/posts\/27721"}],"collection":[{"href":"https:\/\/www.sportingcanal.com\/index.php?rest_route=\/wp\/v2\/posts"}],"about":[{"href":"https:\/\/www.sportingcanal.com\/index.php?rest_route=\/wp\/v2\/types\/post"}],"author":[{"embeddable":true,"href":"https:\/\/www.sportingcanal.com\/index.php?rest_route=\/wp\/v2\/users\/1"}],"replies":[{"embeddable":true,"href":"https:\/\/www.sportingcanal.com\/index.php?rest_route=%2Fwp%2Fv2%2Fcomments&post=27721"}],"version-history":[{"count":13,"href":"https:\/\/www.sportingcanal.com\/index.php?rest_route=\/wp\/v2\/posts\/27721\/revisions"}],"predecessor-version":[{"id":39803,"href":"https:\/\/www.sportingcanal.com\/index.php?rest_route=\/wp\/v2\/posts\/27721\/revisions\/39803"}],"wp:featuredmedia":[{"embeddable":true,"href":"https:\/\/www.sportingcanal.com\/index.php?rest_route=\/wp\/v2\/media\/39802"}],"wp:attachment":[{"href":"https:\/\/www.sportingcanal.com\/index.php?rest_route=%2Fwp%2Fv2%2Fmedia&parent=27721"}],"wp:term":[{"taxonomy":"category","embeddable":true,"href":"https:\/\/www.sportingcanal.com\/index.php?rest_route=%2Fwp%2Fv2%2Fcategories&post=27721"},{"taxonomy":"post_tag","embeddable":true,"href":"https:\/\/www.sportingcanal.com\/index.php?rest_route=%2Fwp%2Fv2%2Ftags&post=27721"}],"curies":[{"name":"wp","href":"https:\/\/api.w.org\/{rel}","templated":true}]}}